{"id":127079,"date":"2026-03-05T17:24:34","date_gmt":"2026-03-05T14:24:34","guid":{"rendered":"https:\/\/mersingazetesi.com\/?p=127079"},"modified":"2026-03-05T17:24:34","modified_gmt":"2026-03-05T14:24:34","slug":"enerji-hayaleti-geri-dondu","status":"publish","type":"post","link":"https:\/\/mersingazetesi.com\/index.php\/2026\/03\/05\/enerji-hayaleti-geri-dondu\/","title":{"rendered":"Enerji Hayaleti Geri D\u00f6nd\u00fc"},"content":{"rendered":"<p>Avrupa, son iki y\u0131ld\u0131r kendini bir ba\u015far\u0131 hik\u00e2yesiyle avutuyordu. Rus gaz\u0131na ba\u011f\u0131ml\u0131l\u0131\u011f\u0131 azaltt\u0131\u011f\u0131n\u0131, depolar\u0131n\u0131 doldurdu\u011funu, LNG terminallerini art\u0131rd\u0131\u011f\u0131n\u0131 ve \u201cbir daha asla\u201d demek istedi\u011fi enerji krizini geride b\u0131rakt\u0131\u011f\u0131n\u0131 d\u00fc\u015f\u00fcn\u00fcyordu.<\/p>\n<p>Ama tarih, \u00f6zellikle enerji tarihi, rehaveti affetmez.<\/p>\n<p>ABD Ba\u015fkan\u0131 Donald Trump\u2019\u0131n \u0130ran\u2019a y\u00f6nelik sald\u0131r\u0131 karar\u0131 ve Orta Do\u011fu\u2019daki g\u00fc\u00e7 dengesini yeniden \u015fekillendirme hamlesi, Avrupa\u2019n\u0131n unuttu\u011funu sand\u0131\u011f\u0131 bir ger\u00e7e\u011fi yeniden hat\u0131rlatt\u0131: Enerji g\u00fcvenli\u011fi jeopolitikten ba\u011f\u0131ms\u0131z de\u011fildir. Ve sava\u015f, en \u00e7ok piyasalar\u0131 vurur.<\/p>\n<h3>Rakamlar Korkunun Dili<\/h3>\n<p>Avrupa\u2019n\u0131n referans do\u011falgaz piyasas\u0131 olan TTF\u2019de fiyatlar\u0131n birka\u00e7 g\u00fcn i\u00e7inde megawatt-saat ba\u015f\u0131na 31,9 eurodan 54,3 euroya f\u0131rlamas\u0131 sadece ekonomik bir veri de\u011fildir. Bu art\u0131\u015f; panik, belirsizlik ve risk alg\u0131s\u0131n\u0131n fiyatlara yans\u0131mas\u0131d\u0131r.<\/p>\n<p>Piyasa \u015funu soruyor:<br \/>\nH\u00fcrm\u00fcz Bo\u011faz\u0131 kapan\u0131rsa ne olur?<br \/>\nKatar LNG \u00fcretimini k\u0131sarsa Avrupa ne yapar?<br \/>\nSava\u015f haftalar de\u011fil, aylar s\u00fcrerse faturay\u0131 kim \u00f6der?<\/p>\n<p>Katar d\u00fcnyan\u0131n en b\u00fcy\u00fck LNG tedarik\u00e7ilerinden biri. H\u00fcrm\u00fcz Bo\u011faz\u0131 ise k\u00fcresel enerji ak\u0131\u015f\u0131n\u0131n \u015fah damar\u0131. O damar s\u0131k\u0131\u015ft\u0131\u011f\u0131nda, sadece tankerler de\u011fil, ekonomiler de nefessiz kal\u0131r.<\/p>\n<h3>Avrupa\u2019n\u0131n Alarm Zilleri<\/h3>\n<p>Hollanda Ba\u015fbakan\u0131\u2019n\u0131n \u201cgerekirse ekstra \u00f6nlemler al\u0131r\u0131z\u201d a\u00e7\u0131klamas\u0131 bir temkin mesaj\u0131.<br \/>\n\u0130spanya Ba\u015fbakan\u0131\u2019n\u0131n hane halk\u0131 ve i\u015fletmeler i\u00e7in destek senaryolar\u0131 haz\u0131rlad\u0131klar\u0131n\u0131 s\u00f6ylemesi ise yakla\u015fan dalgan\u0131n fark\u0131nda olundu\u011funu g\u00f6steriyor.<br \/>\nFransa Cumhurba\u015fkan\u0131\u2019n\u0131n H\u00fcrm\u00fcz, S\u00fcvey\u015f ve K\u0131z\u0131ldeniz i\u00e7in uluslararas\u0131 askeri koalisyon \u00e7a\u011fr\u0131s\u0131 yapmas\u0131 ise i\u015fin art\u0131k sadece ekonomik de\u011fil, g\u00fcvenlik boyutuna da ta\u015f\u0131nd\u0131\u011f\u0131n\u0131 ortaya koyuyor.<\/p>\n<p>Avrupa liderleri biliyor: Enerji fiyatlar\u0131 sadece faturalar\u0131 de\u011fil, sand\u0131klar\u0131 da etkiler.<\/p>\n<h3>Avrupa\u2019n\u0131n K\u0131r\u0131lgan Ger\u00e7e\u011fi<\/h3>\n<p>Rusya-Ukrayna sava\u015f\u0131 sonras\u0131 Avrupa kendini alternatif kaynaklarla g\u00fcvenceye ald\u0131\u011f\u0131n\u0131 d\u00fc\u015f\u00fcnd\u00fc. Ancak o alternatiflerin b\u00fcy\u00fck k\u0131sm\u0131 yine jeopolitik riskli b\u00f6lgelerden geliyor. LNG ba\u011f\u0131ml\u0131l\u0131\u011f\u0131, Rus gaz\u0131n\u0131n yerini ald\u0131 ama k\u0131r\u0131lganl\u0131\u011f\u0131 ortadan kald\u0131rmad\u0131.<\/p>\n<p>Enerji piyasas\u0131 bir domino ta\u015flar\u0131 sistemi gibidir. \u0130ran-\u0130srail hatt\u0131nda patlayan bir kriz, Berlin\u2019deki sanayiciyi, Madrid\u2019deki esnaf\u0131, Paris\u2019teki t\u00fcketiciyi etkiler.<\/p>\n<p>Avrupa i\u00e7in as\u0131l soru \u015fu:<br \/>\nEnerji arz\u0131n\u0131 \u00e7e\u015fitlendirmek yeterli mi, yoksa art\u0131k enerji \u00fcretiminde ger\u00e7ek ba\u011f\u0131ms\u0131zl\u0131k m\u0131 gerekiyor?<\/p>\n<h3>Bu Sava\u015f Kimin Krizi?<\/h3>\n<p>Trump\u2019\u0131n \u0130ran hamlesi Orta Do\u011fu\u2019daki g\u00fc\u00e7 dengelerini de\u011fi\u015ftirmeyi hedefliyor olabilir. Ancak enerji piyasalar\u0131 i\u00e7in bunun anlam\u0131 belirsizliktir. Ve belirsizlik her zaman fiyat demektir.<\/p>\n<p>Avrupa Birli\u011fi bir kez daha \u015funu \u00f6\u011freniyor:<br \/>\nEnerji, ekonomi politikas\u0131 de\u011fil; jeopolitik bir meseledir.<\/p>\n<p>Sava\u015f uzad\u0131k\u00e7a fiyatlar y\u00fckselirse, en b\u00fcy\u00fck y\u00fck\u00fc kim ta\u015f\u0131yacak?<br \/>\nDevletler mi?<br \/>\n\u015eirketler mi?<br \/>\nYoksa yine vatanda\u015f m\u0131?<\/p>\n<p>Enerji krizi Avrupa i\u00e7in bir hayalet de\u011fil art\u0131k. Kap\u0131y\u0131 \u00e7alan bir ger\u00e7ek.<\/p>\n<p>Ve g\u00f6r\u00fcnen o ki bu kez mesele sadece gaz de\u011fil; g\u00fcvenlik, siyaset ve k\u00fcresel g\u00fc\u00e7 m\u00fccadelesinin tam merkezinde duran bir k\u0131r\u0131lganl\u0131k.<\/p>\n<p>Avrupa yeniden s\u0131navda.<br \/>\nSoru \u015fu: Bu kez haz\u0131rl\u0131kl\u0131 m\u0131?<\/p>\n<div>\n<div class=\"adm\">\n<div id=\"q_50\" class=\"ajR h4\" data-tooltip=\"Geni\u015fletilen i\u00e7eri\u011fi gizleyin\" aria-label=\"Geni\u015fletilen i\u00e7eri\u011fi gizleyin\" aria-expanded=\"true\"><\/div>\n<\/div>\n<\/div>\n","protected":false},"excerpt":{"rendered":"<p>Avrupa, son iki y\u0131ld\u0131r kendini bir ba\u015far\u0131 hik\u00e2yesiyle avutuyordu. Rus gaz\u0131na ba\u011f\u0131ml\u0131l\u0131\u011f\u0131 azaltt\u0131\u011f\u0131n\u0131, depolar\u0131n\u0131 doldurdu\u011funu, LNG terminallerini art\u0131rd\u0131\u011f\u0131n\u0131 ve \u201cbir daha asla\u201d demek istedi\u011fi enerji krizini geride b\u0131rakt\u0131\u011f\u0131n\u0131 d\u00fc\u015f\u00fcn\u00fcyordu. Ama tarih, \u00f6zellikle enerji tarihi, rehaveti affetmez. ABD Ba\u015fkan\u0131 Donald Trump\u2019\u0131n \u0130ran\u2019a y\u00f6nelik sald\u0131r\u0131 karar\u0131 ve Orta Do\u011fu\u2019daki g\u00fc\u00e7 dengesini yeniden \u015fekillendirme hamlesi, Avrupa\u2019n\u0131n unuttu\u011funu sand\u0131\u011f\u0131 [&hellip;]<\/p>\n","protected":false},"author":27,"featured_media":126042,"comment_status":"open","ping_status":"open","sticky":false,"template":"","format":"standard","meta":{"footnotes":""},"categories":[112],"tags":[],"class_list":["post-127079","post","type-post","status-publish","format-standard","has-post-thumbnail","hentry","category-umut-can-erkan"],"views":545,"_links":{"self":[{"href":"https:\/\/mersingazetesi.com\/index.php\/wp-json\/wp\/v2\/posts\/127079","targetHints":{"allow":["GET"]}}],"collection":[{"href":"https:\/\/mersingazetesi.com\/index.php\/wp-json\/wp\/v2\/posts"}],"about":[{"href":"https:\/\/mersingazetesi.com\/index.php\/wp-json\/wp\/v2\/types\/post"}],"author":[{"embeddable":true,"href":"https:\/\/mersingazetesi.com\/index.php\/wp-json\/wp\/v2\/users\/27"}],"replies":[{"embeddable":true,"href":"https:\/\/mersingazetesi.com\/index.php\/wp-json\/wp\/v2\/comments?post=127079"}],"version-history":[{"count":1,"href":"https:\/\/mersingazetesi.com\/index.php\/wp-json\/wp\/v2\/posts\/127079\/revisions"}],"predecessor-version":[{"id":127080,"href":"https:\/\/mersingazetesi.com\/index.php\/wp-json\/wp\/v2\/posts\/127079\/revisions\/127080"}],"wp:featuredmedia":[{"embeddable":true,"href":"https:\/\/mersingazetesi.com\/index.php\/wp-json\/wp\/v2\/media\/126042"}],"wp:attachment":[{"href":"https:\/\/mersingazetesi.com\/index.php\/wp-json\/wp\/v2\/media?parent=127079"}],"wp:term":[{"taxonomy":"category","embeddable":true,"href":"https:\/\/mersingazetesi.com\/index.php\/wp-json\/wp\/v2\/categories?post=127079"},{"taxonomy":"post_tag","embeddable":true,"href":"https:\/\/mersingazetesi.com\/index.php\/wp-json\/wp\/v2\/tags?post=127079"}],"curies":[{"name":"wp","href":"https:\/\/api.w.org\/{rel}","templated":true}]}}