{"id":127051,"date":"2026-03-05T12:36:59","date_gmt":"2026-03-05T09:36:59","guid":{"rendered":"https:\/\/mersingazetesi.com\/?p=127051"},"modified":"2026-03-05T12:36:59","modified_gmt":"2026-03-05T09:36:59","slug":"tarsus-ilce-emniyet-mudurlugune-berat-guncicek-atandi","status":"publish","type":"post","link":"https:\/\/mersingazetesi.com\/index.php\/2026\/03\/05\/tarsus-ilce-emniyet-mudurlugune-berat-guncicek-atandi\/","title":{"rendered":"Tarsus \u0130l\u00e7e Emniyet M\u00fcd\u00fcrl\u00fc\u011f\u00fcne Berat G\u00fcn\u00e7i\u00e7ek atand\u0131"},"content":{"rendered":"<p><strong class=\"searchword\">Mersin<\/strong>\u2019in Tarsus il\u00e7esinde \u0130l\u00e7e Emniyet M\u00fcd\u00fcrl\u00fc\u011f\u00fc g\u00f6revine Berat G\u00fcn\u00e7i\u00e7ek atand\u0131. G\u00fcn\u00e7i\u00e7ek, g\u00f6revine ba\u015flamas\u0131n\u0131n ard\u0131ndan Kaymakam Mehmet Ali Aky\u00fcz taraf\u0131ndan ziyaret edildi.<br \/>\nTarsus Kaymakam\u0131 Aky\u00fcz, \u0130l\u00e7e Emniyet M\u00fcd\u00fcr\u00fc G\u00fcn\u00e7i\u00e7ek\u2019e yeni g\u00f6revinde ba\u015far\u0131lar dileyerek, kamu d\u00fczeninin sa\u011flanmas\u0131 ve vatanda\u015flar\u0131n huzurunun korunmas\u0131 noktas\u0131nda kurumlar aras\u0131 i\u015f birli\u011finin \u00f6nemine dikkat \u00e7ekti.<br \/>\nEmniyet M\u00fcd\u00fcr\u00fc G\u00fcn\u00e7i\u00e7ek ise Tarsus\u2019ta g\u00fcvenlik ve asayi\u015fin temini i\u00e7in t\u00fcm ekiplerle birlikte \u00f6zveriyle \u00e7al\u0131\u015facaklar\u0131n\u0131 ifade etti.<\/p>\n","protected":false},"excerpt":{"rendered":"<p>Mersin\u2019in Tarsus il\u00e7esinde \u0130l\u00e7e Emniyet M\u00fcd\u00fcrl\u00fc\u011f\u00fc g\u00f6revine Berat G\u00fcn\u00e7i\u00e7ek atand\u0131. G\u00fcn\u00e7i\u00e7ek, g\u00f6revine ba\u015flamas\u0131n\u0131n ard\u0131ndan Kaymakam Mehmet Ali Aky\u00fcz taraf\u0131ndan ziyaret edildi. Tarsus Kaymakam\u0131 Aky\u00fcz, \u0130l\u00e7e Emniyet M\u00fcd\u00fcr\u00fc G\u00fcn\u00e7i\u00e7ek\u2019e yeni g\u00f6revinde ba\u015far\u0131lar dileyerek, kamu d\u00fczeninin sa\u011flanmas\u0131 ve vatanda\u015flar\u0131n huzurunun korunmas\u0131 noktas\u0131nda kurumlar aras\u0131 i\u015f birli\u011finin \u00f6nemine dikkat \u00e7ekti. Emniyet M\u00fcd\u00fcr\u00fc G\u00fcn\u00e7i\u00e7ek ise Tarsus\u2019ta g\u00fcvenlik ve asayi\u015fin [&hellip;]<\/p>\n","protected":false},"author":2,"featured_media":127052,"comment_status":"open","ping_status":"open","sticky":false,"template":"","format":"standard","meta":{"footnotes":""},"categories":[1],"tags":[],"class_list":["post-127051","post","type-post","status-publish","format-standard","has-post-thumbnail","hentry","category-gundem"],"views":377,"_links":{"self":[{"href":"https:\/\/mersingazetesi.com\/index.php\/wp-json\/wp\/v2\/posts\/127051","targetHints":{"allow":["GET"]}}],"collection":[{"href":"https:\/\/mersingazetesi.com\/index.php\/wp-json\/wp\/v2\/posts"}],"about":[{"href":"https:\/\/mersingazetesi.com\/index.php\/wp-json\/wp\/v2\/types\/post"}],"author":[{"embeddable":true,"href":"https:\/\/mersingazetesi.com\/index.php\/wp-json\/wp\/v2\/users\/2"}],"replies":[{"embeddable":true,"href":"https:\/\/mersingazetesi.com\/index.php\/wp-json\/wp\/v2\/comments?post=127051"}],"version-history":[{"count":1,"href":"https:\/\/mersingazetesi.com\/index.php\/wp-json\/wp\/v2\/posts\/127051\/revisions"}],"predecessor-version":[{"id":127053,"href":"https:\/\/mersingazetesi.com\/index.php\/wp-json\/wp\/v2\/posts\/127051\/revisions\/127053"}],"wp:featuredmedia":[{"embeddable":true,"href":"https:\/\/mersingazetesi.com\/index.php\/wp-json\/wp\/v2\/media\/127052"}],"wp:attachment":[{"href":"https:\/\/mersingazetesi.com\/index.php\/wp-json\/wp\/v2\/media?parent=127051"}],"wp:term":[{"taxonomy":"category","embeddable":true,"href":"https:\/\/mersingazetesi.com\/index.php\/wp-json\/wp\/v2\/categories?post=127051"},{"taxonomy":"post_tag","embeddable":true,"href":"https:\/\/mersingazetesi.com\/index.php\/wp-json\/wp\/v2\/tags?post=127051"}],"curies":[{"name":"wp","href":"https:\/\/api.w.org\/{rel}","templated":true}]}}