{"id":127048,"date":"2026-03-05T12:04:08","date_gmt":"2026-03-05T09:04:08","guid":{"rendered":"https:\/\/mersingazetesi.com\/?p=127048"},"modified":"2026-03-05T12:04:08","modified_gmt":"2026-03-05T09:04:08","slug":"semih-palamut-yerel-yonetim-ve-mahalle-is-birligi-gucleniyor","status":"publish","type":"post","link":"https:\/\/mersingazetesi.com\/index.php\/2026\/03\/05\/semih-palamut-yerel-yonetim-ve-mahalle-is-birligi-gucleniyor\/","title":{"rendered":"Semih Palamut: Yerel Y\u00f6netim ve Mahalle \u0130\u015f Birli\u011fi G\u00fc\u00e7leniyor"},"content":{"rendered":"<div id=\"message-htmlpart1\" class=\"message-htmlpart\">\n<div id=\"message-htmlpart1\" class=\"rcmBody\">\n<div dir=\"ltr\">Cumhuriyet Halk Partisi Akdeniz \u0130l\u00e7e Ba\u015fkan\u0131 Semih Palamut, G\u00fcndo\u011fdu Mahalle Muhtar\u0131 Abdurrahim Ulusal&#8217;a ger\u00e7ekle\u015ftirilen ziyarete ili\u015fkin a\u00e7\u0131klamada bulundu.<\/p>\n<p>G\u00dcNDO\u011eDU MAHALLES\u0130&#8217;NE Z\u0130YARET<\/p>\n<p>Cumhuriyet Halk Partisi Akdeniz \u0130l\u00e7e Ba\u015fkan\u0131 Semih Palamut, Muhtarl\u0131k Daire Ba\u015fkan\u0131 Soner Yetkin, CHP \u0130l y\u00f6neticisi Yusuf Aytekin, Akdeniz \u0130l\u00e7e Meclis \u00dcyesi Ahmet Demiralev ve Akdeniz \u0130l\u00e7e Gen\u00e7lik Kollar\u0131 Ba\u015fkan\u0131 Mehmet Cihangir ile birlikte G\u00fcndo\u011fdu Mahalle Muhtar\u0131 Abdurrahim Ulusal&#8217;\u0131 ziyaret etti.<\/p>\n<p>Ger\u00e7ekle\u015fen ziyarette mahalleye ili\u015fkin \u00e7al\u0131\u015fmalar ve yerel y\u00f6netim hizmetleri hakk\u0131nda de\u011ferlendirmelerde bulunuldu.<\/p>\n<p>MAHALLELER\u0130N \u0130HT\u0130YA\u00c7LARI MASAYA YATIRILDI<\/p>\n<p>Semih Palamut, ziyaret s\u0131ras\u0131nda mahallede ya\u015fayan vatanda\u015flar\u0131n talepleri ve ihtiya\u00e7lar\u0131n\u0131n ele al\u0131nd\u0131\u011f\u0131n\u0131 belirterek, yerel y\u00f6netim ile mahalle y\u00f6netimi aras\u0131ndaki ileti\u015fimin \u00f6nemine dikkat \u00e7ekti.<\/p>\n<p>Palamut, mahallelerin sorunlar\u0131n\u0131n yerinde tespit edilmesinin \u00e7\u00f6z\u00fcm s\u00fcre\u00e7lerini h\u0131zland\u0131rd\u0131\u011f\u0131n\u0131 ifade etti.<\/p>\n<p>ORTAK \u00c7ALI\u015eMA VURGUSU<\/p>\n<p>Cumhuriyet Halk Partisi Akdeniz \u0130l\u00e7e Ba\u015fkan\u0131 Semih Palamut, mahalle muhtarlar\u0131yla kurulan g\u00fc\u00e7l\u00fc ileti\u015fimin kent y\u00f6netiminde \u00f6nemli bir rol oynad\u0131\u011f\u0131n\u0131 belirterek, G\u00fcndo\u011fdu Mahallesi i\u00e7in yap\u0131lacak \u00e7al\u0131\u015fmalar\u0131n i\u015f birli\u011fi i\u00e7inde s\u00fcrd\u00fcr\u00fclece\u011fini ifade etti.<\/p><\/div>\n<\/div>\n<\/div>\n<p class=\"image-attachment\">\n","protected":false},"excerpt":{"rendered":"<p>Cumhuriyet Halk Partisi Akdeniz \u0130l\u00e7e Ba\u015fkan\u0131 Semih Palamut, G\u00fcndo\u011fdu Mahalle Muhtar\u0131 Abdurrahim Ulusal&#8217;a ger\u00e7ekle\u015ftirilen ziyarete ili\u015fkin a\u00e7\u0131klamada bulundu. G\u00dcNDO\u011eDU MAHALLES\u0130&#8217;NE Z\u0130YARET Cumhuriyet Halk Partisi Akdeniz \u0130l\u00e7e Ba\u015fkan\u0131 Semih Palamut, Muhtarl\u0131k Daire Ba\u015fkan\u0131 Soner Yetkin, CHP \u0130l y\u00f6neticisi Yusuf Aytekin, Akdeniz \u0130l\u00e7e Meclis \u00dcyesi Ahmet Demiralev ve Akdeniz \u0130l\u00e7e Gen\u00e7lik Kollar\u0131 Ba\u015fkan\u0131 Mehmet Cihangir ile birlikte [&hellip;]<\/p>\n","protected":false},"author":2,"featured_media":127049,"comment_status":"open","ping_status":"open","sticky":false,"template":"","format":"standard","meta":{"footnotes":""},"categories":[1],"tags":[],"class_list":["post-127048","post","type-post","status-publish","format-standard","has-post-thumbnail","hentry","category-gundem"],"views":1257,"_links":{"self":[{"href":"https:\/\/mersingazetesi.com\/index.php\/wp-json\/wp\/v2\/posts\/127048","targetHints":{"allow":["GET"]}}],"collection":[{"href":"https:\/\/mersingazetesi.com\/index.php\/wp-json\/wp\/v2\/posts"}],"about":[{"href":"https:\/\/mersingazetesi.com\/index.php\/wp-json\/wp\/v2\/types\/post"}],"author":[{"embeddable":true,"href":"https:\/\/mersingazetesi.com\/index.php\/wp-json\/wp\/v2\/users\/2"}],"replies":[{"embeddable":true,"href":"https:\/\/mersingazetesi.com\/index.php\/wp-json\/wp\/v2\/comments?post=127048"}],"version-history":[{"count":1,"href":"https:\/\/mersingazetesi.com\/index.php\/wp-json\/wp\/v2\/posts\/127048\/revisions"}],"predecessor-version":[{"id":127050,"href":"https:\/\/mersingazetesi.com\/index.php\/wp-json\/wp\/v2\/posts\/127048\/revisions\/127050"}],"wp:featuredmedia":[{"embeddable":true,"href":"https:\/\/mersingazetesi.com\/index.php\/wp-json\/wp\/v2\/media\/127049"}],"wp:attachment":[{"href":"https:\/\/mersingazetesi.com\/index.php\/wp-json\/wp\/v2\/media?parent=127048"}],"wp:term":[{"taxonomy":"category","embeddable":true,"href":"https:\/\/mersingazetesi.com\/index.php\/wp-json\/wp\/v2\/categories?post=127048"},{"taxonomy":"post_tag","embeddable":true,"href":"https:\/\/mersingazetesi.com\/index.php\/wp-json\/wp\/v2\/tags?post=127048"}],"curies":[{"name":"wp","href":"https:\/\/api.w.org\/{rel}","templated":true}]}}