{"id":127045,"date":"2026-03-05T12:03:31","date_gmt":"2026-03-05T09:03:31","guid":{"rendered":"https:\/\/mersingazetesi.com\/?p=127045"},"modified":"2026-03-05T12:03:31","modified_gmt":"2026-03-05T09:03:31","slug":"ucus-guvenligi-sorusuna-tek-kelime-yok","status":"publish","type":"post","link":"https:\/\/mersingazetesi.com\/index.php\/2026\/03\/05\/ucus-guvenligi-sorusuna-tek-kelime-yok\/","title":{"rendered":"&#8220;U\u00c7U\u015e G\u00dcVENL\u0130\u011e\u0130 SORUSUNA TEK KEL\u0130ME YOK!&#8221;"},"content":{"rendered":"<p>CHP Mersin Milletvekili G\u00fclcan K\u0131\u015f&#8217;\u0131n, T\u00fcrk Hava Yollar\u0131 ve i\u015ftiraklerinde g\u00f6rev yapan u\u00e7ucu personelden gelen ciddi iddialar \u00fczerine Ula\u015ft\u0131rma ve Altyap\u0131 Bakan\u0131 Abdulkadir Uralo\u011flu&#8217;na y\u00f6neltti\u011fi 18 maddelik yaz\u0131l\u0131 soru \u00f6nergesine verilen yan\u0131t tart\u0131\u015fma yaratt\u0131.<\/p>\n<p>K\u0131\u015f&#8217;\u0131n; u\u00e7u\u015f g\u00fcvenli\u011fi, kronik yorgunluk, teknik ar\u0131za kay\u0131tlar\u0131, &#8220;Daily Check&#8221; kontrolleri, yak\u0131t bask\u0131s\u0131, e\u015fit i\u015fe e\u015fit \u00fccret, vergi uygulamalar\u0131ndaki farkl\u0131l\u0131klar, sendikal s\u00fcre\u00e7ler ve personel haklar\u0131na ili\u015fkin somut sorular\u0131na Bakanl\u0131k yaln\u0131zca tek paragrafla cevap verdi.<\/p>\n<p>Bakanl\u0131\u011f\u0131n cevab\u0131nda, T\u00fcrk Hava Yollar\u0131&#8217;n\u0131n T\u00fcrk Ticaret Kanunu ve SPK mevzuat\u0131na g\u00f6re faaliyet g\u00f6steren bir \u00f6zel hukuk t\u00fczel ki\u015fisi oldu\u011fu ve halka a\u00e7\u0131k \u015firket olarak y\u00fck\u00fcml\u00fcl\u00fcklerini yerine getirdi\u011fi ifadeleri yer ald\u0131. Ancak 18 sorudan hi\u00e7birine ayr\u0131 ayr\u0131 yan\u0131t verilmedi.<\/p>\n<p>&nbsp;<\/p>\n<p>U\u00c7U\u015e EMN\u0130YET\u0130NE DA\u0130R TEK C\u00dcMLE YOK<\/p>\n<p>\u00d6nergede \u00f6zellikle \u015fu iddialar yer al\u0131yordu:<\/p>\n<p>U\u00e7ucu ekiplerde kronik yorgunluk olu\u015ftu\u011fu,<br \/>\nZorlu co\u011frafyalara s\u00fcrekli ayn\u0131 kaptanlar\u0131n planland\u0131\u011f\u0131,<br \/>\nU\u00e7u\u015f sonras\u0131 mesai d\u0131\u015f\u0131nda zorunlu raporlamalar\u0131n dayat\u0131ld\u0131\u011f\u0131,<br \/>\n&#8220;Daily Check&#8221; kontrollerinin 15 dakikada y\u00fczeysel yap\u0131ld\u0131\u011f\u0131,<br \/>\nTeknik ar\u0131za ve hatal\u0131 u\u00e7u\u015f planlar\u0131n\u0131n aksiyon al\u0131nmadan kapat\u0131ld\u0131\u011f\u0131,<br \/>\nFazladan yak\u0131t al\u0131m istatistikleri \u00fczerinden dolayl\u0131 bask\u0131 uyguland\u0131\u011f\u0131,<br \/>\n\u00dcniformalar\u0131n i\u015f sa\u011fl\u0131\u011f\u0131 a\u00e7\u0131s\u0131ndan yetersiz oldu\u011fu,<br \/>\nSa\u011fl\u0131k raporu alan personele maa\u015f kesintisi uyguland\u0131\u011f\u0131,<br \/>\nVergi uygulamalar\u0131nda \u015firket i\u00e7inde farkl\u0131 muamele bulundu\u011fu,<br \/>\nSendikal s\u00fcre\u00e7lerde \u015feffafl\u0131k sorunu ya\u015fand\u0131\u011f\u0131 iddialar\u0131.<br \/>\nBakanl\u0131k bu ba\u015fl\u0131klar\u0131n hi\u00e7birine &#8220;do\u011frudur&#8221; ya da &#8220;yanl\u0131\u015ft\u0131r&#8221; demedi.<\/p>\n<p>&nbsp;<\/p>\n<p>K\u0131\u015f: &#8220;Ben \u015firket yap\u0131s\u0131n\u0131 de\u011fil, u\u00e7u\u015f g\u00fcvenli\u011fini sordum&#8221;<\/p>\n<p>CHP&#8217;li G\u00fclcan K\u0131\u015f, verilen yan\u0131t\u0131n Meclis denetim yetkisini fiilen yok sayd\u0131\u011f\u0131n\u0131 belirterek \u015fu de\u011ferlendirmede bulundu:<\/p>\n<p>&#8220;Ben THY&#8217;nin ticari stat\u00fcs\u00fcn\u00fc sormad\u0131m. U\u00e7u\u015f g\u00fcvenli\u011fini sordum. Daily Check&#8217;lerin nas\u0131l yap\u0131ld\u0131\u011f\u0131n\u0131 sordum. Kronik yorgunluk iddialar\u0131n\u0131 sordum. Hatal\u0131 u\u00e7u\u015f planlar\u0131n\u0131n s\u00fcmen alt\u0131 edilip edilmedi\u011fini sordum. Personel \u00fczerinde yak\u0131t bask\u0131s\u0131 var m\u0131 diye sordum. 18 maddelik somut soruya tek paragraf genel ge\u00e7er cevap verildi. Bu kabul edilemez.&#8221;<\/p>\n<p>K\u0131\u015f, Sivil Havac\u0131l\u0131k Genel M\u00fcd\u00fcrl\u00fc\u011f\u00fc&#8217;n\u00fcn Ula\u015ft\u0131rma ve Altyap\u0131 Bakanl\u0131\u011f\u0131&#8217;na ba\u011fl\u0131 oldu\u011funu hat\u0131rlatarak, u\u00e7u\u015f emniyetinin &#8220;\u00f6zel hukuk \u015firketi&#8221; gerek\u00e7esiyle denetim d\u0131\u015f\u0131 b\u0131rak\u0131lamayaca\u011f\u0131n\u0131 vurgulad\u0131.<\/p>\n<p>&nbsp;<\/p>\n<p>&#8220;THY&#8217;YE S\u0130YAS\u0130 KALKAN MI VAR?&#8221;<\/p>\n<p>K\u0131\u015f, kamuoyunda uzun s\u00fcredir tart\u0131\u015f\u0131lan bir ba\u015fka noktaya da dikkat \u00e7ekti. T\u00fcrk Hava Yollar\u0131 Y\u00f6netim Kurulu Ba\u015fkan\u0131 Ahmet Bolat ile Ticaret Bakan\u0131 \u00d6mer Bolat&#8217;\u0131n karde\u015f oldu\u011funu hat\u0131rlatan K\u0131\u015f, \u015fu soruyu y\u00f6neltti:<\/p>\n<p>&#8220;Ula\u015ft\u0131rma Bakanl\u0131\u011f\u0131, THY&#8217;ye y\u00f6nelik denetim sorumlulu\u011funu yerine getirmiyor mu? U\u00e7u\u015f g\u00fcvenli\u011fi iddialar\u0131na neden tek kelime yan\u0131t verilmiyor? THY y\u00f6netimi siyasi bir koruma kalkan\u0131 alt\u0131nda m\u0131?&#8221;<\/p>\n<p>K\u0131\u015f, kamu pay\u0131 bulunan ve T\u00fcrkiye&#8217;nin bayrak ta\u015f\u0131y\u0131c\u0131s\u0131 konumundaki bir \u015firketin Meclis denetimi d\u0131\u015f\u0131nda tutulamayaca\u011f\u0131n\u0131 ifade etti.<\/p>\n<p>&nbsp;<\/p>\n<p>&#8220;BU YANIT SORUMLULUKTAN KA\u00c7I\u015eTIR&#8221;<\/p>\n<p>CHP&#8217;li K\u0131\u015f a\u00e7\u0131klamas\u0131nda \u015fu ifadeleri kulland\u0131:<\/p>\n<p>&#8220;THY yaln\u0131zca bir ticari \u015firket de\u011fildir. Bu \u00fclkenin bayrak ta\u015f\u0131y\u0131c\u0131s\u0131d\u0131r. Yolcu g\u00fcvenli\u011fi, u\u00e7u\u015f emniyeti ve \u00e7al\u0131\u015fan sa\u011fl\u0131\u011f\u0131 kamu sorumlulu\u011fudur. Ula\u015ft\u0131rma Bakan\u0131 Say\u0131n Abdulkadir Uralo\u011flu, bu sorulara cevap vermek zorundad\u0131r. &#8216;\u00d6zel hukuk&#8217; c\u00fcmlesinin arkas\u0131na saklanarak u\u00e7u\u015f g\u00fcvenli\u011fi tart\u0131\u015fmalar\u0131 ge\u00e7i\u015ftirilemez. Bu cevap bir yan\u0131t de\u011fil, sorumluluktan ka\u00e7\u0131\u015ft\u0131r.&#8221;<\/p>\n<p>&nbsp;<\/p>\n<p>KONUNUN TAK\u0130P\u00c7\u0130S\u0130 OLACA\u011eIZ<\/p>\n<p>K\u0131\u015f, konuyu yeniden TBMM g\u00fcndemine ta\u015f\u0131yaca\u011f\u0131n\u0131 belirterek, u\u00e7u\u015f g\u00fcvenli\u011fine ili\u015fkin iddialar\u0131n kamuoyu \u00f6n\u00fcnde \u015feffaf bi\u00e7imde a\u00e7\u0131kl\u0131\u011fa kavu\u015fturulmas\u0131 gerekti\u011fini s\u00f6yledi.<\/p>\n<p>&#8220;U\u00e7u\u015f g\u00fcvenli\u011fi sorusuna tek kelime yoksa, burada ciddi bir problem vard\u0131r. Bu konunun \u00fczerini \u00f6rtt\u00fcrmeyece\u011fiz.&#8221;<\/p>\n<p>&nbsp;<\/p>\n<p>&nbsp;<\/p>\n","protected":false},"excerpt":{"rendered":"<p>CHP Mersin Milletvekili G\u00fclcan K\u0131\u015f&#8217;\u0131n, T\u00fcrk Hava Yollar\u0131 ve i\u015ftiraklerinde g\u00f6rev yapan u\u00e7ucu personelden gelen ciddi iddialar \u00fczerine Ula\u015ft\u0131rma ve Altyap\u0131 Bakan\u0131 Abdulkadir Uralo\u011flu&#8217;na y\u00f6neltti\u011fi 18 maddelik yaz\u0131l\u0131 soru \u00f6nergesine verilen yan\u0131t tart\u0131\u015fma yaratt\u0131. K\u0131\u015f&#8217;\u0131n; u\u00e7u\u015f g\u00fcvenli\u011fi, kronik yorgunluk, teknik ar\u0131za kay\u0131tlar\u0131, &#8220;Daily Check&#8221; kontrolleri, yak\u0131t bask\u0131s\u0131, e\u015fit i\u015fe e\u015fit \u00fccret, vergi uygulamalar\u0131ndaki farkl\u0131l\u0131klar, sendikal [&hellip;]<\/p>\n","protected":false},"author":2,"featured_media":127046,"comment_status":"open","ping_status":"open","sticky":false,"template":"","format":"standard","meta":{"footnotes":""},"categories":[1],"tags":[],"class_list":["post-127045","post","type-post","status-publish","format-standard","has-post-thumbnail","hentry","category-gundem"],"views":339,"_links":{"self":[{"href":"https:\/\/mersingazetesi.com\/index.php\/wp-json\/wp\/v2\/posts\/127045","targetHints":{"allow":["GET"]}}],"collection":[{"href":"https:\/\/mersingazetesi.com\/index.php\/wp-json\/wp\/v2\/posts"}],"about":[{"href":"https:\/\/mersingazetesi.com\/index.php\/wp-json\/wp\/v2\/types\/post"}],"author":[{"embeddable":true,"href":"https:\/\/mersingazetesi.com\/index.php\/wp-json\/wp\/v2\/users\/2"}],"replies":[{"embeddable":true,"href":"https:\/\/mersingazetesi.com\/index.php\/wp-json\/wp\/v2\/comments?post=127045"}],"version-history":[{"count":1,"href":"https:\/\/mersingazetesi.com\/index.php\/wp-json\/wp\/v2\/posts\/127045\/revisions"}],"predecessor-version":[{"id":127047,"href":"https:\/\/mersingazetesi.com\/index.php\/wp-json\/wp\/v2\/posts\/127045\/revisions\/127047"}],"wp:featuredmedia":[{"embeddable":true,"href":"https:\/\/mersingazetesi.com\/index.php\/wp-json\/wp\/v2\/media\/127046"}],"wp:attachment":[{"href":"https:\/\/mersingazetesi.com\/index.php\/wp-json\/wp\/v2\/media?parent=127045"}],"wp:term":[{"taxonomy":"category","embeddable":true,"href":"https:\/\/mersingazetesi.com\/index.php\/wp-json\/wp\/v2\/categories?post=127045"},{"taxonomy":"post_tag","embeddable":true,"href":"https:\/\/mersingazetesi.com\/index.php\/wp-json\/wp\/v2\/tags?post=127045"}],"curies":[{"name":"wp","href":"https:\/\/api.w.org\/{rel}","templated":true}]}}