{"id":127038,"date":"2026-03-05T11:46:15","date_gmt":"2026-03-05T08:46:15","guid":{"rendered":"https:\/\/mersingazetesi.com\/?p=127038"},"modified":"2026-03-05T11:46:15","modified_gmt":"2026-03-05T08:46:15","slug":"kuresel-gerilimde-turkiyenin-gucu-mersinin-stratejik-onemi","status":"publish","type":"post","link":"https:\/\/mersingazetesi.com\/index.php\/2026\/03\/05\/kuresel-gerilimde-turkiyenin-gucu-mersinin-stratejik-onemi\/","title":{"rendered":"K\u00dcRESEL GER\u0130L\u0130MDE T\u00dcRK\u0130YE\u2019N\u0130N G\u00dcC\u00dc, MERS\u0130N\u2019\u0130N STRATEJ\u0130K \u00d6NEM\u0130"},"content":{"rendered":"<p style=\"text-align: justify;\">Mersin Sanayicileri ve \u0130\u015f \u0130nsanlar\u0131 Derne\u011fi (MES\u0130AD) Ba\u015fkan\u0131 <strong>Adnan G\u00fcndo\u011fdu<\/strong>, Ortado\u011fu\u2019da ya\u015fanan son geli\u015fmelere ili\u015fkin yapt\u0131\u011f\u0131 a\u00e7\u0131klamada \u015fu ifadelere yer verdi:<\/p>\n<p style=\"text-align: justify;\">Ortado\u011fu\u2019da son d\u00f6nemde ya\u015fanan geli\u015fmeler ve ABD\u2013\u0130srail ile \u0130ran aras\u0131nda artan gerilim, yaln\u0131zca b\u00f6lge \u00fclkelerini de\u011fil, k\u00fcresel dengeleri de yak\u0131ndan etkileyen kritik bir s\u00fcreci beraberinde getirmektedir. B\u00f6ylesine hassas bir d\u00f6nemde T\u00fcrkiye\u2019nin sergiledi\u011fi sa\u011fduyulu, dengeli ve kararl\u0131 duru\u015f; \u00fclkemizin uluslararas\u0131 arenadaki g\u00fc\u00e7l\u00fc konumunu bir kez daha ortaya koymaktad\u0131r.<\/p>\n<p style=\"text-align: justify;\">Bu s\u00fcre\u00e7te devlet akl\u0131n\u0131 \u00f6nceleyen, milli menfaatlerimizi merkeze alan yakla\u015f\u0131m\u0131 ve kararl\u0131 liderli\u011fi dolay\u0131s\u0131yla Cumhurba\u015fkan\u0131m\u0131z Say\u0131n <strong>Recep Tayyip Erdo\u011fan\u2019a<\/strong> te\u015fekk\u00fcrlerini ifade eden G\u00fcndo\u011fdu, T\u00fcrkiye\u2019nin bar\u0131\u015ftan yana, istikrardan yana ve b\u00f6lgesel huzuru \u00f6nceleyen politikas\u0131n\u0131n \u00fclkemizin g\u00fcven veren duru\u015funu t\u00fcm d\u00fcnyaya g\u00f6sterdi\u011fini belirtti.<\/p>\n<p style=\"text-align: justify;\">Milliyet\u00e7i Hareket Partisi Genel Ba\u015fkan\u0131 Say\u0131n <strong>Devlet Bah\u00e7eli\u2019nin<\/strong> uzun s\u00fcredir vurgulad\u0131\u011f\u0131 birlik, beraberlik ve milli dayan\u0131\u015fma \u00e7a\u011fr\u0131lar\u0131n\u0131n ne kadar yerinde oldu\u011funun Ortado\u011fu\u2019da ya\u015fanan son geli\u015fmelerle bir kez daha ortaya \u00e7\u0131kt\u0131\u011f\u0131n\u0131 ifade eden G\u00fcndo\u011fdu, b\u00f6ylesine kritik d\u00f6nemlerde millet olarak ortak ak\u0131l ve milli birlik etraf\u0131nda kenetlenmenin \u00f6nemine dikkat \u00e7ekti. G\u00fcndo\u011fdu ayr\u0131ca Say\u0131n Bah\u00e7eli\u2019ye de \u00fclkemizin birlik ve b\u00fct\u00fcnl\u00fc\u011f\u00fcn\u00fc \u00f6nceleyen g\u00fc\u00e7l\u00fc mesajlar\u0131 i\u00e7in te\u015fekk\u00fcr etti.<\/p>\n<p style=\"text-align: justify;\">B\u00f6lgede ya\u015fanan geli\u015fmelerin en kritik noktalar\u0131ndan birinin <strong>H\u00fcrm\u00fcz Bo\u011faz\u0131<\/strong> \u00fczerindeki gerilim oldu\u011funa dikkat \u00e7eken G\u00fcndo\u011fdu, d\u00fcnya enerji ve ticaret yollar\u0131n\u0131n en stratejik ge\u00e7itlerinden biri olan bu bo\u011fazdan g\u00fcnl\u00fck yakla\u015f\u0131k 20 milyon varilin \u00fczerinde petrol sevkiyat\u0131 yap\u0131ld\u0131\u011f\u0131n\u0131 ve k\u00fcresel petrol ticaretinin \u00f6nemli bir b\u00f6l\u00fcm\u00fcn\u00fcn bu dar ge\u00e7itten ger\u00e7ekle\u015fti\u011fini ifade etti.<\/p>\n<p style=\"text-align: justify;\">\u0130ran\u2019\u0131n H\u00fcrm\u00fcz Bo\u011faz\u0131\u2019n\u0131 kapatmas\u0131 ihtimalinin yaln\u0131zca b\u00f6lge \u00fclkelerini de\u011fil, d\u00fcnya ticaretini ve enerji piyasalar\u0131n\u0131 do\u011frudan etkileyebilecek ciddi bir k\u00fcresel risk anlam\u0131na geldi\u011fini belirten G\u00fcndo\u011fdu, b\u00f6yle bir tabloda alternatif ticaret ve lojistik hatlar\u0131n\u0131n \u00f6neminin her zamankinden daha fazla artt\u0131\u011f\u0131n\u0131 vurgulad\u0131.<\/p>\n<p style=\"text-align: justify;\">Bu noktada <strong>Akdeniz\u2019in en stratejik liman \u015fehirlerinden biri olan Mersin\u2019in<\/strong>, yaln\u0131zca T\u00fcrkiye i\u00e7in de\u011fil b\u00f6lgesel ve k\u00fcresel ticaret a\u00e7\u0131s\u0131ndan da kritik bir merkez haline geldi\u011fini ifade eden G\u00fcndo\u011fdu, Mersin\u2019in g\u00fc\u00e7l\u00fc liman\u0131, geli\u015fmi\u015f lojistik altyap\u0131s\u0131, organize sanayi b\u00f6lgeleri, serbest b\u00f6lgesi ve \u00fcretim g\u00fcc\u00fc ile <strong>b\u00f6lgenin g\u00fcvenli liman\u0131<\/strong> olma \u00f6zelli\u011fini her ge\u00e7en g\u00fcn daha da peki\u015ftirdi\u011fini belirtti.<\/p>\n<p style=\"text-align: justify;\">K\u00fcresel ticaret yollar\u0131nda ya\u015fanan belirsizliklerin <strong>Mersin Liman\u0131\u2019n\u0131n stratejik \u00f6nemini daha da art\u0131rd\u0131\u011f\u0131n\u0131<\/strong> dile getiren G\u00fcndo\u011fdu, bununla birlikte daha \u00f6nce de kamuoyu ile payla\u015ft\u0131klar\u0131 <strong>Ta\u015fucu Ceyport Liman\u0131\u2019n\u0131n<\/strong> b\u00f6lge i\u00e7in ta\u015f\u0131d\u0131\u011f\u0131 stratejik de\u011ferin de bug\u00fcn \u00e7ok daha net g\u00f6r\u00fcld\u00fc\u011f\u00fcn\u00fc ifade etti. G\u00fcndo\u011fdu, Do\u011fu Akdeniz\u2019de yeni bir lojistik ve ticaret kap\u0131s\u0131 olacak Ta\u015fucu Ceyport Liman\u0131\u2019n\u0131n hem T\u00fcrkiye\u2019nin deniz ticaret kapasitesini art\u0131raca\u011f\u0131n\u0131 hem de Mersin\u2019i uluslararas\u0131 ticaret a\u011flar\u0131nda daha g\u00fc\u00e7l\u00fc bir merkez haline getirece\u011fini kaydetti.<\/p>\n<p style=\"text-align: justify;\">Ayr\u0131ca Mersin\u2019e kazand\u0131r\u0131lmas\u0131 planlanan <strong>tersane yat\u0131r\u0131m\u0131<\/strong>n\u0131n da yaln\u0131zca \u015fehir ekonomisi i\u00e7in de\u011fil, T\u00fcrkiye\u2019nin denizcilik, gemi bak\u0131m-onar\u0131m ve savunma sanayii kapasitesi a\u00e7\u0131s\u0131ndan son derece stratejik bir ad\u0131m olaca\u011f\u0131n\u0131 ifade eden G\u00fcndo\u011fdu, b\u00f6yle bir yat\u0131r\u0131m\u0131n Mersin\u2019i Do\u011fu Akdeniz\u2019de \u00fcretim, lojistik ve denizcilik alanlar\u0131nda \u00e7ok daha g\u00fc\u00e7l\u00fc bir konuma ta\u015f\u0131yaca\u011f\u0131n\u0131 belirtti.<\/p>\n<p style=\"text-align: justify;\">Mersin\u2019in liman\u0131, sanayisi, lojistik g\u00fcc\u00fc ve giri\u015fimci i\u015f d\u00fcnyas\u0131 ile yerli ve yabanc\u0131 yat\u0131r\u0131mc\u0131lar\u0131 bekleyen, b\u00fcy\u00fcyen ve g\u00fc\u00e7lenen bir ekonomik merkez olma yolunda emin ad\u0131mlarla ilerledi\u011fini belirten G\u00fcndo\u011fdu, g\u00fc\u00e7l\u00fc T\u00fcrkiye vizyonunun \u00f6nemli yap\u0131 ta\u015flar\u0131ndan biri olan Mersin\u2019in \u00f6n\u00fcm\u00fczdeki s\u00fcre\u00e7te \u00e7ok daha b\u00fcy\u00fck yat\u0131r\u0131mlarla b\u00fcy\u00fcmesini s\u00fcrd\u00fcrece\u011fini ve b\u00f6lgenin ekonomik cazibe merkezi olmay\u0131 devam ettirece\u011fini ifade etti.<\/p>\n<p style=\"text-align: justify;\">G\u00fcndo\u011fdu, a\u00e7\u0131klamas\u0131n\u0131n sonunda T\u00fcrkiye\u2019nin birlik ve beraberli\u011finin korunmas\u0131n\u0131n ve b\u00f6lgede bar\u0131\u015f ile istikrar\u0131n sa\u011flanmas\u0131n\u0131n b\u00fcy\u00fck \u00f6nem ta\u015f\u0131d\u0131\u011f\u0131n\u0131 vurgulayarak, devletimizin ortaya koydu\u011fu g\u00fc\u00e7l\u00fc duru\u015fun T\u00fcrkiye\u2019nin gelece\u011fine g\u00fcven vermeye devam etti\u011fini <strong>ifade etti.<\/strong><\/p>\n","protected":false},"excerpt":{"rendered":"<p>Mersin Sanayicileri ve \u0130\u015f \u0130nsanlar\u0131 Derne\u011fi (MES\u0130AD) Ba\u015fkan\u0131 Adnan G\u00fcndo\u011fdu, Ortado\u011fu\u2019da ya\u015fanan son geli\u015fmelere ili\u015fkin yapt\u0131\u011f\u0131 a\u00e7\u0131klamada \u015fu ifadelere yer verdi: Ortado\u011fu\u2019da son d\u00f6nemde ya\u015fanan geli\u015fmeler ve ABD\u2013\u0130srail ile \u0130ran aras\u0131nda artan gerilim, yaln\u0131zca b\u00f6lge \u00fclkelerini de\u011fil, k\u00fcresel dengeleri de yak\u0131ndan etkileyen kritik bir s\u00fcreci beraberinde getirmektedir. B\u00f6ylesine hassas bir d\u00f6nemde T\u00fcrkiye\u2019nin sergiledi\u011fi sa\u011fduyulu, dengeli [&hellip;]<\/p>\n","protected":false},"author":2,"featured_media":127039,"comment_status":"open","ping_status":"open","sticky":false,"template":"","format":"standard","meta":{"footnotes":""},"categories":[1],"tags":[],"class_list":["post-127038","post","type-post","status-publish","format-standard","has-post-thumbnail","hentry","category-gundem"],"views":294,"_links":{"self":[{"href":"https:\/\/mersingazetesi.com\/index.php\/wp-json\/wp\/v2\/posts\/127038","targetHints":{"allow":["GET"]}}],"collection":[{"href":"https:\/\/mersingazetesi.com\/index.php\/wp-json\/wp\/v2\/posts"}],"about":[{"href":"https:\/\/mersingazetesi.com\/index.php\/wp-json\/wp\/v2\/types\/post"}],"author":[{"embeddable":true,"href":"https:\/\/mersingazetesi.com\/index.php\/wp-json\/wp\/v2\/users\/2"}],"replies":[{"embeddable":true,"href":"https:\/\/mersingazetesi.com\/index.php\/wp-json\/wp\/v2\/comments?post=127038"}],"version-history":[{"count":2,"href":"https:\/\/mersingazetesi.com\/index.php\/wp-json\/wp\/v2\/posts\/127038\/revisions"}],"predecessor-version":[{"id":127041,"href":"https:\/\/mersingazetesi.com\/index.php\/wp-json\/wp\/v2\/posts\/127038\/revisions\/127041"}],"wp:featuredmedia":[{"embeddable":true,"href":"https:\/\/mersingazetesi.com\/index.php\/wp-json\/wp\/v2\/media\/127039"}],"wp:attachment":[{"href":"https:\/\/mersingazetesi.com\/index.php\/wp-json\/wp\/v2\/media?parent=127038"}],"wp:term":[{"taxonomy":"category","embeddable":true,"href":"https:\/\/mersingazetesi.com\/index.php\/wp-json\/wp\/v2\/categories?post=127038"},{"taxonomy":"post_tag","embeddable":true,"href":"https:\/\/mersingazetesi.com\/index.php\/wp-json\/wp\/v2\/tags?post=127038"}],"curies":[{"name":"wp","href":"https:\/\/api.w.org\/{rel}","templated":true}]}}