{"id":127035,"date":"2026-03-05T11:13:20","date_gmt":"2026-03-05T08:13:20","guid":{"rendered":"https:\/\/mersingazetesi.com\/?p=127035"},"modified":"2026-03-05T11:13:20","modified_gmt":"2026-03-05T08:13:20","slug":"hint-okyanusuna-ozgu-portakal-benekli-lagos-mersinde-tezgaha-cikti","status":"publish","type":"post","link":"https:\/\/mersingazetesi.com\/index.php\/2026\/03\/05\/hint-okyanusuna-ozgu-portakal-benekli-lagos-mersinde-tezgaha-cikti\/","title":{"rendered":"Hint Okyanusu&#8217;na \u00f6zg\u00fc \u2018portakal benekli lagos&#8217; Mersin&#8217;de tezgaha \u00e7\u0131kt\u0131"},"content":{"rendered":"<p>Mersin&#8217;de Hint Okyanusu kaynakl\u0131 \u2018portakal benekli&#8217; ya da \u2018k\u0131rm\u0131z\u0131 benekli lagos&#8217; bal\u0131\u011f\u0131 tezgahlarda yerini ald\u0131. Mersin Bal\u0131k\u00e7\u0131lar Derne\u011fi Ba\u015fkan\u0131 Adnan Polat, son y\u0131llarda deniz suyu s\u0131cakl\u0131\u011f\u0131ndaki art\u0131\u015f ve gemi hareketlili\u011fi nedeniyle tropikal bal\u0131k t\u00fcrlerinin Akdeniz&#8217;de g\u00f6r\u00fclmeye ba\u015flad\u0131\u011f\u0131n\u0131 s\u00f6yledi.<br \/>\nMersin Bal\u0131k Pazar\u0131&#8217;nda Akdeniz&#8217;de nadir g\u00f6r\u00fclen bir bal\u0131k t\u00fcr\u00fc tezg\u00e2hlarda sat\u0131\u015fa sunuldu. Bal\u0131k\u00e7\u0131lar\u0131n \u2018portakal benekli&#8217; ya da \u2018k\u0131rm\u0131z\u0131 benekli lagos&#8217; olarak adland\u0131rd\u0131\u011f\u0131 bal\u0131\u011f\u0131n Hint Okyanusu kaynakl\u0131 oldu\u011fu belirtildi.<br \/>\nMersin Bal\u0131k\u00e7\u0131lar Derne\u011fi Ba\u015fkan\u0131 Polat, son y\u0131llarda Akdeniz&#8217;de farkl\u0131 bal\u0131k t\u00fcrlerinin g\u00f6r\u00fclmeye ba\u015flad\u0131\u011f\u0131n\u0131 belirterek, denizlerdeki de\u011fi\u015fimin bu t\u00fcrlerin ortaya \u00e7\u0131kmas\u0131nda etkili oldu\u011funu ifade etti. Polat, bal\u0131\u011f\u0131n b\u00f6lgeye geli\u015f nedenlerine ili\u015fkin, &#8220;Akdeniz&#8217;de daha \u00f6nce de ya\u015fad\u0131\u011f\u0131m\u0131z gibi Hint Okyanusu kaynakl\u0131 de\u011fi\u015fik bal\u0131klar geliyor. Bu bal\u0131klar bizim denizimizde olmayan bal\u0131klar. Havalar\u0131n s\u0131cakl\u0131\u011f\u0131, deniz suyunun s\u0131cakl\u0131\u011f\u0131, tuz oran\u0131 ve gelen y\u00fck gemilerinin sintine sular\u0131yla baz\u0131 bal\u0131k t\u00fcrleri buraya gelebiliyor. Bu bal\u0131k t\u00fcr\u00fcn\u00fcn de oradan geldi\u011fini d\u00fc\u015f\u00fcn\u00fcyoruz&#8221; dedi.<\/p>\n<p>&#8220;Akdeniz&#8217;e \u00f6zg\u00fc bir bal\u0131k de\u011fildir&#8221;<br \/>\nBal\u0131\u011f\u0131n Akdeniz&#8217;e \u00f6zg\u00fc olmad\u0131\u011f\u0131n\u0131 s\u00f6yleyen Polat, &#8220;Bu g\u00f6rd\u00fc\u011f\u00fcn\u00fcz k\u0131rm\u0131z\u0131 benekli lagos dedi\u011fimiz bal\u0131kt\u0131r, portakal benekli de deniyor buna. Bu Akdeniz&#8217;e \u00f6zg\u00fc bir bal\u0131k de\u011fildir, tamamen Hint Okyanusu kaynakl\u0131d\u0131r. 5-6 y\u0131l \u00f6nce Antalya K\u00f6rfezi&#8217;nde g\u00f6r\u00fclm\u00fc\u015ft\u00fc. \u015eimdi Mersin&#8217;de de denk geldik&#8221; diye konu\u015ftu.<\/p>\n<p>&#8220;Akdeniz&#8217;de de de\u011fi\u015fkenlik oluyor&#8221;<br \/>\nAkdeniz&#8217;de zamanla tropikal \u00f6zelliklerin g\u00f6r\u00fclmeye ba\u015flad\u0131\u011f\u0131n\u0131 dile getiren Polat, &#8220;Y\u0131llar i\u00e7erisinde Akdeniz art\u0131k tropikal bir deniz olmaya ba\u015flad\u0131. Teknolojinin geli\u015fmesiyle, gemilerin hareketlili\u011fiyle ve do\u011fan\u0131n kendi i\u00e7indeki g\u00fcc\u00fcyle Akdeniz&#8217;de de de\u011fi\u015fkenlik oluyor. B\u00f6yle tropikal bal\u0131klar buraya gelmeye ba\u015fl\u0131yor&#8221; ifadelerini kulland\u0131.<\/p>\n<p>&#8220;Bal\u0131k gayet lezzetli bir bal\u0131k&#8221;<br \/>\nBal\u0131\u011f\u0131n lezzetli bir t\u00fcr oldu\u011funu belirten Polat, &#8220;Portakal benekli, yani k\u0131rm\u0131z\u0131 benekli lagos dedi\u011fimiz bal\u0131k gayet lezzetli bir bal\u0131k. Okyanusta yeti\u015fen bir bal\u0131k. Eti bembeyaz, pamuk gibidir ve yumu\u015fakt\u0131r. Her zaman \u00e7\u0131kan bir bal\u0131k \u00e7e\u015fidi de\u011fil. Biz de tezgah\u0131m\u0131za koyduk, sat\u0131\u015fa sunuyoruz&#8221; dedi.<\/p>\n<p>&#8220;Bu bal\u0131\u011f\u0131 bilen ve tan\u0131yan sat\u0131n al\u0131yor&#8221;<br \/>\nBal\u0131\u011fa talep oldu\u011funu s\u00f6yleyen Polat, &#8220;Sabah bir tanesini satt\u0131k. Bu bal\u0131\u011f\u0131 bilen ve tan\u0131yan sat\u0131n al\u0131yor. Elimizde 6-7 tane vard\u0131, \u015fu an 5 tane kald\u0131&#8221; \u015feklinde konu\u015ftu.<br \/>\nBal\u0131\u011f\u0131n kilosunun 700 TL&#8217;den sat\u0131ld\u0131\u011f\u0131n\u0131 ifade eden Polat, &#8220;Normalde lagos bal\u0131\u011f\u0131n\u0131 700 ile bin TL aras\u0131nda toptan fiyat\u0131na sat\u0131yoruz. Bu bal\u0131k yeni \u00e7\u0131kt\u0131\u011f\u0131 i\u00e7in tan\u0131nmas\u0131 yeni oldu\u011fu i\u00e7in fiyat\u0131n\u0131 di\u011fer lagosa g\u00f6re d\u00fc\u015f\u00fck tuttuk ve kilosunu 700 TL&#8217;den sat\u0131\u015fa sunuyoruz&#8221; diye konu\u015ftu.<\/p>\n","protected":false},"excerpt":{"rendered":"<p>Mersin&#8217;de Hint Okyanusu kaynakl\u0131 \u2018portakal benekli&#8217; ya da \u2018k\u0131rm\u0131z\u0131 benekli lagos&#8217; bal\u0131\u011f\u0131 tezgahlarda yerini ald\u0131. Mersin Bal\u0131k\u00e7\u0131lar Derne\u011fi Ba\u015fkan\u0131 Adnan Polat, son y\u0131llarda deniz suyu s\u0131cakl\u0131\u011f\u0131ndaki art\u0131\u015f ve gemi hareketlili\u011fi nedeniyle tropikal bal\u0131k t\u00fcrlerinin Akdeniz&#8217;de g\u00f6r\u00fclmeye ba\u015flad\u0131\u011f\u0131n\u0131 s\u00f6yledi. Mersin Bal\u0131k Pazar\u0131&#8217;nda Akdeniz&#8217;de nadir g\u00f6r\u00fclen bir bal\u0131k t\u00fcr\u00fc tezg\u00e2hlarda sat\u0131\u015fa sunuldu. Bal\u0131k\u00e7\u0131lar\u0131n \u2018portakal benekli&#8217; ya da [&hellip;]<\/p>\n","protected":false},"author":2,"featured_media":127036,"comment_status":"open","ping_status":"open","sticky":false,"template":"","format":"standard","meta":{"footnotes":""},"categories":[1],"tags":[],"class_list":["post-127035","post","type-post","status-publish","format-standard","has-post-thumbnail","hentry","category-gundem"],"views":280,"_links":{"self":[{"href":"https:\/\/mersingazetesi.com\/index.php\/wp-json\/wp\/v2\/posts\/127035","targetHints":{"allow":["GET"]}}],"collection":[{"href":"https:\/\/mersingazetesi.com\/index.php\/wp-json\/wp\/v2\/posts"}],"about":[{"href":"https:\/\/mersingazetesi.com\/index.php\/wp-json\/wp\/v2\/types\/post"}],"author":[{"embeddable":true,"href":"https:\/\/mersingazetesi.com\/index.php\/wp-json\/wp\/v2\/users\/2"}],"replies":[{"embeddable":true,"href":"https:\/\/mersingazetesi.com\/index.php\/wp-json\/wp\/v2\/comments?post=127035"}],"version-history":[{"count":1,"href":"https:\/\/mersingazetesi.com\/index.php\/wp-json\/wp\/v2\/posts\/127035\/revisions"}],"predecessor-version":[{"id":127037,"href":"https:\/\/mersingazetesi.com\/index.php\/wp-json\/wp\/v2\/posts\/127035\/revisions\/127037"}],"wp:featuredmedia":[{"embeddable":true,"href":"https:\/\/mersingazetesi.com\/index.php\/wp-json\/wp\/v2\/media\/127036"}],"wp:attachment":[{"href":"https:\/\/mersingazetesi.com\/index.php\/wp-json\/wp\/v2\/media?parent=127035"}],"wp:term":[{"taxonomy":"category","embeddable":true,"href":"https:\/\/mersingazetesi.com\/index.php\/wp-json\/wp\/v2\/categories?post=127035"},{"taxonomy":"post_tag","embeddable":true,"href":"https:\/\/mersingazetesi.com\/index.php\/wp-json\/wp\/v2\/tags?post=127035"}],"curies":[{"name":"wp","href":"https:\/\/api.w.org\/{rel}","templated":true}]}}