{"id":127032,"date":"2026-03-05T11:12:44","date_gmt":"2026-03-05T08:12:44","guid":{"rendered":"https:\/\/mersingazetesi.com\/?p=127032"},"modified":"2026-03-05T11:12:44","modified_gmt":"2026-03-05T08:12:44","slug":"mersinde-yurt-disina-kacirilmak-istenilen-binlerce-tarihi-eser-ele-gecirildi","status":"publish","type":"post","link":"https:\/\/mersingazetesi.com\/index.php\/2026\/03\/05\/mersinde-yurt-disina-kacirilmak-istenilen-binlerce-tarihi-eser-ele-gecirildi\/","title":{"rendered":"Mersin&#8217;de yurt d\u0131\u015f\u0131na ka\u00e7\u0131r\u0131lmak istenilen binlerce tarihi eser ele ge\u00e7irildi"},"content":{"rendered":"<p>Mersin&#8217;de yurt d\u0131\u015f\u0131na ka\u00e7\u0131r\u0131lmak istendi\u011fi belirlenen 5 bin 516 tarihi eser, polis ekiplerinin d\u00fczenledi\u011fi operasyonla ele ge\u00e7irildi. Operasyonda g\u00f6zalt\u0131na al\u0131nan 6 \u015f\u00fcpheli tutukland\u0131.<br \/>\nErdemli Cumhuriyet Ba\u015fsavc\u0131l\u0131\u011f\u0131 koordinesinde, Mersin \u0130l Emniyet M\u00fcd\u00fcrl\u00fc\u011f\u00fc Ka\u00e7ak\u00e7\u0131l\u0131k ve Organize Su\u00e7larla M\u00fccadele (KOM) \u015eube M\u00fcd\u00fcrl\u00fc\u011f\u00fc ile KOM Ba\u015fkanl\u0131\u011f\u0131 ekiplerince tarihi eser ka\u00e7ak\u00e7\u0131l\u0131\u011f\u0131na y\u00f6nelik \u00e7al\u0131\u015fma ba\u015flat\u0131ld\u0131. Yap\u0131lan teknik ve fiziki takipte, \u015f\u00fcphelilerin yurt i\u00e7inden temin ettikleri \u00e7ok say\u0131da tarihi eseri usuls\u00fcz yollarla yurt d\u0131\u015f\u0131na \u00e7\u0131karmaya haz\u0131rland\u0131klar\u0131 tespit edildi. Elde edilen bilgiler do\u011frultusunda belirlenen adreslere operasyon d\u00fczenlendi. Operasyonda su\u00e7la ba\u011flant\u0131l\u0131 oldu\u011fu de\u011ferlendirilen 6 \u015f\u00fcpheli yakalanarak g\u00f6zalt\u0131na al\u0131nd\u0131. Adreslerde yap\u0131lan aramalarda, yurt d\u0131\u015f\u0131na \u00e7\u0131kar\u0131lmak \u00fczere haz\u0131rland\u0131\u011f\u0131 de\u011ferlendirilen 5 bin 516 tarihi eser ile 2 dedekt\u00f6r ele ge\u00e7irildi.<br \/>\nEmniyetteki i\u015flemlerinin ard\u0131ndan adliyeye sevk edilen 6 \u015f\u00fcpheli, \u00e7\u0131kar\u0131ld\u0131klar\u0131 mahkemece tutukland\u0131.<br \/>\nMersin Emniyet M\u00fcd\u00fcrl\u00fc\u011f\u00fcnden yap\u0131lan a\u00e7\u0131klamada, T\u00fcrkiye&#8217;nin k\u00fclt\u00fcrel miras\u0131n\u0131n korunmas\u0131 ve tarihi eserlerin yurt d\u0131\u015f\u0131na ka\u00e7\u0131r\u0131lmas\u0131n\u0131n \u00f6nlenmesine y\u00f6nelik \u00e7al\u0131\u015fmalar\u0131n kararl\u0131l\u0131kla s\u00fcrd\u00fcr\u00fclece\u011fi vurguland\u0131.<\/p>\n","protected":false},"excerpt":{"rendered":"<p>Mersin&#8217;de yurt d\u0131\u015f\u0131na ka\u00e7\u0131r\u0131lmak istendi\u011fi belirlenen 5 bin 516 tarihi eser, polis ekiplerinin d\u00fczenledi\u011fi operasyonla ele ge\u00e7irildi. Operasyonda g\u00f6zalt\u0131na al\u0131nan 6 \u015f\u00fcpheli tutukland\u0131. Erdemli Cumhuriyet Ba\u015fsavc\u0131l\u0131\u011f\u0131 koordinesinde, Mersin \u0130l Emniyet M\u00fcd\u00fcrl\u00fc\u011f\u00fc Ka\u00e7ak\u00e7\u0131l\u0131k ve Organize Su\u00e7larla M\u00fccadele (KOM) \u015eube M\u00fcd\u00fcrl\u00fc\u011f\u00fc ile KOM Ba\u015fkanl\u0131\u011f\u0131 ekiplerince tarihi eser ka\u00e7ak\u00e7\u0131l\u0131\u011f\u0131na y\u00f6nelik \u00e7al\u0131\u015fma ba\u015flat\u0131ld\u0131. Yap\u0131lan teknik ve fiziki takipte, \u015f\u00fcphelilerin [&hellip;]<\/p>\n","protected":false},"author":2,"featured_media":127033,"comment_status":"open","ping_status":"open","sticky":false,"template":"","format":"standard","meta":{"footnotes":""},"categories":[1],"tags":[],"class_list":["post-127032","post","type-post","status-publish","format-standard","has-post-thumbnail","hentry","category-gundem"],"views":264,"_links":{"self":[{"href":"https:\/\/mersingazetesi.com\/index.php\/wp-json\/wp\/v2\/posts\/127032","targetHints":{"allow":["GET"]}}],"collection":[{"href":"https:\/\/mersingazetesi.com\/index.php\/wp-json\/wp\/v2\/posts"}],"about":[{"href":"https:\/\/mersingazetesi.com\/index.php\/wp-json\/wp\/v2\/types\/post"}],"author":[{"embeddable":true,"href":"https:\/\/mersingazetesi.com\/index.php\/wp-json\/wp\/v2\/users\/2"}],"replies":[{"embeddable":true,"href":"https:\/\/mersingazetesi.com\/index.php\/wp-json\/wp\/v2\/comments?post=127032"}],"version-history":[{"count":1,"href":"https:\/\/mersingazetesi.com\/index.php\/wp-json\/wp\/v2\/posts\/127032\/revisions"}],"predecessor-version":[{"id":127034,"href":"https:\/\/mersingazetesi.com\/index.php\/wp-json\/wp\/v2\/posts\/127032\/revisions\/127034"}],"wp:featuredmedia":[{"embeddable":true,"href":"https:\/\/mersingazetesi.com\/index.php\/wp-json\/wp\/v2\/media\/127033"}],"wp:attachment":[{"href":"https:\/\/mersingazetesi.com\/index.php\/wp-json\/wp\/v2\/media?parent=127032"}],"wp:term":[{"taxonomy":"category","embeddable":true,"href":"https:\/\/mersingazetesi.com\/index.php\/wp-json\/wp\/v2\/categories?post=127032"},{"taxonomy":"post_tag","embeddable":true,"href":"https:\/\/mersingazetesi.com\/index.php\/wp-json\/wp\/v2\/tags?post=127032"}],"curies":[{"name":"wp","href":"https:\/\/api.w.org\/{rel}","templated":true}]}}