{"id":126996,"date":"2026-03-05T09:54:24","date_gmt":"2026-03-05T06:54:24","guid":{"rendered":"https:\/\/mersingazetesi.com\/?p=126996"},"modified":"2026-03-05T09:54:24","modified_gmt":"2026-03-05T06:54:24","slug":"kuran-i-kerimde-gecen-mucizeler-nelerdir","status":"publish","type":"post","link":"https:\/\/mersingazetesi.com\/index.php\/2026\/03\/05\/kuran-i-kerimde-gecen-mucizeler-nelerdir\/","title":{"rendered":"KUR\u2019AN-I KER\u0130MDE GE\u00c7EN MUC\u0130ZELER NELERD\u0130R?"},"content":{"rendered":"<div class=\"gs\">\n<div class=\"\">\n<div id=\":16f\" class=\"ii gt\">\n<div id=\":16e\" class=\"a3s aiL\">\n<div id=\"avWBGd-63\">\n<div dir=\"ltr\">\n<div dir=\"auto\">Ankara\u2019dan Say\u0131n Abdullah Y\u00dcCE, Say\u0131n \u0130smet G\u00dcZEL, Bayan \u015eaziye BAHAR soruyor:<\/div>\n<div dir=\"auto\">SORU:<\/div>\n<div dir=\"auto\">Bizler bir tekstil at\u00f6lyesinde birlikte \u00e7al\u0131\u015fmaktay\u0131z. \u0130nternet sitenizde yay\u0131nlanan \u2018\u2019Kur\u2019an-\u0131 Kerimde Matematiksel mucizeler.\u2019\u2019 \u0130le ilgili cevab\u0131 okuyunca bizim de akl\u0131m\u0131za Kur\u2019anda ba\u015fka mucizeler olup olmad\u0131\u011f\u0131 sorusu geldi.<\/div>\n<div dir=\"auto\">Kur\u2019anda ba\u015fka mucizeler var m\u0131d\u0131r?<\/div>\n<div dir=\"auto\">Ramazan ay\u0131 i\u00e7inde bu sorumuzun cevab\u0131n\u0131 yay\u0131nlar m\u0131s\u0131n\u0131z?<\/div>\n<div dir=\"auto\">CEVAP:<\/div>\n<div dir=\"auto\">Kur\u2019an-\u0131 Kerim \u2018de anlam\u0131n\u0131 sonradan kavrayabildi\u011fimiz pek \u00e7ok ayet vard\u0131r.<\/div>\n<div dir=\"auto\">Baz\u0131 ayetler ise halen s\u0131rr\u0131n\u0131 korumakta, m\u00e2n\u00e2s\u0131 hakk\u0131nda \u00e7e\u015fitli tahminler bulunulsa da tam olarak anlam\u0131 bilinmemektedir.<\/div>\n<div dir=\"auto\">Bu ayetler sosyal hayat ve k\u00fclt\u00fcrel geli\u015fmeler sonucunda veya bilim ve teknolojideki ilerlemeler \u0131\u015f\u0131\u011f\u0131nda anlam kazanm\u0131\u015f ve bize Kur\u2019an-\u0131 Kerim\u2019in azametini g\u00f6stermi\u015ftir.<\/div>\n<div dir=\"auto\">Bu ayetlerden baz\u0131lar\u0131 \u015funlard\u0131r:<\/div>\n<div dir=\"auto\">1 \u2013 K\u00e2inat\u0131n Ba\u015flang\u0131c\u0131:<\/div>\n<div dir=\"auto\">Embiya suresinin 30. ayetinde Cenabu Allah k\u00e2inat\u0131n ba\u015flang\u0131c\u0131 ile ilgili \u015f\u00f6yle buyuruyor:<\/div>\n<div dir=\"auto\">\u2018\u2019 \u0130nk\u00e2r edenler, g\u00f6klerle yer biti\u015fik bir halde iken bizim, onlar\u0131 birbirinden kopard\u0131\u011f\u0131m\u0131z\u0131 ve her canl\u0131 \u015feyi sudan yaratt\u0131\u011f\u0131m\u0131z\u0131 g\u00f6r\u00fcp d\u00fc\u015f\u00fcnmediler mi? Yine de inanmazlar m\u0131? \u2018\u2019<\/div>\n<div dir=\"auto\">1929 y\u0131l\u0131nda ortaya at\u0131lan ve bug\u00fcn bile bilim insanlar\u0131 taraf\u0131ndan kabul edilen \u2018\u2019 B\u00fcy\u00fck Patlama (Big Bang ) teorisi, Genel G\u00f6relilik Teorisi ve Uzay-Zaman\u0131n Tekilli\u011fi Teoremleri kozmik zaman\u0131n ba\u015flang\u0131c\u0131nda bir tekilli\u011fin varl\u0131\u011f\u0131n\u0131 zorunlu k\u0131lm\u0131\u015ft\u0131r.<\/div>\n<div dir=\"auto\">K\u00e2inat\u0131n yarat\u0131l\u0131\u015f\u0131, tam olarak bilemedi\u011fimiz i\u00e7in boyutsuz ve sonsuz yo\u011funluklu kabul etti\u011fimiz bir tekillikten ba\u015flat\u0131lm\u0131\u015ft\u0131r.<\/div>\n<div dir=\"auto\">Biraz daha detayl\u0131 ifade edersek k\u00e2inat hi\u00e7bir atom veya atomdan k\u00fc\u00e7\u00fck par\u00e7ac\u0131k hen\u00fcz olu\u015fmam\u0131\u015fken, sonsuz yo\u011funlukta ama boyutsuz bir tekillikten yani biti\u015fik bir halden olu\u015fmaya ba\u015flam\u0131\u015f, 3 saniye i\u00e7inde bir toz bulutu haline gelmi\u015f ve ilk atomlar\u0131n olu\u015fmas\u0131yla birbirinden ayr\u0131larak ve giderek geni\u015fleyerek 13,8 milyar y\u0131lda bug\u00fcn 94 milyar \u0131\u015f\u0131k y\u0131l\u0131 geni\u015fli\u011fe ula\u015fm\u0131\u015ft\u0131r.<\/div>\n<div dir=\"auto\">2 \u2013 K\u00e2inat\u0131n Geni\u015flemesi:<\/div>\n<div dir=\"auto\">Z\u00e2riy\u00e2t Suresinin 47.ayetinde K\u00e2inat\u0131n Geni\u015flemesi ile ilgili Cenab-\u0131 Allah \u015f\u00f6yle buyuruyor:<\/div>\n<div dir=\"auto\">\u2018\u2019 G\u00f6\u011f\u00fc kendi ellerimizle biz kurduk ve biz (onu) elbette geni\u015fleticiyiz.\u2019\u2019<\/div>\n<div dir=\"auto\">1929 y\u0131l\u0131nda Edwin Hubble taraf\u0131ndan yap\u0131lan g\u00f6zlemler sonucunda, k\u00e2inatta istisnas\u0131z her y\u00f6ndeki uzak g\u00f6k cisimlerinin D\u00fcnya\u2019dan ve birbirinden uzakla\u015ft\u0131\u011f\u0131 ve D\u00fcnya\u2019ya olan mesafe artt\u0131k\u00e7a uzakla\u015fma h\u0131z\u0131n\u0131n artt\u0131\u011f\u0131 tespit edilmi\u015ftir.<\/div>\n<div dir=\"auto\">K\u00e2inat\u0131m\u0131z \u015fimdilik ne oldu\u011funu anlayamad\u0131\u011f\u0131m\u0131z ve bu y\u00fczden \u201cKaranl\u0131k Enerji \u201cad\u0131n\u0131 verdi\u011fimiz yo\u011fun bir etki sebebiyle \u015fu an geni\u015fleme h\u0131z\u0131n\u0131 giderek art\u0131rarak geni\u015flemektedir.<\/div>\n<div dir=\"auto\">3 \u2013 K\u00e2inat\u0131n Yoktan Yarat\u0131lmas\u0131:<\/div>\n<div dir=\"auto\">En\u2019am Suresinin 101\u2019inci Ayetinde K\u00e2inat\u0131n Yoktan Yarat\u0131lmas\u0131 ile ilgili Cenab-i Allah \u015f\u00f6yle buyuruyor:<\/div>\n<div dir=\"auto\">\u2018\u2019 O, g\u00f6klerin ve yerin e\u015fsiz yarat\u0131c\u0131s\u0131d\u0131r. O\u2019nun e\u015fi olmad\u0131\u011f\u0131 halde nas\u0131l \u00e7ocu\u011fu olabilir! Her \u015feyi O yaratm\u0131\u015ft\u0131r ve her \u015feyi hakk\u0131yla bilen O\u2019dur.\u2019\u2019<\/div>\n<div dir=\"auto\">Bilim insanlar\u0131 taraf\u0131ndan kabul edilen B\u00fcy\u00fck Patlama ( big bang ) teorisine g\u00f6re k\u00e2inat ba\u015flang\u0131\u00e7ta bir tekillikten ibaretti.<\/div>\n<div dir=\"auto\">Ba\u015fka bir ifade ile izah etmek gerekirse ba\u015flang\u0131\u00e7ta atomlar bile yokken, sadece atomu olu\u015fturan atom alt\u0131 par\u00e7ac\u0131klar mevcutken hatta bu par\u00e7ac\u0131klar \u015fu an bilemedi\u011fimiz i\u00e7in tarif edemedi\u011fimiz bir \u015fekilde birlikte (tekil) bir form halindeyken bug\u00fcn 2 trilyon galaksi ve her birinde ortalama 200 milyar y\u0131ld\u0131z ve gezegenin oldu\u011fu bir k\u00e2inat haline gelmi\u015ftir.<\/div>\n<div dir=\"auto\">D\u00fcnyam\u0131z i\u00e7inde say\u0131s\u0131z \u00e7e\u015fitlilikte ve g\u00fczellikte mikroplar, bitkiler, hayvanlar ve insanlar bulunmaktad\u0131r.<\/div>\n<div dir=\"auto\">Bilimsel olarak ispatland\u0131\u011f\u0131 \u00fczere de t\u00fcm bunlar\u0131n hepsi ba\u015flang\u0131\u00e7ta yok iken bug\u00fcn muazzam bir \u00e7e\u015fitlili\u011fe ula\u015fm\u0131\u015ft\u0131r.<\/div>\n<div dir=\"auto\">4 \u2013 K\u00e2inattaki Y\u00f6r\u00fcngeler:<\/div>\n<div dir=\"auto\">Zariyat Suresinin 7 \u2013 8 &#8211; 9. Ayetlerinde, Embiya Suresinin 33. aAyetinde ve Yasin Suresinin 38. Ayetinde Kainattaki Y\u00f6r\u00fcngeler ile ilgili Cenab-\u0131 Allah \u015f\u00f6yle buyuruyor:<\/div>\n<div dir=\"auto\">\u2018\u2019 \u0130\u00e7inde y\u00f6r\u00fcngeleri olan g\u00f6\u011fe andolsun ki siz \u00e7eli\u015fkili s\u00f6zler s\u00f6yl\u00fcyorsunuz. Ondan (Kur\u2019an\u2019dan veya imandan) d\u00f6nen d\u00f6nd\u00fcr\u00fcl\u00fcr (engellenmez). \u2018\u2019 Zariyat Suresi, 7-8-9. Ayetler<\/div>\n<div dir=\"auto\">\u2018\u2019 O, geceyi, g\u00fcnd\u00fcz\u00fc, g\u00fcne\u015fi, ay\u0131\u2026 yaratand\u0131r. Her biri bir y\u00f6r\u00fcngede y\u00fczmektedirler.\u2019\u2019 Enbiya Suresi, 33. Ayet<\/div>\n<div dir=\"auto\">\u2018\u2019 G\u00fcne\u015f, kendisi i\u00e7in belirlenen yerde akar (d\u00f6ner). \u0130\u015fte bu, az\u00eez ve al\u00eem olan Allah\u2019\u0131n takdiridir.\u2019\u2019<\/div>\n<div dir=\"auto\">Yasin Suresi, 38. Ayet<\/div>\n<div dir=\"auto\">Bilimsel \u00e7al\u0131\u015fmalar ve g\u00f6zlemler ilerledik\u00e7e D\u00fcnya\u2019n\u0131n k\u00e2inat\u0131n merkezi oldu\u011fu g\u00f6r\u00fc\u015f\u00fcnden G\u00fcne\u015f\u2019in evrenin merkezi oldu\u011fu g\u00f6r\u00fc\u015f\u00fcne ge\u00e7ilmi\u015fti.<\/div>\n<div dir=\"auto\">1615 y\u0131l\u0131nda Galileo D\u00fcnya\u2019n\u0131n durmad\u0131\u011f\u0131n\u0131, Ay ile birlikte bir y\u00f6r\u00fcngede hareket etti\u011fini savundu\u011funda \u0130ncil\u2019i tekrar yorumlamaya \u00e7al\u0131\u015fmaktan mahk\u00fbm edilmi\u015ftir.<\/div>\n<div dir=\"auto\">Galileo ile birlikte Kopernik ve Kepler\u2019de asl\u0131nda bir y\u0131ld\u0131z olan G\u00fcne\u015f\u2019in ve di\u011fer t\u00fcm y\u0131ld\u0131zlar\u0131n hareketsiz oldu\u011funu, gezegenlerin ise bu y\u0131ld\u0131zlar\u0131n etraf\u0131nda d\u00f6nd\u00fc\u011f\u00fcn\u00fc savunmu\u015ftur.<\/div>\n<div dir=\"auto\">G\u00fcne\u015f\u2019in hareketsiz bir \u015fekilde asl\u0131nda evrenin merkezi olmad\u0131\u011f\u0131 ancak 1727\u2019de James Bradley\u2019in g\u00f6zlemleri ile ba\u015flayan tart\u0131\u015fmalar sonucunda 19. y\u00fczy\u0131lda netlik kazanm\u0131\u015ft\u0131r.<\/div>\n<div dir=\"auto\">Bug\u00fcn geldi\u011fimiz noktada art\u0131k biliyoruz ki Ay, D\u00fcnya ve G\u00fcne\u015f\u2019in her biri kendi y\u00f6r\u00fcngesinde y\u00fczmektedir.<\/div>\n<div dir=\"auto\">5 \u2013 Ay\u0131n Y\u00f6r\u00fcngesi:<\/div>\n<div dir=\"auto\">Yasin Suresinin 39.ayetinde Ay\u0131n Y\u00f6r\u00fcngesi ile ilgili Cenab-\u0131 Allah \u015f\u00f6yle buyuruyor:<\/div>\n<div dir=\"auto\">\u2018\u2019 Ay i\u00e7in de birtak\u0131m menziller (y\u00f6r\u00fcngeler) tayin ettik. Nihayet o, e\u011fri hurma dal\u0131 gibi (hil\u00e2l) olur da geri d\u00f6ner.\u2019\u2019<\/div>\n<div dir=\"auto\">Bilim adamlar\u0131n\u0131n tespitlerine g\u00f6re kainatta d\u00f6rt temel kuvvet vard\u0131r. Bunlardan en zay\u0131f\u0131 olan k\u00fctle \u00e7ekimi kaba tarifiyle nesnelerin birbirlerine uygulad\u0131klar\u0131 bir \u00e7ekme kuvvetidir. \u00d6rne\u011fin yer\u00e7ekimi dedi\u011fimiz ve d\u00fcnyam\u0131zdaki ya\u015fam\u0131n devaml\u0131l\u0131\u011f\u0131 i\u00e7in vazge\u00e7ilmez olan kuvvette asl\u0131nda k\u00fctle \u00e7ekimi kuvvetidir.<\/div>\n<div dir=\"auto\">Samanyolu Galaksisi i\u00e7indeki G\u00fcne\u015f, G\u00fcne\u015fin etraf\u0131nda dola\u015fan D\u00fcnya ve D\u00fcnyan\u0131n etraf\u0131nda kendi y\u00f6r\u00fcngesinde ilerleyen Ay\u2019da bu k\u00fctle \u00e7ekimi sayesinde sa\u011fa sola savrulmay\u0131p belli bir d\u00fczen i\u00e7inde gider.<\/div>\n<div dir=\"auto\">K\u00fctle \u00e7ekimi sadece belli bir b\u00fcy\u00fckl\u00fc\u011f\u00fcn \u00fczerindeki cisimlerde g\u00f6r\u00fcl\u00fcyor ve k\u00fctle \u00e7ekimi etkisine kap\u0131lan di\u011fer cismi etraf\u0131nda eliptik y\u00f6r\u00fcngeler \u00e7izmesine sebep oluyor.<\/div>\n<div dir=\"auto\">\u0130\u015fte bu eliptik y\u00f6r\u00fcnge en yal\u0131n ifadesiyle e\u011fik bir hurma dal\u0131 gibidir, cisimler y\u00f6r\u00fcngede s\u00fcrekli dola\u015fmaktad\u0131r.<\/div>\n<div dir=\"auto\">6 \u2013 Kutuplardan Bas\u0131klama:<\/div>\n<div dir=\"auto\">Ra\u2019d Suresinin 41. Ayetinde Kutuplardan Bas\u0131klama ile ilgili Cenab-\u0131 Allah \u015f\u00f6yle buyuruyor:<\/div>\n<div dir=\"auto\">\u2018\u2019 Bizim, yery\u00fcz\u00fcne gelip, onu u\u00e7lar\u0131ndan eksiltti\u011fimizi g\u00f6rmediler mi? Allah (diledi\u011fi gibi) h\u00fckmeder, O\u2019nun h\u00fckm\u00fcn\u00fc bozacak kimse yoktur. Ve O hesab\u0131 \u00e7abuk g\u00f6rendir.\u2019\u2019<\/div>\n<div dir=\"auto\">Uzaydan \u00e7ekilen g\u00f6r\u00fcnt\u00fclerde veya bize \u00f6\u011fretilen bilgiler D\u00fcnya\u2019n\u0131n yuvarlak oldu\u011fu y\u00f6n\u00fcnde olabilir fakat asl\u0131nda do\u011frusu D\u00fcnya\u2019n\u0131n alt ve \u00fcst u\u00e7lar\u0131ndan bas\u0131k oldu\u011fudur.<\/div>\n<div dir=\"auto\">K\u00fcreye benzeyen D\u00fcnya\u2019m\u0131z\u0131n ekvator yar\u0131\u00e7ap\u0131 6378 km iken kutuplarda ki yar\u0131\u00e7ap\u0131 6357 km\u2019dir yani D\u00fcnya\u2019m\u0131z kutuplardan 21 km daha bas\u0131kt\u0131r ve bu \u015fekle Geoit denir.<\/div>\n<div dir=\"auto\">Bu bas\u0131kl\u0131\u011f\u0131n sebebi D\u00fcnya\u2019n\u0131n olu\u015fumu esnas\u0131nda d\u00f6nme etkisinden kaynaklanan merkezka\u00e7 kuvvetidir. D\u00f6nme etkisiyle olu\u015fan h\u0131z ekvator \u00e7izgisinde 1670 km iken kutuplara gidildik\u00e7e azal\u0131r bu sebeple ekvator \u00e7evresi \u015fi\u015fkin, kutuplar bas\u0131kt\u0131r.<\/div>\n<div dir=\"auto\">Ho\u015f\u00e7a kal\u0131n\u0131z.<\/div>\n<div dir=\"auto\">Sorular\u0131n\u0131z i\u00e7in (\u00a0<a href=\"mailto:gazimert333@gmail.com\" target=\"_blank\" rel=\"noopener\">gazimert333@gmail.com<\/a>\u00a0)<\/div>\n<\/div>\n<div class=\"yj6qo\"><\/div>\n<div class=\"adL\"><\/div>\n<\/div>\n<\/div>\n<\/div>\n<div id=\"avWBGd-64\" class=\"WhmR8e\" data-hash=\"0\"><\/div>\n<\/div>\n<\/div>\n","protected":false},"excerpt":{"rendered":"<p>Ankara\u2019dan Say\u0131n Abdullah Y\u00dcCE, Say\u0131n \u0130smet G\u00dcZEL, Bayan \u015eaziye BAHAR soruyor: SORU: Bizler bir tekstil at\u00f6lyesinde birlikte \u00e7al\u0131\u015fmaktay\u0131z. \u0130nternet sitenizde yay\u0131nlanan \u2018\u2019Kur\u2019an-\u0131 Kerimde Matematiksel mucizeler.\u2019\u2019 \u0130le ilgili cevab\u0131 okuyunca bizim de akl\u0131m\u0131za Kur\u2019anda ba\u015fka mucizeler olup olmad\u0131\u011f\u0131 sorusu geldi. Kur\u2019anda ba\u015fka mucizeler var m\u0131d\u0131r? Ramazan ay\u0131 i\u00e7inde bu sorumuzun cevab\u0131n\u0131 yay\u0131nlar m\u0131s\u0131n\u0131z? CEVAP: Kur\u2019an-\u0131 Kerim [&hellip;]<\/p>\n","protected":false},"author":11,"featured_media":126869,"comment_status":"open","ping_status":"open","sticky":false,"template":"","format":"standard","meta":{"footnotes":""},"categories":[21],"tags":[],"class_list":["post-126996","post","type-post","status-publish","format-standard","has-post-thumbnail","hentry","category-gazi-mert"],"views":359,"_links":{"self":[{"href":"https:\/\/mersingazetesi.com\/index.php\/wp-json\/wp\/v2\/posts\/126996","targetHints":{"allow":["GET"]}}],"collection":[{"href":"https:\/\/mersingazetesi.com\/index.php\/wp-json\/wp\/v2\/posts"}],"about":[{"href":"https:\/\/mersingazetesi.com\/index.php\/wp-json\/wp\/v2\/types\/post"}],"author":[{"embeddable":true,"href":"https:\/\/mersingazetesi.com\/index.php\/wp-json\/wp\/v2\/users\/11"}],"replies":[{"embeddable":true,"href":"https:\/\/mersingazetesi.com\/index.php\/wp-json\/wp\/v2\/comments?post=126996"}],"version-history":[{"count":1,"href":"https:\/\/mersingazetesi.com\/index.php\/wp-json\/wp\/v2\/posts\/126996\/revisions"}],"predecessor-version":[{"id":126997,"href":"https:\/\/mersingazetesi.com\/index.php\/wp-json\/wp\/v2\/posts\/126996\/revisions\/126997"}],"wp:featuredmedia":[{"embeddable":true,"href":"https:\/\/mersingazetesi.com\/index.php\/wp-json\/wp\/v2\/media\/126869"}],"wp:attachment":[{"href":"https:\/\/mersingazetesi.com\/index.php\/wp-json\/wp\/v2\/media?parent=126996"}],"wp:term":[{"taxonomy":"category","embeddable":true,"href":"https:\/\/mersingazetesi.com\/index.php\/wp-json\/wp\/v2\/categories?post=126996"},{"taxonomy":"post_tag","embeddable":true,"href":"https:\/\/mersingazetesi.com\/index.php\/wp-json\/wp\/v2\/tags?post=126996"}],"curies":[{"name":"wp","href":"https:\/\/api.w.org\/{rel}","templated":true}]}}