{"id":126947,"date":"2026-03-04T16:06:40","date_gmt":"2026-03-04T13:06:40","guid":{"rendered":"https:\/\/mersingazetesi.com\/?p=126947"},"modified":"2026-03-04T16:06:40","modified_gmt":"2026-03-04T13:06:40","slug":"baristan-yana-olalim","status":"publish","type":"post","link":"https:\/\/mersingazetesi.com\/index.php\/2026\/03\/04\/baristan-yana-olalim\/","title":{"rendered":"BARI\u015eTAN YANA OLALIM&#8230;"},"content":{"rendered":"<p>D\u00fcnyan\u0131n d\u00f6rt bir yan\u0131nda bombalar\u00a0patlarken, biz\u00a0gen\u00e7ler gelece\u011fimizi nas\u0131l hayal edebiliriz?<\/p>\n<div dir=\"ltr\"><\/div>\n<p>Ya\u015fam \u015fartlar\u0131 gittik\u00e7e zorla\u015fan bir\u00a0d\u00fcnyada, gen\u00e7ler\u00a0olarak kendimizi geli\u015ftirmeye ve ba\u015far\u0131l\u0131 olmaya \u00e7al\u0131\u015f\u0131rken artan gelecek\u00a0kayg\u0131s\u0131, ekonominin\u00a0fazlaca zorlanmas\u0131 ve her an sava\u015f\u0131n kap\u0131da olmas\u0131..!<\/p>\n<div dir=\"ltr\"><\/div>\n<p>Bu durumda iken sa\u011fl\u0131kl\u0131 kalabilmek m\u00fcmk\u00fcn m\u00fcd\u00fcr?<\/p>\n<div dir=\"ltr\"><\/div>\n<p>Bitmek bilmeyen toprak ve g\u00fc\u00e7 sava\u015flar\u0131 y\u00fcz\u00fcnden milyonlarca gen\u00e7 her g\u00fcn biraz daha umutsuzluk ve depresyonla ya\u015famaya \u00e7al\u0131\u015f\u0131yor.<\/p>\n<div dir=\"ltr\"><\/div>\n<p>Zaten\u00a0zor olan ya\u015fam \u015fartlar\u0131 gittik\u00e7e katlan\u0131lamaz hale geliyor.<\/p>\n<div dir=\"ltr\"><\/div>\n<p>Gelece\u011fimiz i\u00e7in g\u00fczel yar\u0131nlar\u0131m\u0131z\u0131n olabilmesi i\u00e7in bu sava\u015flar\u0131n bir an \u00f6nce bar\u0131\u015f i\u00e7inde sonlanmas\u0131\u00a0gerekiyor.<\/p>\n<div dir=\"ltr\"><\/div>\n<p>Sa\u011fl\u0131kl\u0131, umutlu yar\u0131nlar i\u00e7in her daim bar\u0131\u015ftan yana olal\u0131m&#8230;<\/p>\n<div dir=\"ltr\"><\/div>\n<p>HER BAHAR MUTLULUK MU GET\u0130R\u0130R?<\/p>\n<div dir=\"ltr\"><\/div>\n<p>&nbsp;<\/p>\n<div dir=\"ltr\"><\/div>\n<p>Bahar\u0131n geli\u015fi; taze, yeni umutlar, g\u00fczel ba\u015flang\u0131\u00e7lar demektir.<\/p>\n<div dir=\"ltr\"><\/div>\n<p>Peki bu bahar da \u00f6yle mi olacak?<\/p>\n<div dir=\"ltr\"><\/div>\n<p>Sava\u015f varken bahar\u0131n geli\u015fi bizi mutlu edebilecek mi?<\/p>\n<div dir=\"ltr\"><\/div>\n<p>Bitmek bilmeyen kara sava\u015flar\u0131 her g\u00fcn ba\u015fka bir co\u011frafyay\u0131 y\u0131kmaktad\u0131r.<\/p>\n<div dir=\"ltr\"><\/div>\n<p>Ba\u015flayan her sava\u015f, insanl\u0131\u011f\u0131n b\u00fct\u00fcn ne\u015fesini ve umutlu hayallerini yerle bir etmektedir.<\/p>\n<div dir=\"ltr\"><\/div>\n<p>Bizler bu bahar da umutsuzluk ve kayg\u0131 i\u00e7erisindeyiz.<\/p>\n<div dir=\"ltr\"><\/div>\n<p>Bu bahar ac\u0131 ve h\u00fcz\u00fcnle geldi.<\/p>\n<div dir=\"ltr\"><\/div>\n<p>Haks\u0131z yere \u00f6l\u00fcmlerin bitmesini, \u00e7ocuklar\u0131n<\/p>\n<div dir=\"ltr\"><\/div>\n<p>tekrar c\u0131v\u0131l c\u0131v\u0131l oldu\u011fu g\u00fcnlere en k\u0131sa s\u00fcrede geri d\u00f6nmesini diliyorum.<\/p>\n<div dir=\"ltr\"><\/div>\n<p>Y\u0131pratan, yok eden bu<\/p>\n<div dir=\"ltr\"><\/div>\n<p>sava\u015flar\u0131n\u00a0son bulmas\u0131n\u0131; bar\u0131\u015f i\u00e7inde bir ya\u015fam\u0131 arzuluyorum.<\/p>\n<div dir=\"ltr\"><\/div>\n<p>Baharlar eskisi gibi mutluluk i\u00e7inde gelsin.<\/p>\n<div dir=\"ltr\"><\/div>\n<p>En \u00e7ok da masum \u00e7ocuklar\u0131m\u0131z i\u00e7in gelsin&#8230;<\/p>\n","protected":false},"excerpt":{"rendered":"<p>D\u00fcnyan\u0131n d\u00f6rt bir yan\u0131nda bombalar\u00a0patlarken, biz\u00a0gen\u00e7ler gelece\u011fimizi nas\u0131l hayal edebiliriz? Ya\u015fam \u015fartlar\u0131 gittik\u00e7e zorla\u015fan bir\u00a0d\u00fcnyada, gen\u00e7ler\u00a0olarak kendimizi geli\u015ftirmeye ve ba\u015far\u0131l\u0131 olmaya \u00e7al\u0131\u015f\u0131rken artan gelecek\u00a0kayg\u0131s\u0131, ekonominin\u00a0fazlaca zorlanmas\u0131 ve her an sava\u015f\u0131n kap\u0131da olmas\u0131..! Bu durumda iken sa\u011fl\u0131kl\u0131 kalabilmek m\u00fcmk\u00fcn m\u00fcd\u00fcr? Bitmek bilmeyen toprak ve g\u00fc\u00e7 sava\u015flar\u0131 y\u00fcz\u00fcnden milyonlarca gen\u00e7 her g\u00fcn biraz daha umutsuzluk ve depresyonla [&hellip;]<\/p>\n","protected":false},"author":19,"featured_media":126812,"comment_status":"open","ping_status":"open","sticky":false,"template":"","format":"standard","meta":{"footnotes":""},"categories":[135],"tags":[],"class_list":["post-126947","post","type-post","status-publish","format-standard","has-post-thumbnail","hentry","category-kalem-ve-vicdan-nurhayat-oncel"],"views":586,"_links":{"self":[{"href":"https:\/\/mersingazetesi.com\/index.php\/wp-json\/wp\/v2\/posts\/126947","targetHints":{"allow":["GET"]}}],"collection":[{"href":"https:\/\/mersingazetesi.com\/index.php\/wp-json\/wp\/v2\/posts"}],"about":[{"href":"https:\/\/mersingazetesi.com\/index.php\/wp-json\/wp\/v2\/types\/post"}],"author":[{"embeddable":true,"href":"https:\/\/mersingazetesi.com\/index.php\/wp-json\/wp\/v2\/users\/19"}],"replies":[{"embeddable":true,"href":"https:\/\/mersingazetesi.com\/index.php\/wp-json\/wp\/v2\/comments?post=126947"}],"version-history":[{"count":1,"href":"https:\/\/mersingazetesi.com\/index.php\/wp-json\/wp\/v2\/posts\/126947\/revisions"}],"predecessor-version":[{"id":126948,"href":"https:\/\/mersingazetesi.com\/index.php\/wp-json\/wp\/v2\/posts\/126947\/revisions\/126948"}],"wp:featuredmedia":[{"embeddable":true,"href":"https:\/\/mersingazetesi.com\/index.php\/wp-json\/wp\/v2\/media\/126812"}],"wp:attachment":[{"href":"https:\/\/mersingazetesi.com\/index.php\/wp-json\/wp\/v2\/media?parent=126947"}],"wp:term":[{"taxonomy":"category","embeddable":true,"href":"https:\/\/mersingazetesi.com\/index.php\/wp-json\/wp\/v2\/categories?post=126947"},{"taxonomy":"post_tag","embeddable":true,"href":"https:\/\/mersingazetesi.com\/index.php\/wp-json\/wp\/v2\/tags?post=126947"}],"curies":[{"name":"wp","href":"https:\/\/api.w.org\/{rel}","templated":true}]}}