{"id":126903,"date":"2026-03-04T12:45:20","date_gmt":"2026-03-04T09:45:20","guid":{"rendered":"https:\/\/mersingazetesi.com\/?p=126903"},"modified":"2026-03-04T12:45:20","modified_gmt":"2026-03-04T09:45:20","slug":"mersin-13-milletvekili-cikaracak","status":"publish","type":"post","link":"https:\/\/mersingazetesi.com\/index.php\/2026\/03\/04\/mersin-13-milletvekili-cikaracak\/","title":{"rendered":"MERS\u0130N 13 M\u0130LLETVEK\u0130L\u0130 \u00c7IKARACAK"},"content":{"rendered":"<p>Resmi Gazete&#8217;de yay\u0131mlanan\u00a0Y\u00fcksek Se\u00e7im Kurulu\u00a0karar\u0131na g\u00f6re se\u00e7im \u00e7evrelerinin \u00e7\u0131karaca\u011f\u0131\u00a0milletvekili\u00a0say\u0131lar\u0131 belirlendi. Milletvekili Se\u00e7im Kanunu&#8217;nun 5&#8217;inci maddesi Y\u00fcksek Se\u00e7im Kurulu&#8217;na, genel n\u00fcfus say\u0131m\u0131 sonu\u00e7lar\u0131n\u0131n a\u00e7\u0131klanmas\u0131ndan alt\u0131 ay i\u00e7inde se\u00e7im \u00e7evrelerini ve milletvekili say\u0131lar\u0131n\u0131 belirleme y\u00fck\u00fcml\u00fcl\u00fc\u011f\u00fc veriyor. T\u00dc\u0130K taraf\u0131ndan ilan edilen n\u00fcfusu say\u0131m\u0131 sonu\u00e7lar\u0131n\u0131n ard\u0131ndan toplanan Y\u00fcksek Se\u00e7im Kurulu&#8217;nun karar\u0131 do\u011frultusunda 96 milletvekili \u00e7\u0131karan \u0130stanbul \u00fc\u00e7 se\u00e7im \u00e7evresine, 37 milletvekili \u00e7\u0131karan Ankara \u00fc\u00e7 se\u00e7im \u00e7evresine, 28 milletvekili \u00e7\u0131karan \u0130zmir \u00fc\u00e7 se\u00e7im \u00e7evresine, 21 milletvekili \u00e7\u0131karan Bursa da iki se\u00e7im \u00e7evresine b\u00f6l\u00fcnd\u00fc.<\/p>\n<p>Di\u011fer illerin \u00e7\u0131karaca\u011f\u0131 milletvekilleri say\u0131lar\u0131 \u015f\u00f6yle:<\/p>\n<div id=\"feedbannerslot2\"><\/div>\n<p>Adana 15, Ad\u0131yaman 5, Afyonkarahisar 6, A\u011fr\u0131 4, Amasya 3, Antalya 18, Artvin 2, Ayd\u0131n 8, Bal\u0131kesir 9, Bilecik 2, Bing\u00f6l 3, Bitlis 3, Bolu 3, Burdur 3, \u00c7anakkale 4, \u00c7ank\u0131r\u0131 2, \u00c7orum 4, Denizli 7, Diyarbak\u0131r 12, Edirne 4, Elaz\u0131\u011f 5, Erzincan 2, Erzurum 5, Eski\u015fehir 7, Gaziantep 14, Giresun 4, G\u00fcm\u00fc\u015fhane 2, Hakkari 3, Hatay 10, Isparta 4, Mersin 13, Kars 3, Kastamonu 3, Kayseri 10, K\u0131rklareli 3, K\u0131r\u015fehir 2, Kocaeli 14, Konya 15, K\u00fctahya 4, Malatya 6, Manisa 10, Kahramanmara\u015f 8, Mardin 6, Mu\u011fla 8, Mu\u015f 3, Nev\u015fehir 3, Ni\u011fde 3, Ordu 6, Rize 3, Sakarya 8, Samsun 9, Siirt 3, Sinop 2, Sivas 5, Tekirda\u011f 8, Tokat 5, Trabzon 6, Tunceli 2, \u015eanl\u0131urfa 15, U\u015fak 3, Van 8, Yozgat 3, Zonguldak 5, Aksaray 4, Bayburt 1, Karaman 3, K\u0131r\u0131kkale 3, Batman 5, \u015e\u0131rnak 4, Bart\u0131n 2, Ardahan 2, I\u011fd\u0131r 2, Yalova 3, Karab\u00fck 2, Kilis 2, Osmaniye 4, D\u00fczce 3.<\/p>\n","protected":false},"excerpt":{"rendered":"<p>Resmi Gazete&#8217;de yay\u0131mlanan\u00a0Y\u00fcksek Se\u00e7im Kurulu\u00a0karar\u0131na g\u00f6re se\u00e7im \u00e7evrelerinin \u00e7\u0131karaca\u011f\u0131\u00a0milletvekili\u00a0say\u0131lar\u0131 belirlendi. Milletvekili Se\u00e7im Kanunu&#8217;nun 5&#8217;inci maddesi Y\u00fcksek Se\u00e7im Kurulu&#8217;na, genel n\u00fcfus say\u0131m\u0131 sonu\u00e7lar\u0131n\u0131n a\u00e7\u0131klanmas\u0131ndan alt\u0131 ay i\u00e7inde se\u00e7im \u00e7evrelerini ve milletvekili say\u0131lar\u0131n\u0131 belirleme y\u00fck\u00fcml\u00fcl\u00fc\u011f\u00fc veriyor. T\u00dc\u0130K taraf\u0131ndan ilan edilen n\u00fcfusu say\u0131m\u0131 sonu\u00e7lar\u0131n\u0131n ard\u0131ndan toplanan Y\u00fcksek Se\u00e7im Kurulu&#8217;nun karar\u0131 do\u011frultusunda 96 milletvekili \u00e7\u0131karan \u0130stanbul \u00fc\u00e7 se\u00e7im \u00e7evresine, [&hellip;]<\/p>\n","protected":false},"author":2,"featured_media":126904,"comment_status":"open","ping_status":"open","sticky":false,"template":"","format":"standard","meta":{"footnotes":""},"categories":[8],"tags":[],"class_list":["post-126903","post","type-post","status-publish","format-standard","has-post-thumbnail","hentry","category-mersin"],"views":1106,"_links":{"self":[{"href":"https:\/\/mersingazetesi.com\/index.php\/wp-json\/wp\/v2\/posts\/126903","targetHints":{"allow":["GET"]}}],"collection":[{"href":"https:\/\/mersingazetesi.com\/index.php\/wp-json\/wp\/v2\/posts"}],"about":[{"href":"https:\/\/mersingazetesi.com\/index.php\/wp-json\/wp\/v2\/types\/post"}],"author":[{"embeddable":true,"href":"https:\/\/mersingazetesi.com\/index.php\/wp-json\/wp\/v2\/users\/2"}],"replies":[{"embeddable":true,"href":"https:\/\/mersingazetesi.com\/index.php\/wp-json\/wp\/v2\/comments?post=126903"}],"version-history":[{"count":2,"href":"https:\/\/mersingazetesi.com\/index.php\/wp-json\/wp\/v2\/posts\/126903\/revisions"}],"predecessor-version":[{"id":126906,"href":"https:\/\/mersingazetesi.com\/index.php\/wp-json\/wp\/v2\/posts\/126903\/revisions\/126906"}],"wp:featuredmedia":[{"embeddable":true,"href":"https:\/\/mersingazetesi.com\/index.php\/wp-json\/wp\/v2\/media\/126904"}],"wp:attachment":[{"href":"https:\/\/mersingazetesi.com\/index.php\/wp-json\/wp\/v2\/media?parent=126903"}],"wp:term":[{"taxonomy":"category","embeddable":true,"href":"https:\/\/mersingazetesi.com\/index.php\/wp-json\/wp\/v2\/categories?post=126903"},{"taxonomy":"post_tag","embeddable":true,"href":"https:\/\/mersingazetesi.com\/index.php\/wp-json\/wp\/v2\/tags?post=126903"}],"curies":[{"name":"wp","href":"https:\/\/api.w.org\/{rel}","templated":true}]}}