{"id":126877,"date":"2026-03-04T09:51:56","date_gmt":"2026-03-04T06:51:56","guid":{"rendered":"https:\/\/mersingazetesi.com\/?p=126877"},"modified":"2026-03-04T09:51:56","modified_gmt":"2026-03-04T06:51:56","slug":"gul-akyurek-balta-universite-sanayi-is-birligi-onemli","status":"publish","type":"post","link":"https:\/\/mersingazetesi.com\/index.php\/2026\/03\/04\/gul-akyurek-balta-universite-sanayi-is-birligi-onemli\/","title":{"rendered":"G\u00dcL AKY\u00dcREK BALTA: &#8216;\u00dcN\u0130VERS\u0130TE-SANAY\u0130 \u0130\u015e B\u0130RL\u0130\u011e\u0130 \u00d6NEML\u0130&#8217;"},"content":{"rendered":"<p>T\u00fciosb G\u0131da \u0130htisas ve Karma Organize Sanayi B\u00f6lgesi -T\u00dc\u0130OSB- Y\u00f6netim Kurulu Ba\u015fkan\u0131 G\u00fcl Aky\u00fcrek Balta, Giri\u015fimci \u0130\u015f Kad\u0131nlar\u0131 Derne\u011fi (G\u0130\u015eKAD) taraf\u0131ndan hayata ge\u00e7irilen \u0130\u00e7i\u015fleri Bakanl\u0131\u011f\u0131 Sivil Toplum \u0130li\u015fkiler Genel M\u00fcd\u00fcrl\u00fc\u011f\u00fc\u2019nce desteklenen \u2018Giri\u015fimci Kad\u0131nlar Liman\u0131\u2019 projesi kapsam\u0131nda, \u201cGiri\u015fimcilik ve Akademik Yetkinlikler Paneli ve \u00c7al\u0131\u015ftay\u0131\u201d etkinli\u011fine kat\u0131ld\u0131. Etkinlikte panelist olarak sorular\u0131 cevaplayan Ba\u015fkan Balta, \u00dcniversite \u2013 Sanayi i\u015f birli\u011finin \u00f6nemine vurgu yapt\u0131.<\/p>\n<div class=\"Y3BBE\" data-sfc-cp=\"\" data-sfc-cb=\"\" data-hveid=\"CAEQAA\" data-processed=\"true\" data-complete=\"true\">T\u00dc\u0130OSB Y\u00f6netim Kurulu Ba\u015fkan\u0131 G\u00fcl Aky\u00fcrek Balta&#8217;n\u0131n kat\u0131ld\u0131\u011f\u0131 bu etkinlik, Mersin yerelinde sanayi ve akademi aras\u0131ndaki k\u00f6pr\u00fcleri g\u00fc\u00e7lendirmeyi hedefleyen \u00f6nemli bir ad\u0131m olarak \u00f6ne \u00e7\u0131k\u0131yor. G\u00fcl Aky\u00fcrek Balta\u2019n\u0131n panelde yapt\u0131\u011f\u0131 vurgulardan \u00f6ne \u00e7\u0131kan noktalar \u015funlar:<\/div>\n<div data-sfc-cp=\"\" data-sfc-cb=\"\" data-hveid=\"CAEQAA\" data-processed=\"true\" data-complete=\"true\"><\/div>\n<div class=\"Y3BBE\" data-sfc-cp=\"\" data-sfc-cb=\"\" data-hveid=\"CAEQAA\" data-processed=\"true\" data-complete=\"true\">G\u00fcl Aky\u00fcrek Balta, <span class=\"T286Pc\" data-sfc-cp=\"\" data-sfc-cb=\"\" data-complete=\"true\">\u00fcniversite-Sanayi \u0130\u015f Birli\u011finde teorik bilginin pratik sanayi deneyimiyle birle\u015fmesinin, b\u00f6lgedeki giri\u015fimcilik ekosistemini ve ekonomik kalk\u0131nmay\u0131 h\u0131zland\u0131raca\u011f\u0131n\u0131 belirtti ve <\/span><span class=\"T286Pc\" data-sfc-cp=\"\" data-sfc-cb=\"\" data-complete=\"true\">G\u0130\u015eKAD\u2019\u0131n projesi kapsam\u0131nda, kad\u0131nlar\u0131n i\u015f d\u00fcnyas\u0131ndaki yetkinliklerini akademik destekle art\u0131rmalar\u0131n\u0131n \u00f6nemine de\u011findi. <\/span><span class=\"T286Pc\" data-sfc-cp=\"\" data-sfc-cb=\"\" data-complete=\"true\">\u0130novasyon ve Strateji alan\u0131nda sanayicilerin akademik veri ve y\u00f6ntemleri kullanarak daha rekabet\u00e7i hale gelebilece\u011fi mesaj\u0131n\u0131 veren G\u00fcl Aky\u00fcrek Balta, b<\/span>u panelin Mersin&#8217;in sanayi potansiyelini e\u011fitimle birle\u015ftirerek kad\u0131n giri\u015fimciler i\u00e7in daha g\u00fc\u00e7l\u00fc bir liman olu\u015fturma vizyonunu destekledi\u011fni s\u00f6yledi.<\/div>\n<p class=\"html-h1 xdj266r x14z9mp xat24cr x1lziwak xexx8yu xyri2b x18d9i69 x1c1uobl x1vvkbs x1heor9g x1qlqyl8 x1pd3egz x1a2a7pz\">Panel plaket takdimi ile sona erdi.<\/p>\n","protected":false},"excerpt":{"rendered":"<p>T\u00fciosb G\u0131da \u0130htisas ve Karma Organize Sanayi B\u00f6lgesi -T\u00dc\u0130OSB- Y\u00f6netim Kurulu Ba\u015fkan\u0131 G\u00fcl Aky\u00fcrek Balta, Giri\u015fimci \u0130\u015f Kad\u0131nlar\u0131 Derne\u011fi (G\u0130\u015eKAD) taraf\u0131ndan hayata ge\u00e7irilen \u0130\u00e7i\u015fleri Bakanl\u0131\u011f\u0131 Sivil Toplum \u0130li\u015fkiler Genel M\u00fcd\u00fcrl\u00fc\u011f\u00fc\u2019nce desteklenen \u2018Giri\u015fimci Kad\u0131nlar Liman\u0131\u2019 projesi kapsam\u0131nda, \u201cGiri\u015fimcilik ve Akademik Yetkinlikler Paneli ve \u00c7al\u0131\u015ftay\u0131\u201d etkinli\u011fine kat\u0131ld\u0131. Etkinlikte panelist olarak sorular\u0131 cevaplayan Ba\u015fkan Balta, \u00dcniversite \u2013 Sanayi [&hellip;]<\/p>\n","protected":false},"author":2,"featured_media":126878,"comment_status":"open","ping_status":"open","sticky":false,"template":"","format":"standard","meta":{"footnotes":""},"categories":[2,8],"tags":[],"class_list":["post-126877","post","type-post","status-publish","format-standard","has-post-thumbnail","hentry","category-kadin","category-mersin"],"views":908,"_links":{"self":[{"href":"https:\/\/mersingazetesi.com\/index.php\/wp-json\/wp\/v2\/posts\/126877","targetHints":{"allow":["GET"]}}],"collection":[{"href":"https:\/\/mersingazetesi.com\/index.php\/wp-json\/wp\/v2\/posts"}],"about":[{"href":"https:\/\/mersingazetesi.com\/index.php\/wp-json\/wp\/v2\/types\/post"}],"author":[{"embeddable":true,"href":"https:\/\/mersingazetesi.com\/index.php\/wp-json\/wp\/v2\/users\/2"}],"replies":[{"embeddable":true,"href":"https:\/\/mersingazetesi.com\/index.php\/wp-json\/wp\/v2\/comments?post=126877"}],"version-history":[{"count":2,"href":"https:\/\/mersingazetesi.com\/index.php\/wp-json\/wp\/v2\/posts\/126877\/revisions"}],"predecessor-version":[{"id":126880,"href":"https:\/\/mersingazetesi.com\/index.php\/wp-json\/wp\/v2\/posts\/126877\/revisions\/126880"}],"wp:featuredmedia":[{"embeddable":true,"href":"https:\/\/mersingazetesi.com\/index.php\/wp-json\/wp\/v2\/media\/126878"}],"wp:attachment":[{"href":"https:\/\/mersingazetesi.com\/index.php\/wp-json\/wp\/v2\/media?parent=126877"}],"wp:term":[{"taxonomy":"category","embeddable":true,"href":"https:\/\/mersingazetesi.com\/index.php\/wp-json\/wp\/v2\/categories?post=126877"},{"taxonomy":"post_tag","embeddable":true,"href":"https:\/\/mersingazetesi.com\/index.php\/wp-json\/wp\/v2\/tags?post=126877"}],"curies":[{"name":"wp","href":"https:\/\/api.w.org\/{rel}","templated":true}]}}