{"id":126871,"date":"2026-03-04T09:42:59","date_gmt":"2026-03-04T06:42:59","guid":{"rendered":"https:\/\/mersingazetesi.com\/?p=126871"},"modified":"2026-03-04T09:42:59","modified_gmt":"2026-03-04T06:42:59","slug":"savas-dibimizde-mersinli-siren-calsa-nereye-gidecek","status":"publish","type":"post","link":"https:\/\/mersingazetesi.com\/index.php\/2026\/03\/04\/savas-dibimizde-mersinli-siren-calsa-nereye-gidecek\/","title":{"rendered":"SAVA\u015e D\u0130B\u0130M\u0130ZDE\u2026   MERS\u0130NL\u0130 S\u0130REN \u00c7ALSA NEREYE G\u0130DECEK?"},"content":{"rendered":"<p>Ortado\u011fu\u2019daki gerilim t\u0131rman\u0131rken ak\u0131llardaki soru net: Yar\u0131n sirenler \u00e7alsa Mersinliler hangi s\u0131\u011f\u0131na\u011fa y\u00f6nelecek?<\/p>\n<p>Kentte kamuoyuna a\u00e7\u0131k, adresi ilan edilmi\u015f tam kapsaml\u0131 bir \u201cmerkez s\u0131\u011f\u0131nak haritas\u0131\u201d bulunmuyor. Mevcut durumda apartman bodrumlar\u0131, site s\u0131\u011f\u0131naklar\u0131 ve baz\u0131 kamu binalar\u0131ndaki alanlar olas\u0131 bir tehlikede ilk ba\u015fvurulacak yerler olarak \u00f6ne \u00e7\u0131k\u0131yor.<\/p>\n<p>\u00d6te yandan son y\u00f6netmeliklerle birlikte millet bah\u00e7eleri, b\u00fcy\u00fck parklar, AVM\u2019ler ve toplu kullan\u0131m alanlar\u0131n\u0131n alt\u0131na modern s\u0131\u011f\u0131naklar yap\u0131lmas\u0131 planlan\u0131yor. Bu alanlar\u0131n afet ve sava\u015f durumlar\u0131nda devreye al\u0131nmas\u0131 \u00f6ng\u00f6r\u00fcl\u00fcyor.<\/p>\n<p>Uzmanlara g\u00f6re siren an\u0131nda:<\/p>\n<ul>\n<li>Bina i\u00e7indeyseniz bodrum katlara ve penceresiz i\u00e7 b\u00f6l\u00fcmlere inin.<\/li>\n<li>A\u00e7\u0131k alandaysan\u0131z en yak\u0131n kapal\u0131 ve sa\u011flam yap\u0131ya y\u00f6nelin.<\/li>\n<li>Resm\u00ee duyurular i\u00e7in AFAD ve Valilik a\u00e7\u0131klamalar\u0131n\u0131 takip edin.<\/li>\n<\/ul>\n<p>Ancak as\u0131l soru h\u00e2l\u00e2 yan\u0131t bekliyor:<\/p>\n<p>Mersin\u2019de hangi mahallede, hangi sokakta, ka\u00e7 ki\u015filik s\u0131\u011f\u0131nak var?<\/p>\n<p>Kentte ya\u015fayan milyonlar i\u00e7in bu sorunun net cevab\u0131 hen\u00fcz kamuoyuna a\u00e7\u0131klanm\u0131\u015f de\u011fil.<\/p>\n","protected":false},"excerpt":{"rendered":"<p>Ortado\u011fu\u2019daki gerilim t\u0131rman\u0131rken ak\u0131llardaki soru net: Yar\u0131n sirenler \u00e7alsa Mersinliler hangi s\u0131\u011f\u0131na\u011fa y\u00f6nelecek? Kentte kamuoyuna a\u00e7\u0131k, adresi ilan edilmi\u015f tam kapsaml\u0131 bir \u201cmerkez s\u0131\u011f\u0131nak haritas\u0131\u201d bulunmuyor. Mevcut durumda apartman bodrumlar\u0131, site s\u0131\u011f\u0131naklar\u0131 ve baz\u0131 kamu binalar\u0131ndaki alanlar olas\u0131 bir tehlikede ilk ba\u015fvurulacak yerler olarak \u00f6ne \u00e7\u0131k\u0131yor. \u00d6te yandan son y\u00f6netmeliklerle birlikte millet bah\u00e7eleri, b\u00fcy\u00fck parklar, [&hellip;]<\/p>\n","protected":false},"author":2,"featured_media":126872,"comment_status":"open","ping_status":"open","sticky":false,"template":"","format":"standard","meta":{"footnotes":""},"categories":[8],"tags":[],"class_list":["post-126871","post","type-post","status-publish","format-standard","has-post-thumbnail","hentry","category-mersin"],"views":1001,"_links":{"self":[{"href":"https:\/\/mersingazetesi.com\/index.php\/wp-json\/wp\/v2\/posts\/126871","targetHints":{"allow":["GET"]}}],"collection":[{"href":"https:\/\/mersingazetesi.com\/index.php\/wp-json\/wp\/v2\/posts"}],"about":[{"href":"https:\/\/mersingazetesi.com\/index.php\/wp-json\/wp\/v2\/types\/post"}],"author":[{"embeddable":true,"href":"https:\/\/mersingazetesi.com\/index.php\/wp-json\/wp\/v2\/users\/2"}],"replies":[{"embeddable":true,"href":"https:\/\/mersingazetesi.com\/index.php\/wp-json\/wp\/v2\/comments?post=126871"}],"version-history":[{"count":1,"href":"https:\/\/mersingazetesi.com\/index.php\/wp-json\/wp\/v2\/posts\/126871\/revisions"}],"predecessor-version":[{"id":126873,"href":"https:\/\/mersingazetesi.com\/index.php\/wp-json\/wp\/v2\/posts\/126871\/revisions\/126873"}],"wp:featuredmedia":[{"embeddable":true,"href":"https:\/\/mersingazetesi.com\/index.php\/wp-json\/wp\/v2\/media\/126872"}],"wp:attachment":[{"href":"https:\/\/mersingazetesi.com\/index.php\/wp-json\/wp\/v2\/media?parent=126871"}],"wp:term":[{"taxonomy":"category","embeddable":true,"href":"https:\/\/mersingazetesi.com\/index.php\/wp-json\/wp\/v2\/categories?post=126871"},{"taxonomy":"post_tag","embeddable":true,"href":"https:\/\/mersingazetesi.com\/index.php\/wp-json\/wp\/v2\/tags?post=126871"}],"curies":[{"name":"wp","href":"https:\/\/api.w.org\/{rel}","templated":true}]}}