{"id":125128,"date":"2026-02-13T11:20:29","date_gmt":"2026-02-13T08:20:29","guid":{"rendered":"https:\/\/mersingazetesi.com\/?p=125128"},"modified":"2026-02-13T11:20:29","modified_gmt":"2026-02-13T08:20:29","slug":"28-subat-1997-darbesinin-ic-yuzunu-bir-de-benden-dinleyiniz-1","status":"publish","type":"post","link":"https:\/\/mersingazetesi.com\/index.php\/2026\/02\/13\/28-subat-1997-darbesinin-ic-yuzunu-bir-de-benden-dinleyiniz-1\/","title":{"rendered":"28 \u015eUBAT 1997 DARBES\u0130N\u0130N \u0130\u00c7 Y\u00dcZ\u00dcN\u00dc B\u0130R DE BENDEN D\u0130NLEY\u0130N\u0130Z ( 1 )"},"content":{"rendered":"<div class=\"gs\">\n<div class=\"\">\n<div id=\":ty\" class=\"ii gt\">\n<div id=\":mt\" class=\"a3s aiL\">\n<div id=\"avWBGd-17\">\n<div dir=\"ltr\">\n<div dir=\"auto\">28 \u015eubat&#8217;a az bir s\u00fcre kala televizyon kanallar\u0131nda 28 \u015eubat 1997 Post modern darbe ile ilgili bir\u00e7ok programlar, haberler, r\u00f6portajlar yay\u0131mland\u0131 ve yay\u0131nlanmaya devamediyor.<\/div>\n<div dir=\"auto\">28 \u015eubat s\u00fcrecinin \u00fclkemize yapt\u0131\u011f\u0131 tahribat\u0131 bilmeyenlere baz\u0131 hat\u0131rlatmalar\u0131m\u0131z var:<\/div>\n<div dir=\"auto\">Bundan 27 y\u0131l \u00f6nce ya\u015fanan ve izleri hala devam eden 28 \u015eubat Postmodern darbe d\u00f6nemi unutulmamal\u0131d\u0131r.<\/div>\n<div dir=\"auto\">\u201c28 \u015eubat S\u00fcreci\u201d ya da \u201cPost-modern Darbe\u201d ifadesi Milli G\u00fcvenlik Kurulu taraf\u0131ndan Refahyol iktidar\u0131 d\u00f6neminde, 28 \u015eubat 1997\u2019de yap\u0131lan toplant\u0131da al\u0131nan kararlar\u0131 ve bu kararlar sonras\u0131nda geli\u015fen s\u00fcreci ifade etmek i\u00e7in kullan\u0131lm\u0131\u015ft\u0131r.<\/div>\n<div dir=\"auto\">Post-modern darbe olarak adland\u0131r\u0131lmas\u0131n\u0131n temel nedeni, ordunun ald\u0131\u011f\u0131 kararlar\u0131 y\u00f6netime do\u011frudan el koyarak de\u011fil, mevcut h\u00fck\u00fcmete onaylatarak uygulamaya koymas\u0131d\u0131r.<\/div>\n<div dir=\"auto\">28 \u015eubat 1997 \u2018de 10 y\u0131ll\u0131k Milli E\u011fitim M\u00fcd\u00fcr\u00fc idim ve 28 \u015eubat olaylar\u0131n\u0131 hayretle \u2013 ibretle izledim ve ya\u015fad\u0131m.<\/div>\n<div dir=\"auto\">30 \u2018a yak\u0131n takdir, te\u015fekk\u00fcr, ba\u015far\u0131 belgem olmas\u0131na ra\u011fmen ben de 28 \u015eubat ma\u011fdurlar\u0131ndan oldum.<\/div>\n<div dir=\"auto\">28 \u015eubat darbesinin i\u00e7y\u00fcz\u00fcn\u00fc bir de benden dinleyiniz.<\/div>\n<div dir=\"auto\">\u00d6ncelikle T\u00dcRK\u0130YEM\u0130Z\u0130 28 \u015eubat \u201cPost modern Darbe \u201dye s\u00fcr\u00fckleyen geli\u015fmelerin 6 ay \u00f6ncesini ve 4 ay sonras\u0131n\u0131 sizlerle payla\u015fmak istiyorum:<\/div>\n<div dir=\"auto\">2 A\u011fustos 1996\u2019da: Say\u0131n Necmettin Erbakan&#8217;\u0131n ba\u015fbakanl\u0131\u011f\u0131nda 28 Haziran 1996\u2019da kurulan Refah Yol h\u00fck\u00fcmeti,13 Subay\u2019\u0131n irtica gerek\u00e7esiyle ordudan ihra\u00e7 edildi\u011fi ilk Y\u00fcksek Askeri \u015e\u00fbra toplant\u0131s\u0131na kat\u0131lm\u0131\u015ft\u0131\u2026<\/div>\n<div dir=\"auto\">5 A\u011fustos 1996&#8217;da: Ba\u015fbakan Say\u0131n Necmettin Erbakan Y\u00fcksek Askeri \u015e\u00fbra \u00fcyelerine yemek vermi\u015fti\u2026<\/div>\n<div dir=\"auto\">Yemekte Oramiral Say\u0131n G\u00fcven Erkaya garsona: \u201cBana rak\u0131 getir evlad\u0131m\u201d demi\u015f ve ortam\u0131n gerilmesine sebep olmu\u015ftu\u2026<\/div>\n<div dir=\"auto\">14 A\u011fustos 1996&#8217;da: Ba\u015fbakan Say\u0131n Necmettin Erbakan ilk yurt d\u0131\u015f\u0131 gezisini \u0130ran\u2019a yapm\u0131\u015f ve Postmodern darbecilerinin hedefi olmu\u015ftu\u2026<\/div>\n<div dir=\"auto\">7 Eyl\u00fcl 1996 \u2018 da: Barolar Birli\u011fi ba\u015fkan\u0131 Say\u0131n Eralp \u00d6zgen ile Yarg\u0131tay ba\u015fkan\u0131 say\u0131n M\u00fcfit Utku adl\u00ee y\u0131l\u0131n a\u00e7\u0131\u015f konu\u015fmas\u0131nda laiklik vurgusu yapm\u0131\u015ft\u0131\u2026<\/div>\n<div dir=\"auto\">\u00d6zellikle Say\u0131n \u00d6zgen\u2019in T\u00fcrkiye\u2019deki insanlar\u0131n \u015feriat korkusuyla ya\u015fad\u0131\u011f\u0131 iddias\u0131n\u0131 ortaya atmas\u0131 dikkat \u00e7ekici olmu\u015ftu\u2026<\/div>\n<div dir=\"auto\">21 Eyl\u00fcl 1996 \u2018da: T\u00dcS\u0130AD olarak say\u0131n Rahmi Ko\u00e7 ve say\u0131n Sak\u0131p Sabanc\u0131\u2019n\u0131n erken se\u00e7im istemesi gazetelere man\u015fet olmu\u015ftu\u2026<\/div>\n<div dir=\"auto\">23 Eyl\u00fcl 1996 \u2018 da: Anavatan Partisi Genel Ba\u015fkan\u0131 say\u0131n Mesut Y\u0131lmaz h\u00fck\u00fcmeti d\u00fc\u015f\u00fcreceklerine dair beyanatlar vermi\u015fti\u2026<\/div>\n<div dir=\"auto\">30 Eyl\u00fcl 1996&#8217;da: Cumhurba\u015fkan\u0131 say\u0131n S\u00fcleyman Demirel \u201claikli\u011fin k\u0131ymetini bilin \u201ddiye beyanatlar vermi\u015fti\u2026<\/div>\n<div dir=\"auto\">Bu Say\u0131n Demirel&#8217;in h\u00fck\u00fcmete bir uyar\u0131s\u0131 olarak de\u011ferlendirilmi\u015fti\u2026<\/div>\n<div dir=\"auto\">3 Ekim 1996&#8217;da: Ba\u015fbakan Say\u0131n Necmettin Erbakan Libya, M\u0131s\u0131r ve Nijerya\u2019y\u0131 kapsayan resmi bir geziye \u00e7\u0131km\u0131\u015ft\u0131\u2026<\/div>\n<div dir=\"auto\">Libya lideri Kaddafi\u2019nin kendisini \u00e7ad\u0131rda a\u011f\u0131rlamas\u0131 ve PKK\u2019ya destek veren s\u00f6zlerine tepki vermedi\u011fi iddia edilmi\u015f, ortam gerilmi\u015fti\u2026<\/div>\n<div dir=\"auto\">17 Ekim 1996 \u2018 da: Libya gezisinin ard\u0131ndan say\u0131n Erbakan i\u00e7in T.B.M. Meclisi\u2019ne gensoru \u00f6nergesi verilmi\u015f, \u00f6nerge reddedilmi\u015fti\u2026<\/div>\n<div dir=\"auto\">23 Ekim 1996 \u2018 da: 28 \u015eubat\u00e7\u0131lar\u0131n organize etti\u011fi ve daha sonralar\u0131 k\u00f6k\u00fc Ergenekon\u2019a kadar uzand\u0131\u011f\u0131 tespit edilen Aczimendiler ortaya \u00e7\u0131kar\u0131lm\u0131\u015f ve 113 ki\u015fi g\u00f6zalt\u0131na al\u0131nm\u0131\u015ft\u0131\u2026<\/div>\n<div dir=\"auto\">Sonradan bunlar\u0131n d\u00fczmece oldu\u011fu anla\u015f\u0131lm\u0131\u015ft\u0131\u2026<\/div>\n<div dir=\"auto\">3 Kas\u0131m 1996&#8217;da: Susurluk kazas\u0131nda H\u00fcseyin Kocada\u011f, Abdullah \u00c7atl\u0131 ve Gonca Us hayat\u0131n\u0131 kaybetmi\u015fti\u2026<\/div>\n<div dir=\"auto\">Sedat Bucak a\u011f\u0131r yaralanm\u0131\u015ft\u0131\u2026<\/div>\n<div dir=\"auto\">Olay\u0131n ard\u0131ndan 28 \u015eubat\u00e7\u0131lar taraf\u0131ndan devlet-mafya-polis \u00fc\u00e7geni g\u00fcndeme getirilmi\u015f ve gerginli\u011fin t\u0131rmanmas\u0131 istenmi\u015fti\u2026<\/div>\n<div dir=\"auto\">8 Kas\u0131m 1996 7 da: \u0130\u00e7i\u015fleri bakan\u0131 say\u0131n Mehmet A\u011far istifa etmi\u015f yerine say\u0131n Meral Ak\u015fener getirilmi\u015fti\u2026<\/div>\n<div dir=\"auto\">24 Kas\u0131m 1996 \u2018 da: Say\u0131n Mesut Y\u0131lmaz Abdullah \u00c7atl\u0131 ile ilgili a\u00e7\u0131klamalar\u0131 sebebiyle Macaristan\u2019da otel lobisinde sald\u0131r\u0131ya u\u011fram\u0131\u015ft\u0131\u2026<\/div>\n<div dir=\"auto\">7 Aral\u0131k 1996 \u2018 da: Ankara Devlet G\u00fcvenlik Mahkemesi savc\u0131s\u0131 say\u0131n Nuh Mete Y\u00fcksel, ba\u015fbakan say\u0131n Necmettin Erbakan, \u00c7al\u0131\u015fma bakan\u0131 say\u0131n Necati \u00c7elik ve baz\u0131 milletvekilleri hakk\u0131nda su\u00e7 duyurusunda bulunmu\u015ftu\u2026<\/div>\n<div dir=\"auto\">10 Aral\u0131k 1996 \u2018 da: Altm\u0131\u015f bir \u00dcniversite rekt\u00f6r\u00fcn\u00fcn kat\u0131ld\u0131\u011f\u0131 rekt\u00f6rler komitesi Y\u00d6K ba\u015fkan\u0131 say\u0131n Kemal G\u00fcr\u00fcz\u2019 \u00fcn okudu\u011fu bir deklarasyon yay\u0131mlayarak Susurluk ve bas\u0131na bask\u0131 konular\u0131nda h\u00fck\u00fcmete sert bir uyar\u0131da bulunmu\u015ftu\u2026<\/div>\n<div dir=\"auto\">28 Aral\u0131k 1996 \u2018 da: Sonradan Ergenekon \u00f6rg\u00fct\u00fcne ve 28 \u015eubat postmodern darbe\u2019ye dayanan Fadime \u015eahin \u2013 M\u00fcsl\u00fcm G\u00fcnd\u00fcz \u2013 Ali Kalkanc\u0131 olaylar\u0131 patlak vermi\u015fti\u2026<\/div>\n<div dir=\"auto\">Aczimendilerin lideri olarak s\u00f6ylenen M\u00fcsl\u00fcm G\u00fcnd\u00fcz Fadime \u015eahin ile gazeteci Say\u0131n H\u00fcseyin \u00dczmez&#8217;in evinde bas\u0131lm\u0131\u015ft\u0131\u2026<\/div>\n<div dir=\"auto\">Haz\u0131rlanan senaryo gere\u011fi sahte \u015feyh Ali Kalkanc\u0131 aylarca televizyonlarda boy g\u00f6stermi\u015fti, s\u0131rf:\u201c\u00dclke ne hallere d\u00fc\u015ft\u00fc?..\u201ddensin diye\u2026<\/div>\n<div dir=\"auto\">7 Ocak 1997&#8217;de: Refah yol h\u00fck\u00fcmetine tepki g\u00f6stererek Do\u011fru Yol Partisinden istifa edenler, Say\u0131n H\u00fcsamettin Cindoruk\u2019un genel ba\u015fkanl\u0131\u011f\u0131nda Demokratik T\u00fcrkiye Partisini kurmu\u015ftu\u2026<\/div>\n<div dir=\"auto\">11 Ocak 1997 \u2018 de: Ba\u015fbakan Say\u0131n Necmettin Erbakan, baz\u0131 dini cemaat liderlerini Ba\u015fbakanl\u0131kkonutundaiftaryeme\u011f<wbr \/>ine\u00e7a\u011f\u0131rm\u0131\u015ft\u0131\u2026<\/div>\n<div dir=\"auto\">Gazeteler olay\u0131: \u201cHoca\u2019n\u0131n \u00f6zel konuklar\u0131\u201d diye duyurmu\u015f ve ortam yine gerilmi\u015fti\u2026<\/div>\n<div dir=\"auto\">22 Ocak 1997 \u2018 de: Y\u00fcksek r\u00fctbeli subaylar G\u00f6lc\u00fck\u2019te irtica toplant\u0131s\u0131 yapm\u0131\u015ft\u0131\u2026<\/div>\n<div dir=\"auto\">Orgeneral r\u00fctbesinde 9 komutan 72 saat m\u00fcddetince \u00fcst \u00fcste toplant\u0131lar yapm\u0131\u015ft\u0131\u2026<\/div>\n<div dir=\"auto\">28 Ocak 1997 \u2018 de: Baz\u0131 gazetelerde: \u201cTaksime cami, Ayasofya ibadete a\u00e7\u0131lacak,500 tarikat 5 bin \u015feyh, defileler yasaklan\u0131yor\u2026\u201d gibi haberlerle sun\u00ee g\u00fcndem meydana getirmi\u015flerdi\u2026<\/div>\n<div dir=\"auto\">30 Ocak 1997&#8217;de: Sincan Belediyesi Kud\u00fcs gecesi d\u00fczenlemi\u015f, Belediye ba\u015fkan\u0131 say\u0131n Bekir Y\u0131ld\u0131z ve \u0130ran b\u00fcy\u00fckel\u00e7isinin misafir oldu\u011fu gecede ortaya konan cihat oyunu T\u00fcrkiye&#8217;nin g\u00fcndemine oturmu\u015ftu\u2026<\/div>\n<div dir=\"auto\">31 Ocak 1997 \u2018 de: Yarg\u0131tay Cumhuriyet Ba\u015fsavc\u0131l\u0131\u011f\u0131, Siyasi Partiler Yasas\u0131na ayk\u0131r\u0131 davrand\u0131\u011f\u0131 gerek\u00e7esiyle Refah Partisini uyarm\u0131\u015ft\u0131\u2026<\/div>\n<div dir=\"auto\">Cumhuriyet Halk Partisi genel ba\u015fkan\u0131 say\u0131n Deniz Baykal, say\u0131n Erbakan\u2019\u0131n \u00fclkeyi i\u00e7 sava\u015fa s\u00fcr\u00fckledi\u011fini iddia etmi\u015fti\u2026<\/div>\n<div dir=\"auto\">Ba\u015fsavc\u0131 Say\u0131n Vural Sava\u015f ta Partili gen\u00e7lerin k\u0131yafetlerini \u201c\u00f6zel \u00fcniforma\u201d olarak tan\u0131mlam\u0131\u015ft\u0131\u2026<\/div>\n<div dir=\"auto\">1 \u015eubat 1997&#8217;de: \u00dc\u00e7 General Ankara\u2019da; T\u00fcrk \u2013\u0130\u015f ba\u015fkan\u0131 say\u0131n Bayram Meral, T\u00fcrk Metal-\u0130\u015f ba\u015fkan\u0131 say\u0131n Mustafa \u00d6zbek, Atat\u00fcrk\u00e7\u00fc D\u00fc\u015f\u00fcnce Derne\u011fi temsilcileri, \u0130stanbul ve Hacettepe \u00dcniversitelerinin yetkilileriyle bir araya gelmi\u015fti\u2026<\/div>\n<div dir=\"auto\">Generaller; \u201cSiviller de bir an \u00f6nce harekete ge\u00e7sin\u2026\u201d \u00e7a\u011fr\u0131s\u0131 yapm\u0131\u015ft\u0131\u2026<\/div>\n<div dir=\"auto\">2 \u015eubat 1997 \u2018 de: Anavatan Partisi Genel Ba\u015fkan\u0131 say\u0131n Mesut Y\u0131lmaz: \u201cT\u00fcrkiye kaosa gidiyor\u2026 G\u00fc\u00e7birli\u011fi yapmaya haz\u0131r\u0131z\u201d \u00e7a\u011fr\u0131s\u0131 yapm\u0131\u015ft\u0131\u2026<\/div>\n<div dir=\"auto\">Ba\u015fbakan Say\u0131n Necmettin Erbakan ise; \u201cOrdu da, Demirel de bizden \u00e7ok memnun\u2026\u201da\u00e7\u0131klamas\u0131 yapm\u0131\u015ft\u0131\u2026<\/div>\n<div dir=\"auto\">4 \u015eubat 1997&#8217;de: Sincan\u2019da askerler tankla ge\u00e7i\u015f yapm\u0131\u015f, Genelkurmay ba\u015fkanl\u0131\u011f\u0131 bunu \u201cnorma lfaaliyet\u201d olarak a\u00e7\u0131klam\u0131\u015ft\u0131\u2026<\/div>\n<div dir=\"auto\">Ba\u015fbakan Say\u0131n Erbakan bu ge\u00e7i\u015fi yorumlarken ; \u201cCumhuriyet bayram\u0131nda da 240 tank ge\u00e7iyor\u201d demi\u015fti\u2026<\/div>\n<div dir=\"auto\">H\u00fcrriyet gazetesi muhabiri ge\u00e7 geldi\u011fi i\u00e7in tanklar\u0131n ge\u00e7i\u015fini g\u00f6r\u00fcnt\u00fclemeyince, komutan\u0131n emriyle H\u00fcrriyet gazetesi muhabirinin g\u00f6r\u00fcnt\u00fc alabilmesi i\u00e7in tanklar ikinci defa ge\u00e7i\u015f yapm\u0131\u015ft\u0131\u2026<\/div>\n<div dir=\"auto\">Ayn\u0131 g\u00fcn tanklar\u0131n ge\u00e7i\u015finden sonra Cumhuriyet Halk Partisi genel ba\u015fkan\u0131 say\u0131n Baykal, Refah Partisinin \u0130ran ile i\u015fbirli\u011fi yaparak rejimi y\u0131kmaya \u00e7al\u0131\u015ft\u0131\u011f\u0131n\u0131 \u00f6ne s\u00fcrm\u00fc\u015f, buna kar\u015f\u0131 ortak m\u00fccadele \u00e7a\u011fr\u0131s\u0131nda bulunmu\u015ftu\u2026<\/div>\n<div dir=\"auto\">5 \u015eubat 1997&#8217;de: Cumhurba\u015fkan\u0131 Say\u0131n S\u00fcleyman Demirel, ba\u015fbakan say\u0131n Necmettin Erbakan&#8217;a uyar\u0131 mektubu g\u00f6ndermi\u015fti\u2026<\/div>\n<div dir=\"auto\">Oramiral Say\u0131n G\u00fcven Erkaya: \u201c\u0130rtica, PKK&#8217;dan daha tehlikeli\u201d demi\u015fti\u2026<\/div>\n<div dir=\"auto\">Say\u0131n H\u00fcsamettin Cindoruk: \u201cRefah Partisi d\u00fczeni silahla de\u011fi\u015ftirecek\u2026\u201d demi\u015fti\u2026<\/div>\n<div dir=\"auto\">8 \u015eubat 1997 \u2018 de: Anavatan Partisi genel ba\u015fkan\u0131 Say\u0131n Mesut Y\u0131lmaz, Refah Partisi taban\u0131n\u0131n militanla\u015fma ve silahlanma s\u00fcrecine girdi\u011fini savunmu\u015f, \u201cRefah Partisi silahlan\u0131yor\u2026\u201da\u00e7\u0131klamas\u0131n\u0131 yapm\u0131\u015ft\u0131\u2026<\/div>\n<div dir=\"auto\">Belli gazeteler de kas\u0131tl\u0131 olarak pompal\u0131 silah sat\u0131\u015f\u0131n\u0131n artt\u0131\u011f\u0131na dair haberler \u00fcretmi\u015f, olay Milli G\u00fcvenlik Kuruluna ta\u015f\u0131nm\u0131\u015ft\u0131\u2026<\/div>\n<div dir=\"auto\">21 \u015eubat 1997 \u2018 de: Kud\u00fcs gecesi sebebiyle T\u00fcrkiye ve \u0130ran kar\u015f\u0131l\u0131kl\u0131 olarak b\u00fcy\u00fck el\u00e7ilerini geri \u00e7ekmi\u015fti\u2026<\/div>\n<div dir=\"auto\">Genelkurmay ikinci ba\u015fkan\u0131 Say\u0131n \u00c7evik Bir, \u0130ran&#8217;\u0131n \u201cter\u00f6rist devlet\u201d muamelesi g\u00f6rmesini istemi\u015fti\u2026<\/div>\n<div dir=\"auto\">23 \u015eubat 1997&#8217;de: H\u00fcrriyet gazetesi birinci sayfada eliyle y\u00fcz\u00fcn\u00fc kapatan ba\u015fbakan Say\u0131n Necmettin Erbakan&#8217;\u0131n bir resmini yay\u0131nlam\u0131\u015f ve Be\u015fikta\u015fl\u0131 futbolcu \u201cAmokachi\u2019den ders\u201d ba\u015fl\u0131\u011f\u0131 alt\u0131nda man\u015fet haber yapm\u0131\u015f; \u201c\u0130slam en g\u00fczel ama en istismar edilen din\u201d s\u00f6zlerini yay\u0131mlam\u0131\u015f alt\u0131na da \u201cAmokachi T\u00fcrkiye\u2019deki din istismarc\u0131lar\u0131na b\u00fcy\u00fck ders verdi\u2026\u201d diyerek yan\u0131na da malum foto\u011fraf\u0131 koymu\u015ftu\u2026<\/div>\n<div dir=\"auto\">28 \u015eubat 1997 \u2018 de: Milli G\u00fcvenlik Kurulu toplant\u0131s\u0131 yap\u0131lm\u0131\u015f, al\u0131nan kararlar h\u00fck\u00fcmete bildirilmi\u015f, Laiklik konusunda yasalar\u0131n uygulanmas\u0131 istenmi\u015fti\u2026<\/div>\n<div dir=\"auto\">Ba\u015fbakan Say\u0131n Necmettin Erbakan bu kararlar\u0131 imzalamam\u0131\u015f, 5\u2019inci g\u00fcn\u00fcn sonunda direnci k\u0131r\u0131larak imzalamak zorunda kalm\u0131\u015ft\u0131\u2026<\/div>\n<div dir=\"auto\">Milli G\u00fcvenlik Kurulu kararlar\u0131n\u0131 uygulama komitesi kurularak \u00fclke genelinde hay\u00e2l\u00ee \u201c\u0130rtica\u201dav\u0131na \u00e7\u0131k\u0131lm\u0131\u015ft\u0131\u2026<\/div>\n<div dir=\"auto\">B\u00f6ylece\u2019\u201928 \u015eubat postmodern darbe\u201d fiilen ba\u015flam\u0131\u015ft\u0131\u2026<\/div>\n<div dir=\"auto\">Evet,say\u0131n okuyucular\u0131m.<\/div>\n<div dir=\"auto\">\u0130\u015fte 28 \u015eubat&#8217;tan \u00f6nceki 6 ayl\u0131k zaman ve bu zaman i\u00e7inde meydana gelen s\u00fcre\u00e7 bu \u015fekildei\u015flemi\u015fti\u2026<\/div>\n<div dir=\"auto\">28 \u015eubat kararlar\u0131yla malum \u00e7evrelerce masum insanlar fi\u015flenmeye ve g\u00f6revden uzakla\u015ft\u0131r\u0131lmaya ba\u015flanm\u0131\u015ft\u0131\u2026<\/div>\n<div dir=\"auto\">28 \u015eubat kararlar\u0131ndan sonra ne olmu\u015ftu?..<\/div>\n<div dir=\"auto\">Bundan sonraki b\u00f6l\u00fcmde 28 \u015eubattan sonra meydana gelen olaylar\u0131 ve sonu\u00e7lar\u0131n\u0131 anlatmaya \u00e7al\u0131\u015faca\u011f\u0131m.<\/div>\n<div dir=\"auto\">Ho\u015f\u00e7a kal\u0131n\u0131z.<\/div>\n<div dir=\"auto\">( devam edecek )<\/div>\n<\/div>\n<div class=\"yj6qo\"><\/div>\n<div class=\"adL\"><\/div>\n<\/div>\n<\/div>\n<\/div>\n<div id=\"avWBGd-18\" class=\"WhmR8e\" data-hash=\"0\"><\/div>\n<\/div>\n<\/div>\n","protected":false},"excerpt":{"rendered":"<p>28 \u015eubat&#8217;a az bir s\u00fcre kala televizyon kanallar\u0131nda 28 \u015eubat 1997 Post modern darbe ile ilgili bir\u00e7ok programlar, haberler, r\u00f6portajlar yay\u0131mland\u0131 ve yay\u0131nlanmaya devamediyor. 28 \u015eubat s\u00fcrecinin \u00fclkemize yapt\u0131\u011f\u0131 tahribat\u0131 bilmeyenlere baz\u0131 hat\u0131rlatmalar\u0131m\u0131z var: Bundan 27 y\u0131l \u00f6nce ya\u015fanan ve izleri hala devam eden 28 \u015eubat Postmodern darbe d\u00f6nemi unutulmamal\u0131d\u0131r. \u201c28 \u015eubat S\u00fcreci\u201d ya da [&hellip;]<\/p>\n","protected":false},"author":11,"featured_media":122285,"comment_status":"open","ping_status":"open","sticky":false,"template":"","format":"standard","meta":{"footnotes":""},"categories":[21],"tags":[],"class_list":["post-125128","post","type-post","status-publish","format-standard","has-post-thumbnail","hentry","category-gazi-mert"],"views":381,"_links":{"self":[{"href":"https:\/\/mersingazetesi.com\/index.php\/wp-json\/wp\/v2\/posts\/125128","targetHints":{"allow":["GET"]}}],"collection":[{"href":"https:\/\/mersingazetesi.com\/index.php\/wp-json\/wp\/v2\/posts"}],"about":[{"href":"https:\/\/mersingazetesi.com\/index.php\/wp-json\/wp\/v2\/types\/post"}],"author":[{"embeddable":true,"href":"https:\/\/mersingazetesi.com\/index.php\/wp-json\/wp\/v2\/users\/11"}],"replies":[{"embeddable":true,"href":"https:\/\/mersingazetesi.com\/index.php\/wp-json\/wp\/v2\/comments?post=125128"}],"version-history":[{"count":1,"href":"https:\/\/mersingazetesi.com\/index.php\/wp-json\/wp\/v2\/posts\/125128\/revisions"}],"predecessor-version":[{"id":125129,"href":"https:\/\/mersingazetesi.com\/index.php\/wp-json\/wp\/v2\/posts\/125128\/revisions\/125129"}],"wp:featuredmedia":[{"embeddable":true,"href":"https:\/\/mersingazetesi.com\/index.php\/wp-json\/wp\/v2\/media\/122285"}],"wp:attachment":[{"href":"https:\/\/mersingazetesi.com\/index.php\/wp-json\/wp\/v2\/media?parent=125128"}],"wp:term":[{"taxonomy":"category","embeddable":true,"href":"https:\/\/mersingazetesi.com\/index.php\/wp-json\/wp\/v2\/categories?post=125128"},{"taxonomy":"post_tag","embeddable":true,"href":"https:\/\/mersingazetesi.com\/index.php\/wp-json\/wp\/v2\/tags?post=125128"}],"curies":[{"name":"wp","href":"https:\/\/api.w.org\/{rel}","templated":true}]}}