{"id":125059,"date":"2026-02-12T13:04:33","date_gmt":"2026-02-12T10:04:33","guid":{"rendered":"https:\/\/mersingazetesi.com\/?p=125059"},"modified":"2026-02-12T13:04:33","modified_gmt":"2026-02-12T10:04:33","slug":"avrupanin-savunma-hamlesi-guvenlik-mi-yeni-riskler-mi","status":"publish","type":"post","link":"https:\/\/mersingazetesi.com\/index.php\/2026\/02\/12\/avrupanin-savunma-hamlesi-guvenlik-mi-yeni-riskler-mi\/","title":{"rendered":"Avrupa\u2019n\u0131n Savunma Hamlesi: G\u00fcvenlik mi, Yeni Riskler mi?"},"content":{"rendered":"<div>\n<div id=\"m_8601637716019177057mail-editor-reference-message-container\">\n<div id=\"m_8601637716019177057mail-editor-reference-message-container\">\n<p dir=\"auto\">D\u00fcnya liderlerinin 2026 M\u00fcnih G\u00fcvenlik Konferans\u0131\u2019nda bir araya geldi\u011fi bu d\u00f6nemde Avrupa\u2019n\u0131n savunma politikas\u0131 yeniden k\u00fcresel g\u00fcndemin merkezine oturdu. Ukrayna sava\u015f\u0131, ABD\u2019nin k\u00fcresel g\u00fcvenlik rol\u00fcndeki olas\u0131 de\u011fi\u015fim ve artan jeopolitik rekabet Avrupa Birli\u011fi\u2019ni savunma alan\u0131nda daha ba\u011f\u0131ms\u0131z hareket etmeye zorluyor. Ancak bu s\u00fcre\u00e7, beraberinde yeni tart\u0131\u015fmalar\u0131 ve baz\u0131 ciddi soru i\u015faretlerini de getiriyor.<\/p>\n<p dir=\"auto\">Avrupa Birli\u011fi son y\u0131llarda savunma sanayisini g\u00fc\u00e7lendirmeyi, ortak \u00fcretimi art\u0131rmay\u0131 ve askeri tedarikte d\u0131\u015fa ba\u011f\u0131ml\u0131l\u0131\u011f\u0131 azaltmay\u0131 hedefleyen kapsaml\u0131 ad\u0131mlar at\u0131yor. \u00d6zellikle Amerikan \u015firketlerine olan ba\u011f\u0131ml\u0131l\u0131\u011f\u0131n azalt\u0131lmas\u0131 ve Avrupa i\u00e7i savunma i\u015f birli\u011finin g\u00fc\u00e7lendirilmesi, Br\u00fcksel\u2019in \u00f6ncelikli stratejileri aras\u0131nda. Bu yakla\u015f\u0131m bir bak\u0131ma Avrupa\u2019n\u0131n \u201cstratejik \u00f6zerklik\u201d aray\u0131\u015f\u0131n\u0131n somut yans\u0131mas\u0131.<\/p>\n<p dir=\"auto\">Fakat i\u015fin di\u011fer taraf\u0131nda \u00f6nemli bir \u00e7eli\u015fki var. AB\u2019nin silah ihracat\u0131na ili\u015fkin s\u0131k\u0131 kurallar\u0131 bulunmas\u0131na ra\u011fmen uygulamada ciddi bo\u015fluklar ortaya \u00e7\u0131k\u0131yor. \u00c7\u00fcnk\u00fc silah ihracat\u0131 konusunda son karar h\u00e2l\u00e2 ulusal h\u00fck\u00fcmetlere ait. Bu durum, ortak etik ve insan haklar\u0131 kriterlerinin pratikte zaman zaman ikinci plana itilmesine yol a\u00e7abiliyor.<\/p>\n<p dir=\"auto\">Ge\u00e7mi\u015fte Yemen sava\u015f\u0131nda kullan\u0131lan baz\u0131 Avrupa men\u015feli silahlar bunun en \u00e7arp\u0131c\u0131 \u00f6rneklerinden biri oldu. Resm\u00ee kurallar insan haklar\u0131n\u0131 ve \u00e7at\u0131\u015fma risklerini dikkate almay\u0131 \u00f6ng\u00f6rse de ekonomik \u00e7\u0131karlar, enerji ili\u015fkileri veya stratejik ortakl\u0131klar \u00e7o\u011fu zaman belirleyici olabiliyor. K\u0131sacas\u0131 Avrupa bir yandan bar\u0131\u015f ve insan haklar\u0131 vurgusu yaparken, di\u011fer yandan riskli b\u00f6lgelere silah sat\u0131\u015f\u0131n\u0131n tamamen \u00f6n\u00fcne ge\u00e7emiyor.<\/p>\n<p dir=\"auto\">Ukrayna sava\u015f\u0131 ise bu dengeyi daha da zorla\u015ft\u0131rd\u0131. Avrupa \u00fclkeleri hem kendi savunmalar\u0131n\u0131 g\u00fc\u00e7lendirmek hem de Kiev\u2019e destek vermek i\u00e7in \u00fcretimi art\u0131r\u0131rken baz\u0131 kurallar\u0131n daha esnek yorumlanmas\u0131 g\u00fcndeme geldi. Bu da uzun vadede silah ihracat\u0131 denetim mekanizmalar\u0131n\u0131n zay\u0131flamas\u0131 riskini do\u011furuyor.<\/p>\n<p dir=\"auto\">Asl\u0131nda burada temel soru \u015fu: Avrupa g\u00fcvenli\u011fini art\u0131rmaya \u00e7al\u0131\u015f\u0131rken yeni g\u00fcvensizlik alanlar\u0131 m\u0131 yarat\u0131yor? Savunma sanayisinin b\u00fcy\u00fcmesi ekonomik ve stratejik a\u00e7\u0131dan avantaj sa\u011flayabilir; ancak denetim zay\u0131flarsa bu b\u00fcy\u00fcme \u00e7at\u0131\u015fmalar\u0131 k\u00f6r\u00fckleyen bir fakt\u00f6re de d\u00f6n\u00fc\u015febilir.<\/p>\n<p dir=\"auto\">\u00d6n\u00fcm\u00fczdeki d\u00f6nemde Avrupa\u2019n\u0131n ger\u00e7ek s\u0131nav\u0131 sadece daha fazla silah \u00fcretmek de\u011fil, bu \u00fcretimi hangi etik ve siyasi \u00e7er\u00e7evede y\u00f6netece\u011fi olacak. G\u00fc\u00e7l\u00fc bir savunma politikas\u0131 ile sorumlu bir d\u0131\u015f politika aras\u0131ndaki denge kurulamazsa, Avrupa\u2019n\u0131n \u201cbar\u0131\u015f projesi\u201d kimli\u011fi ciddi \u015fekilde tart\u0131\u015fmaya a\u00e7\u0131labilir.<\/p>\n<p dir=\"auto\">K\u0131sacas\u0131 Avrupa bug\u00fcn savunma alan\u0131nda tarihi bir d\u00f6n\u00fc\u015f\u00fcm ya\u015f\u0131yor. Ancak bu d\u00f6n\u00fc\u015f\u00fcm\u00fcn ba\u015far\u0131 \u00f6l\u00e7\u00fcs\u00fc sadece askeri kapasite de\u011fil; ayn\u0131 zamanda \u015feffafl\u0131k, etik sorumluluk ve k\u00fcresel istikrara katk\u0131 olup olmayaca\u011f\u0131yla belirlenecek. \u00c7\u00fcnk\u00fc g\u00fcvenlik sadece silahlarla de\u011fil, g\u00fcven veren politikalarla da sa\u011flan\u0131r.<\/p>\n<\/div>\n<\/div>\n<\/div>\n","protected":false},"excerpt":{"rendered":"<p>D\u00fcnya liderlerinin 2026 M\u00fcnih G\u00fcvenlik Konferans\u0131\u2019nda bir araya geldi\u011fi bu d\u00f6nemde Avrupa\u2019n\u0131n savunma politikas\u0131 yeniden k\u00fcresel g\u00fcndemin merkezine oturdu. Ukrayna sava\u015f\u0131, ABD\u2019nin k\u00fcresel g\u00fcvenlik rol\u00fcndeki olas\u0131 de\u011fi\u015fim ve artan jeopolitik rekabet Avrupa Birli\u011fi\u2019ni savunma alan\u0131nda daha ba\u011f\u0131ms\u0131z hareket etmeye zorluyor. Ancak bu s\u00fcre\u00e7, beraberinde yeni tart\u0131\u015fmalar\u0131 ve baz\u0131 ciddi soru i\u015faretlerini de getiriyor. Avrupa Birli\u011fi [&hellip;]<\/p>\n","protected":false},"author":27,"featured_media":123966,"comment_status":"open","ping_status":"open","sticky":false,"template":"","format":"standard","meta":{"footnotes":""},"categories":[112],"tags":[],"class_list":["post-125059","post","type-post","status-publish","format-standard","has-post-thumbnail","hentry","category-umut-can-erkan"],"views":402,"_links":{"self":[{"href":"https:\/\/mersingazetesi.com\/index.php\/wp-json\/wp\/v2\/posts\/125059","targetHints":{"allow":["GET"]}}],"collection":[{"href":"https:\/\/mersingazetesi.com\/index.php\/wp-json\/wp\/v2\/posts"}],"about":[{"href":"https:\/\/mersingazetesi.com\/index.php\/wp-json\/wp\/v2\/types\/post"}],"author":[{"embeddable":true,"href":"https:\/\/mersingazetesi.com\/index.php\/wp-json\/wp\/v2\/users\/27"}],"replies":[{"embeddable":true,"href":"https:\/\/mersingazetesi.com\/index.php\/wp-json\/wp\/v2\/comments?post=125059"}],"version-history":[{"count":1,"href":"https:\/\/mersingazetesi.com\/index.php\/wp-json\/wp\/v2\/posts\/125059\/revisions"}],"predecessor-version":[{"id":125060,"href":"https:\/\/mersingazetesi.com\/index.php\/wp-json\/wp\/v2\/posts\/125059\/revisions\/125060"}],"wp:featuredmedia":[{"embeddable":true,"href":"https:\/\/mersingazetesi.com\/index.php\/wp-json\/wp\/v2\/media\/123966"}],"wp:attachment":[{"href":"https:\/\/mersingazetesi.com\/index.php\/wp-json\/wp\/v2\/media?parent=125059"}],"wp:term":[{"taxonomy":"category","embeddable":true,"href":"https:\/\/mersingazetesi.com\/index.php\/wp-json\/wp\/v2\/categories?post=125059"},{"taxonomy":"post_tag","embeddable":true,"href":"https:\/\/mersingazetesi.com\/index.php\/wp-json\/wp\/v2\/tags?post=125059"}],"curies":[{"name":"wp","href":"https:\/\/api.w.org\/{rel}","templated":true}]}}