{"id":124299,"date":"2026-02-04T16:46:13","date_gmt":"2026-02-04T13:46:13","guid":{"rendered":"https:\/\/mersingazetesi.com\/?p=124299"},"modified":"2026-02-04T16:46:13","modified_gmt":"2026-02-04T13:46:13","slug":"brukselin-yeni-rotasi-avustralya-acilimi-bir-ticaret-hamlesi-mi-jeopolitik-zorunluluk-mu","status":"publish","type":"post","link":"https:\/\/mersingazetesi.com\/index.php\/2026\/02\/04\/brukselin-yeni-rotasi-avustralya-acilimi-bir-ticaret-hamlesi-mi-jeopolitik-zorunluluk-mu\/","title":{"rendered":"Br\u00fcksel\u2019in Yeni Rotas\u0131: Avustralya A\u00e7\u0131l\u0131m\u0131 Bir Ticaret Hamlesi mi, Jeopolitik Zorunluluk mu?"},"content":{"rendered":"<p>Avrupa Birli\u011fi, son y\u0131llarda ticaret anla\u015fmalar\u0131n\u0131 sadece ekonomik belgeler olarak de\u011fil, do\u011frudan\u00a0<b>jeopolitik ara\u00e7lar<\/b>\u00a0olarak g\u00f6r\u00fcyor. Mercosur ve Hindistan anla\u015fmalar\u0131n\u0131n ard\u0131ndan \u015fimdi g\u00f6zler, uzun s\u00fcredir ask\u0131da kalan\u00a0<b>AB\u2013Avustralya serbest ticaret anla\u015fmas\u0131na<\/b>\u00a0\u00e7evrilmi\u015f durumda.<\/p>\n<p>Avrupa Komisyonu Ba\u015fkan\u0131 Ursula von der Leyen\u2019in bu ay Avustralya\u2019ya gitmeyi planlamas\u0131, teknik bir m\u00fczakere turundan \u00e7ok daha fazlas\u0131n\u0131 ifade ediyor. Bu ziyaret, Br\u00fcksel\u2019in d\u00fcnyada de\u011fi\u015fen g\u00fc\u00e7 dengelerine verdi\u011fi stratejik bir yan\u0131t.<\/p>\n<p>2023\u2019ten bu yana t\u0131kanm\u0131\u015f olan anla\u015fman\u0131n \u00f6n\u00fcndeki en b\u00fcy\u00fck engel yine tan\u0131d\u0131k bir ba\u015fl\u0131k:\u00a0<b>tar\u0131m<\/b>.<br \/>\nS\u0131\u011f\u0131r eti, koyun eti, s\u00fct \u00fcr\u00fcnleri ve \u015feker\u2026<br \/>\nAvustralya daha fazla pazar eri\u015fimi istiyor; Avrupa ise kendi \u00e7ift\u00e7ilerini korumakta kararl\u0131.<\/p>\n<p>Asl\u0131nda bu \u00e7at\u0131\u015fma yeni de\u011fil.<br \/>\nAB\u2019nin neredeyse t\u00fcm b\u00fcy\u00fck ticaret anla\u015fmalar\u0131, tar\u0131m sekt\u00f6r\u00fcnde i\u00e7 siyasi diren\u00e7le kar\u015f\u0131la\u015f\u0131yor. Mercosur \u00f6rne\u011finde oldu\u011fu gibi, Avrupa\u2019daki \u00e7ift\u00e7iler \u201chaks\u0131z rekabet\u201d endi\u015fesiyle sokaklara \u00e7\u0131kabiliyor. Br\u00fcksel i\u00e7in bu, serbest ticaret ile i\u00e7 siyasi istikrar aras\u0131nda kurulan hassas bir denge anlam\u0131na geliyor.<\/p>\n<p>Ancak bu kez tabloyu farkl\u0131 k\u0131lan bir unsur var:\u00a0<b>k\u00fcresel ortam<\/b>.<\/p>\n<p>ABD pazar\u0131 giderek daha korumac\u0131 hale gelirken, \u00c7in ise daha agresif ve \u00f6ng\u00f6r\u00fclemez bir ticaret politikas\u0131 izliyor. Avrupa, iki dev aras\u0131nda s\u0131k\u0131\u015fmamak i\u00e7in \u201cbenzer de\u011ferlere sahip\u201d ortaklarla a\u011f\u0131n\u0131 geni\u015fletmek zorunda. Avustralya tam da bu noktada devreye giriyor.<\/p>\n<p>Br\u00fcksel a\u00e7\u0131s\u0131ndan Canberra sadece bir ticaret orta\u011f\u0131 de\u011fil;<br \/>\nHint-Pasifik\u2019te g\u00fcvenilir, Bat\u0131 ile uyumlu ve siyasi olarak \u00f6ng\u00f6r\u00fclebilir bir akt\u00f6r.<\/p>\n<p>Von der Leyen\u2019in Avustralya hamlesi bu nedenle bir ba\u015far\u0131 hik\u00e2yesi aray\u0131\u015f\u0131ndan ziyade,\u00a0<b>zorunlu bir stratejik y\u00f6n de\u011fi\u015fikli\u011fi<\/b>\u00a0olarak okunmal\u0131.<br \/>\nAB, art\u0131k \u201cen b\u00fcy\u00fck pazar\u201d olman\u0131n konforunu kaybediyor ve bunun yerine \u201cen sa\u011flam ortakl\u0131klar\u201d kurmaya \u00e7al\u0131\u015f\u0131yor.<\/p>\n<p>Elbette bu s\u00fcrecin bedeli olacak.<br \/>\nAvrupa i\u00e7 siyasetinde \u00e7ift\u00e7i tepkileri b\u00fcy\u00fcyebilir, baz\u0131 sekt\u00f6rler ge\u00e7i\u015f s\u00fcrecinde zorlanabilir. Ancak Br\u00fcksel\u2019in \u00f6n\u00fcndeki soru net:<br \/>\nK\u0131sa vadeli i\u00e7 bask\u0131lar m\u0131, uzun vadeli k\u00fcresel konum mu?<\/p>\n<p>AB\u2013Avustralya anla\u015fmas\u0131 imzalan\u0131rsa, bu sadece ticari bir metin olmayacak.<br \/>\nBu, Avrupa\u2019n\u0131n \u00e7ok kutuplu d\u00fcnyada\u00a0<b>yaln\u0131z kalmamak i\u00e7in att\u0131\u011f\u0131 bir ad\u0131m<\/b>\u00a0olacak.<\/p>\n<p>Ve belki de en \u00f6nemlisi \u015fu:<br \/>\nAvrupa art\u0131k ticaret yapm\u0131yor;\u00a0<b>taraf se\u00e7iyor<\/b>.<\/p>\n<div dir=\"ltr\"><\/div>\n<div id=\"m_-8438830889982539168ms-outlook-mobile-body-separator-line\" dir=\"ltr\"><\/div>\n","protected":false},"excerpt":{"rendered":"<p>Avrupa Birli\u011fi, son y\u0131llarda ticaret anla\u015fmalar\u0131n\u0131 sadece ekonomik belgeler olarak de\u011fil, do\u011frudan\u00a0jeopolitik ara\u00e7lar\u00a0olarak g\u00f6r\u00fcyor. Mercosur ve Hindistan anla\u015fmalar\u0131n\u0131n ard\u0131ndan \u015fimdi g\u00f6zler, uzun s\u00fcredir ask\u0131da kalan\u00a0AB\u2013Avustralya serbest ticaret anla\u015fmas\u0131na\u00a0\u00e7evrilmi\u015f durumda. Avrupa Komisyonu Ba\u015fkan\u0131 Ursula von der Leyen\u2019in bu ay Avustralya\u2019ya gitmeyi planlamas\u0131, teknik bir m\u00fczakere turundan \u00e7ok daha fazlas\u0131n\u0131 ifade ediyor. Bu ziyaret, Br\u00fcksel\u2019in d\u00fcnyada de\u011fi\u015fen [&hellip;]<\/p>\n","protected":false},"author":27,"featured_media":123966,"comment_status":"open","ping_status":"open","sticky":false,"template":"","format":"standard","meta":{"footnotes":""},"categories":[112],"tags":[],"class_list":["post-124299","post","type-post","status-publish","format-standard","has-post-thumbnail","hentry","category-umut-can-erkan"],"views":548,"_links":{"self":[{"href":"https:\/\/mersingazetesi.com\/index.php\/wp-json\/wp\/v2\/posts\/124299","targetHints":{"allow":["GET"]}}],"collection":[{"href":"https:\/\/mersingazetesi.com\/index.php\/wp-json\/wp\/v2\/posts"}],"about":[{"href":"https:\/\/mersingazetesi.com\/index.php\/wp-json\/wp\/v2\/types\/post"}],"author":[{"embeddable":true,"href":"https:\/\/mersingazetesi.com\/index.php\/wp-json\/wp\/v2\/users\/27"}],"replies":[{"embeddable":true,"href":"https:\/\/mersingazetesi.com\/index.php\/wp-json\/wp\/v2\/comments?post=124299"}],"version-history":[{"count":2,"href":"https:\/\/mersingazetesi.com\/index.php\/wp-json\/wp\/v2\/posts\/124299\/revisions"}],"predecessor-version":[{"id":124301,"href":"https:\/\/mersingazetesi.com\/index.php\/wp-json\/wp\/v2\/posts\/124299\/revisions\/124301"}],"wp:featuredmedia":[{"embeddable":true,"href":"https:\/\/mersingazetesi.com\/index.php\/wp-json\/wp\/v2\/media\/123966"}],"wp:attachment":[{"href":"https:\/\/mersingazetesi.com\/index.php\/wp-json\/wp\/v2\/media?parent=124299"}],"wp:term":[{"taxonomy":"category","embeddable":true,"href":"https:\/\/mersingazetesi.com\/index.php\/wp-json\/wp\/v2\/categories?post=124299"},{"taxonomy":"post_tag","embeddable":true,"href":"https:\/\/mersingazetesi.com\/index.php\/wp-json\/wp\/v2\/tags?post=124299"}],"curies":[{"name":"wp","href":"https:\/\/api.w.org\/{rel}","templated":true}]}}