{"id":124256,"date":"2026-02-04T12:11:12","date_gmt":"2026-02-04T09:11:12","guid":{"rendered":"https:\/\/mersingazetesi.com\/?p=124256"},"modified":"2026-02-04T12:23:17","modified_gmt":"2026-02-04T09:23:17","slug":"bayrak-sevgisi-turkiye-yuzyili-maarif-modeli-kapsaminda-muhtesem-sekilde-okullara-tasinmistir","status":"publish","type":"post","link":"https:\/\/mersingazetesi.com\/index.php\/2026\/02\/04\/bayrak-sevgisi-turkiye-yuzyili-maarif-modeli-kapsaminda-muhtesem-sekilde-okullara-tasinmistir\/","title":{"rendered":"BAYRAK SEVG\u0130S\u0130 T\u00dcRK\u0130YE Y\u00dcZYILI MAAR\u0130F MODEL\u0130 KAPSAMINDA MUHTE\u015eEM \u015eEK\u0130LDE OKULLARA TA\u015eINMI\u015eTIR."},"content":{"rendered":"<div class=\"gs\">\n<div class=\"\">\n<div id=\":re\" class=\"ii gt\">\n<div id=\":tx\" class=\"a3s aiL\">\n<div id=\"avWBGd-111\">\n<div dir=\"ltr\">\n<div dir=\"auto\">2025-2026 e\u011fitim \u00f6\u011fretim y\u0131l\u0131 ikinci d\u00f6neminin ba\u015flad\u0131\u011f\u0131 ilk hafta olan 2-6 \u015eubat 2026 tarihleri aras\u0131nda, resm\u00ee ve \u00f6zel t\u00fcm okul ve kurumlarda bayrak sevgisine y\u00f6nelik e\u011fitim ve fark\u0131ndal\u0131k \u00e7al\u0131\u015fmalar\u0131 y\u00fcr\u00fct\u00fclm\u00fc\u015ft\u00fcr..<\/div>\n<div dir=\"auto\">Mill\u00ee E\u011fitim Bakan\u0131 Yusuf Tekin imzas\u0131yla 81 ile g\u00f6nderilen yaz\u0131 do\u011frultusunda okullarda bayra\u011f\u0131n tarih\u00ee, mill\u00ee ve manevi de\u011ferine ili\u015fkin bilgilendirme \u00e7al\u0131\u015fmalar\u0131 yap\u0131lm\u0131\u015f; okul binalar\u0131 T\u00fcrk bayraklar\u0131 ile donat\u0131lm\u0131\u015f, bayrak sevgisi temal\u0131 resim, \u015fiir, kompozisyon, afi\u015f yar\u0131\u015fmalar\u0131 ile sergiler, sanatsal ve k\u00fclt\u00fcrel \u00e7al\u0131\u015fmalar d\u00fczenlenmi\u015ftir.<\/div>\n<div dir=\"auto\">Y\u00fcr\u00fct\u00fclen \u00e7al\u0131\u015fmalar\u0131n T\u00fcrkiye Y\u00fczy\u0131l\u0131 Maarif Modeli kapsam\u0131nda \u00f6\u011frencilerin mill\u00ee, manevi ve k\u00fclt\u00fcrel de\u011ferlerle b\u00fct\u00fcnle\u015fmi\u015f; birlik, beraberlik ve karde\u015flik bilinci geli\u015fmi\u015f bireyler olarak yeti\u015fmelerine katk\u0131 sunmu\u015ftur.<\/div>\n<div dir=\"auto\">Bu \u00e7er\u00e7evede y\u00fcr\u00fct\u00fclen \u00e7al\u0131\u015fmalar\u0131n &#8220;\u0130stiklal Bayrakla, \u0130stikbal Maarifle&#8221; anlay\u0131\u015f\u0131 do\u011frultusunda ba\u011f\u0131ms\u0131zl\u0131\u011f\u0131n\u0131 bayra\u011f\u0131ndan, gelece\u011fini e\u011fitimden alan bir milletin ortak iradesini yans\u0131t\u0131lm\u0131\u015f; &#8220;Y\u00fcre\u011fimiz Bayrak, Gelece\u011fimiz Vatan&#8221; yakla\u015f\u0131m\u0131yla mill\u00ee birlik ve vatan bilincini peki\u015ftirilm\u015f; &#8220;Ay Y\u0131ld\u0131z G\u00f6klerde, Birlik Kalplerde&#8221; mesaj\u0131yla bayra\u011f\u0131n birle\u015ftirici ve kucaklay\u0131c\u0131 anlam\u0131n\u0131 e\u011fitim ortamlar\u0131nda g\u00f6r\u00fcn\u00fcr k\u0131l\u0131nm\u0131\u015f ve &#8220;Bayrakla Ba\u015flayan Okul, Birlikle B\u00fcy\u00fcyen Gelecek&#8221; vurgusuyla T\u00fcrkiye Y\u00fczy\u0131l\u0131 vizyonu ekseninde g\u00fc\u00e7l\u00fc millet ve istikbal idealini besleyen bir e\u011fitim iklimine katk\u0131 sunmas\u0131 sa\u011flanm\u0131\u015ft\u0131r.<\/div>\n<div dir=\"auto\">Bildi\u011finiz gibi ge\u00e7ti\u011fimiz ay i\u00e7inde ter\u00f6r \u00f6rg\u00fct\u00fc YPG yanda\u015flar\u0131 Nusaybin-Kam\u0131\u015fl\u0131 s\u0131n\u0131r hatt\u0131nda T\u00fcrk bayra\u011f\u0131na sald\u0131r\u0131 d\u00fczenlemi\u015fti.<\/div>\n<div dir=\"auto\">Cumhurba\u015fkan\u0131 Yard\u0131mc\u0131s\u0131 Cevdet Y\u0131lmaz, hain sald\u0131r\u0131y\u0131 lanetleyerek \u201cBirli\u011fimize, beraberli\u011fimize ve milletimizin huzuruna kast eden bu menfur giri\u015fiminin; karde\u015fli\u011fimize g\u00f6lge d\u00fc\u015f\u00fcrmesine, Ter\u00f6rs\u00fcz T\u00fcrkiye ve ter\u00f6rs\u00fcz b\u00f6lge hedefimize zarar vermesine asla izin vermeyece\u011fiz\u201d demi\u015fti.<\/div>\n<div dir=\"auto\">TBMM Ba\u015fkan\u0131 Numan Kurtulmu\u015f: &#8220;Aziz milletimizin ba\u011f\u0131ms\u0131zl\u0131\u011f\u0131n\u0131n ve egemenli\u011finin simgesi olan bayra\u011f\u0131m\u0131za y\u00f6nelik Nusaybin-Kam\u0131\u015fl\u0131 s\u0131n\u0131r\u0131nda ter\u00f6r \u00f6rg\u00fct\u00fc unsurlar\u0131nca ger\u00e7ekle\u015ftirilen sald\u0131r\u0131y\u0131 lanetliyorum. \u015eanl\u0131 bayra\u011f\u0131m\u0131za uzanan her el t\u00fcm milletimize ve as\u0131rl\u0131k karde\u015fli\u011fimize uzanm\u0131\u015f demektir. Ter\u00f6rs\u00fcz T\u00fcrkiye hedefi do\u011frultusunda b\u00fcy\u00fck bir hassasiyet ve titizlikle y\u00fcr\u00fct\u00fclen s\u00fcrece kar\u015f\u0131 bir s\u00fcredir devam eden provokasyonlar\u0131n son halkas\u0131 olan bu menfur eylem, \u00fclkemizin bar\u0131\u015f ve huzur iklimini zehirlemek, tarihi f\u0131rsatlar\u0131 bo\u015fa \u00e7\u0131karmak \u00fczere planlanm\u0131\u015f a\u00e7\u0131k bir sabotajd\u0131r. Unutulmamal\u0131d\u0131r ki milletimiz, s\u0131n\u0131rlar\u0131m\u0131z i\u00e7inde veya d\u0131\u015f\u0131nda bayra\u011f\u0131m\u0131z\u0131n \u015fan\u0131n\u0131 koruma iradesine, g\u00fcc\u00fcne ve kararl\u0131l\u0131\u011f\u0131na sahiptir.&#8221;<\/div>\n<div dir=\"auto\">\u0130leti\u015fim Ba\u015fkan\u0131 Burhanettin Duran yapt\u0131\u011f\u0131 a\u00e7\u0131klamada \u201cNusaybin-Kam\u0131\u015fl\u0131 s\u0131n\u0131r hatt\u0131nda, Suriye taraf\u0131ndaki ter\u00f6r \u00f6rg\u00fct\u00fc YPG yanda\u015flar\u0131 taraf\u0131ndan \u015fanl\u0131 bayra\u011f\u0131m\u0131za yap\u0131lan hain sald\u0131r\u0131, milletimizin huzuruna y\u00f6nelmi\u015f, ter\u00f6rle m\u00fccadele kapsam\u0131ndaki geli\u015fmeleri hedef alan a\u00e7\u0131k bir provokasyondur\u201d ifadelerini kullanm\u0131\u015ft\u0131.<\/div>\n<div dir=\"auto\">AK Parti S\u00f6zc\u00fcs\u00fc \u00d6mer \u00c7elik, Adalet Bakan\u0131 Y\u0131lmaz Tun\u00e7,<\/div>\n<div dir=\"auto\">\u0130\u00e7i\u015fleri Bakan\u0131 Ali Yerlikaya, \u00c7evre \u015eehircilik ve \u0130klim De\u011fi\u015fikli\u011fi Bakan\u0131 Murat Kurum, AK Parti Genel Ba\u015fkanvekili Efkan Ala, Sa\u011fl\u0131k Bakan\u0131 Kemal Memi\u015fo\u011flu da hain sald\u0131\u0131y\u0131 k\u0131nayn payla\u015f\u0131mlar yapm\u0131\u015flard\u0131.<\/div>\n<div dir=\"auto\">\u00d6nceki y\u0131llarda Ankara Cumhuriyet Ba\u015fsavc\u0131l\u0131\u011f\u0131&#8217;ndan yap\u0131lan bir a\u00e7\u0131klamada, Avrupa Parlamentosu (AP) \u00fcyesi Yunanistan Milletvekili Ioannis Lagos&#8217;un, AP&#8217;de Yunan Adalar\u0131&#8217;ndaki s\u0131\u011f\u0131nmac\u0131lar\u0131n durumuna ili\u015fkin oturumda, &#8220;Bir tarafta da T\u00fcrkiye var, her istedi\u011fini yapabiliyor. \u00dclkemize ak\u0131n ak\u0131n g\u00f6\u00e7men geliyor, i\u015fte bu T\u00fcrk bayra\u011f\u0131. Bununla ne yap\u0131l\u0131r, y\u0131rt\u0131p at\u0131l\u0131r. Art\u0131k buna son vermeliyiz&#8221; diyerek T\u00fcrk bayra\u011f\u0131n\u0131 y\u0131rtt\u0131\u011f\u0131n\u0131 hat\u0131rlay\u0131n\u0131z.<\/div>\n<div dir=\"auto\">Bir pazar g\u00fcn\u00fc saat 23.30 s\u0131ralar\u0131nda, Antalya\u2019n\u0131n Kepez il\u00e7esine ba\u011fl\u0131 Habibler Mahallesi\u2019nde yine Bayra\u011f\u0131m\u0131za bir sald\u0131r\u0131 meydana gelmi\u015fti.<\/div>\n<div dir=\"auto\">Milletimizin de\u011fi\u015fmeyen baz\u0131 kutsallar\u0131 vard\u0131r. Bu kutsallardan biri de bayra\u011f\u0131m\u0131zd\u0131r.<\/div>\n<div dir=\"auto\">Bayra\u011f\u0131m\u0131za yap\u0131lan sayg\u0131s\u0131zl\u0131k da asla affedilemez.<\/div>\n<div dir=\"auto\">Samsun&#8217;da da kimli\u011fi belirsiz ki\u015filer taraf\u0131ndan cam \u00fczerine giydirilmi\u015f ve k\u0131r\u0131k olan T\u00fcrk bayra\u011f\u0131 yol kenar\u0131nda bulunan bir alana at\u0131lm\u0131\u015ft\u0131&#8230;.<\/div>\n<div dir=\"auto\">T\u00fcrk Bayra\u011f\u0131na dil uzatanlara hangi i\u015fgal ordular\u0131n\u0131n askerleri oldu\u011funu sormak en tabii hakk\u0131m\u0131zd\u0131r\u2026<\/div>\n<div dir=\"auto\">Sahi siz: \u201cHangi i\u015fgal ordular\u0131n\u0131n askerlerisiniz:..\u201d<\/div>\n<div dir=\"auto\">Sevgili Arif Nihat Asya\u2019n\u0131n tabiri ile; Mavi g\u00f6klerimizin beyaz ve k\u0131z\u0131l s\u00fcs\u00fc, \u015fehitlerimizin son \u00f6rt\u00fcs\u00fc, \u0131\u015f\u0131k-\u0131\u015f\u0131k, dalga dalga bayra\u011f\u0131m\u0131z i\u00e7in destanlar yazd\u0131k, destanlar yazaca\u011f\u0131z\u2026<\/div>\n<div dir=\"auto\">Bayra\u011f\u0131m\u0131za bizim g\u00f6z\u00fcm\u00fczle bakmayan\u0131n\u0131 mezar\u0131n\u0131 kazaca\u011f\u0131z\u2026<\/div>\n<div dir=\"auto\">Bayra\u011f\u0131m\u0131z\u0131n bulundu\u011fu yerde ne korku ne keder olacak\u2026<\/div>\n<div dir=\"auto\">Bar\u0131\u015f\u0131n g\u00fcvercini, sava\u015f\u0131n kartal\u0131 olan Bayra\u011f\u0131m\u0131z; Bizim tarihimiz, \u015ferefimiz, \u015fiirimiz, her \u015feyimizdir\u2026<\/div>\n<div dir=\"auto\">Baz\u0131 \u015ferefsizlerin ona dil uzatmas\u0131na y\u00fcce T\u00fcrk Milleti asla izin vermeyecek ve onlar\u0131 tarihe g\u00f6mecektir\u2026<\/div>\n<div dir=\"auto\">Nedir Bayrak?&#8230;<\/div>\n<div dir=\"auto\">Bayrak; Herhangi bir \u00fclkeyi veya kurumu temsil eden \u201crenkli kuma\u015f\u201d anlam\u0131na gelmektedir.<\/div>\n<div dir=\"auto\">Bayrak; bir milletin, askeri birlik veya kurulu\u015flar\u0131n kabul etti\u011fi \u00f6zel i\u015faret ve \u015fekilleri ta\u015f\u0131yan, ait oldu\u011fu toplulu\u011fun ay\u0131rt edici alameti olan, dalgalanacak bi\u00e7imde g\u00f6ndere \u00e7ekilen, renk ve bi\u00e7imde \u00f6zelle\u015ftirilmi\u015f kuma\u015f\u2019t\u0131r.<\/div>\n<div dir=\"auto\">Her \u00fclkenin ba\u011f\u0131ms\u0131zl\u0131\u011f\u0131n\u0131 simgeleyen bir bayra\u011f\u0131 vard\u0131r.<\/div>\n<div dir=\"auto\">Genellikle uzun bir sopa veya dire\u011fin ucunda sal\u0131n\u0131rlar.<\/div>\n<div dir=\"auto\">Divan-\u0131 L\u00fcgat\u2019\u00fct-T\u00fcrk\u2019te Bayrak; \u201cBatrak\u201d \u015feklinde ge\u00e7er.<\/div>\n<div dir=\"auto\">Daha sonra Bayrak ad\u0131n\u0131 alm\u0131\u015ft\u0131r.<\/div>\n<div dir=\"auto\">\u201cBat\u0131raktan\u201d yani \u201cBat\u0131rmaktan\u201d gelir.<\/div>\n<div dir=\"auto\">Eski T\u00fcrklerde topra\u011fa saplanan, bat\u0131r\u0131lan m\u0131zra\u011f\u0131n \u00fczerine hanedanl\u0131\u011f\u0131 temsil eden renklerde kuma\u015flar ve ipler as\u0131l\u0131rd\u0131.<\/div>\n<div dir=\"auto\">M\u0131zra\u011f\u0131n ucuna da alt\u0131n veya de\u011ferli madenlerden \u201ckurt ba\u015f\u0131\u201d gibi ka\u011fanl\u0131k alameti tak\u0131l\u0131rd\u0131.<\/div>\n<div dir=\"auto\">\u201cTopra\u011fa bat\u0131r\u0131lan m\u0131zrak\u201d anlam\u0131ndaki bayrak s\u00f6zc\u00fc\u011f\u00fc, zamanla \u201cdalgalanan milli simge\u201d ye d\u00f6n\u00fc\u015fm\u00fc\u015ft\u00fcr.<\/div>\n<div dir=\"auto\">Bir ba\u015fka deyi\u015fle Bayrak; Bir \u00fclkenin ba\u011f\u0131ms\u0131zl\u0131\u011f\u0131n\u0131, b\u00fct\u00fcnl\u00fc\u011f\u00fcn\u00fc, birli\u011fini konu eden semboller ve renklerden olu\u015fan \u00e7e\u015fitli sabit \u00f6l\u00e7ekli olan sembold\u00fcr.<\/div>\n<div dir=\"auto\">Bayrak ilk T\u00fcrk kavimlerinden bug\u00fcne kadar kullan\u0131la gelmi\u015ftir.<\/div>\n<div dir=\"auto\">T\u00fcrk kavimleri aras\u0131nda bayra\u011fa \u201cPer\u00e7em\u201d ve \u201cBeckem\u201d denilirdi.<\/div>\n<div dir=\"auto\">\u201cKutas, mumcuk, \u00e7al\u0131\u015f\u201d kelimeleri de bayrak kar\u015f\u0131l\u0131\u011f\u0131 kullan\u0131lm\u0131\u015ft\u0131.<\/div>\n<div dir=\"auto\">Yine eski T\u00fcrklerde bayrak; bat\u0131r\u0131lacak, saplanacak, m\u0131zrak ve s\u00fcng\u00fc gibi bir silah\u0131n da ad\u0131d\u0131r.<\/div>\n<div dir=\"auto\">Sava\u015flarda bu silah\u0131n ucuna bir ipek kuma\u015f par\u00e7as\u0131 tak\u0131l\u0131rd\u0131.<\/div>\n<div dir=\"auto\">O\u011fuz T\u00fcrkleri k\u0131rm\u0131z\u0131 ipekten yap\u0131lm\u0131\u015f bayraklar kullanm\u0131\u015flar ve bunlara \u201cper\u00e7em\u201d ad\u0131n\u0131 vermi\u015flerdi.<\/div>\n<div dir=\"auto\">Karahanl\u0131lar turuncu renkteki ipekten yap\u0131lan bayraklar kullan\u0131rlar ve bunlara \u2019Tanuk\u201d derlerdi.<\/div>\n<div dir=\"auto\">Tarih boyunca T\u00fcrk Devletleri \u00e7e\u015fitli bayraklar kullanm\u0131\u015flard\u0131.<\/div>\n<div dir=\"auto\">Alparslan, Malazgirt Sava\u015f\u0131\u2019nda \u00fczerinde \u201cKelime-i \u015eahadet\u201d yaz\u0131l\u0131 bir bayrak kullanm\u0131\u015ft\u0131.<\/div>\n<div dir=\"auto\">\u0130lk Osmanl\u0131 Bayra\u011f\u0131\u2019n\u0131n beyaz oldu\u011fu s\u00f6ylenmektedir.<\/div>\n<div dir=\"auto\">Fatih Sultan Mehmet devrinde Yeni\u00e7eriler beyaz, Donanma Komutanl\u0131\u011f\u0131 k\u0131rm\u0131z\u0131 bayrak ta\u015f\u0131m\u0131\u015flard\u0131.<\/div>\n<div dir=\"auto\">Osmanl\u0131larda padi\u015faha ait olan bayrak beyaz renkliydi.<\/div>\n<div dir=\"auto\">Padi\u015fahlar\u0131n beyaz bayrak ta\u015f\u0131mas\u0131 bir gelenek iken Fatih Sultan Mehmet\u2019in k\u0131rm\u0131z\u0131 renkli bayrak da kullan\u0131ld\u0131\u011f\u0131 s\u00f6ylenmektedir.<\/div>\n<div dir=\"auto\">Osmanl\u0131 donanmas\u0131nda k\u0131rm\u0131z\u0131 bayrak yan\u0131nda ye\u015fil bayrak da kullan\u0131lm\u0131\u015ft\u0131.<\/div>\n<div dir=\"auto\">Barbaros Hayrettin ba\u015fta olmak \u00fczere me\u015fhur denizcilerimizin hepsi ye\u015fil bayrak kullanm\u0131\u015flard\u0131.<\/div>\n<div dir=\"auto\">Ye\u015fil ve k\u0131rm\u0131z\u0131 renk \u201ccihat sembol\u00fc\u201d olarak uzun y\u0131llar birlikte kullan\u0131lm\u0131\u015ft\u0131.<\/div>\n<div dir=\"auto\">Bu bayraklar\u0131n \u00fczerinde genellikle Kelime-i \u015eahadet, Z\u00fclfikar resmi ve padi\u015fah tu\u011flar\u0131 yer alm\u0131\u015ft\u0131.<\/div>\n<div dir=\"auto\">T\u00fcrklerde ay ve y\u0131ld\u0131z ilk defa 3. Selim devrinde bir arada kullan\u0131lm\u0131\u015ft\u0131.<\/div>\n<div dir=\"auto\">Ancak buradaki y\u0131ld\u0131z 8 k\u00f6\u015feliydi.<\/div>\n<div dir=\"auto\">T\u00fcrk bayra\u011f\u0131n\u0131n do\u011fu\u015fu bir efsaneye g\u00f6re; 1. Kosova Sava\u015f\u0131 sonras\u0131nda sava\u015fta \u00f6len T\u00fcrk askerlerin kan\u0131n\u0131n bir g\u00f6l gibi toplanmas\u0131 sonucunda, Ay ve Y\u0131ld\u0131z\u0131n bu g\u00f6l \u00fczerinde yans\u0131mas\u0131 ile olu\u015ftu\u011fu kabul edilmektedir.<\/div>\n<div dir=\"auto\">T\u00fcrk Bayra\u011f\u0131n\u0131n do\u011fu\u015fuyla ilgili daha ba\u015fka efsaneler de vard\u0131r.<\/div>\n<div dir=\"auto\">\u015eanl\u0131 Al Bayra\u011f\u0131m\u0131z bug\u00fcnk\u00fc kesin \u015feklini 29 May\u0131s 1936 tarih ve 2994 say\u0131l\u0131 \u201cT\u00fcrk Bayra\u011f\u0131 Kanunu\u201d ile alm\u0131\u015ft\u0131r.<\/div>\n<div dir=\"auto\">Yurt i\u00e7inden ve yurt d\u0131\u015f\u0131ndan \u015fanl\u0131 al bayra\u011f\u0131m\u0131za dil uzatmak hi\u00e7 kimsenin hakk\u0131 da de\u011fildir, haddi de de\u011fildir.<\/div>\n<div dir=\"auto\">Samsun\u2019da 95 ya\u015flar\u0131nda bir teyzenin \u00e7\u00f6pte buldu\u011fu T\u00fcrk Bayra\u011f\u0131n\u0131 \u00e7\u00f6pten \u00e7\u0131kar\u0131p \u00f6p\u00fcp ba\u015f\u0131na koymas\u0131 ve evine g\u00f6t\u00fcrmesi gibi hassasiyetler her T\u00fcrk vatanda\u015f\u0131 taraf\u0131ndan ya\u015fanmal\u0131 ve Bayra\u011f\u0131m\u0131za gereken hassasiyetler \u00f6zenle g\u00f6sterilmelidir.Ho\u015f\u00e7a kal\u0131n\u0131z.<\/div>\n<div dir=\"auto\">\u0130kinci yar\u0131y\u0131l\u0131n ba\u015flamas\u0131 ile birlikte t\u00fcm ilk ve orta dereceli okullar\u0131m\u0131z\u0131n bayraklarla s\u00fcslenmesi ve hafta boyunca Bayrak temal\u0131 etkinlikler d\u00fczenerek bayra\u011f\u0131m\u0131za g\u00f6sterilen sayg\u0131n\u0131n sergilenmesi Milli E\u011fitimimiz a\u00e7\u0131s\u0131ndan \u00e7ok \u00f6nemli bir etkinlik olmu\u015ftur.<\/div>\n<div dir=\"auto\">Bayrak bizim k\u0131rm\u0131z\u0131 \u00e7izgimizdir.<\/div>\n<div dir=\"auto\">Bayra\u011f\u0131m\u0131za uzanan hain ki\u015filer gen\u00e7lerimizin t\u00fckr\u00fckleriyle bo\u011fulacakt\u0131r.<\/div>\n<div dir=\"auto\">Milli E\u011fitim Bakanl\u0131\u011f\u0131m\u0131z\u0131n Bayrak sevgisini okullara ta\u015f\u0131mas\u0131 her t\u00fcrl\u00fc takdirin \u00fcst\u00fcndedir.<\/div>\n<div dir=\"auto\">Ba\u015fta Milli E\u011fitim bakan\u0131m\u0131z olmak \u00fczere eme\u011fi ge\u00e7en t\u00fcm orta dereceli okul m\u00fcd\u00fcrlerimizi, \u00f6\u011fretmen ve \u00f6\u011frencilerimizi tebrik ediyoruz.<\/div>\n<div dir=\"auto\">Ho\u015f\u00e7a kal\u0131n\u0131z.<\/div>\n<\/div>\n<div class=\"yj6qo\"><\/div>\n<div class=\"adL\"><\/div>\n<\/div>\n<\/div>\n<\/div>\n<div id=\"avWBGd-112\" class=\"WhmR8e\" data-hash=\"0\"><\/div>\n<\/div>\n<\/div>\n","protected":false},"excerpt":{"rendered":"<p>2025-2026 e\u011fitim \u00f6\u011fretim y\u0131l\u0131 ikinci d\u00f6neminin ba\u015flad\u0131\u011f\u0131 ilk hafta olan 2-6 \u015eubat 2026 tarihleri aras\u0131nda, resm\u00ee ve \u00f6zel t\u00fcm okul ve kurumlarda bayrak sevgisine y\u00f6nelik e\u011fitim ve fark\u0131ndal\u0131k \u00e7al\u0131\u015fmalar\u0131 y\u00fcr\u00fct\u00fclm\u00fc\u015ft\u00fcr.. Mill\u00ee E\u011fitim Bakan\u0131 Yusuf Tekin imzas\u0131yla 81 ile g\u00f6nderilen yaz\u0131 do\u011frultusunda okullarda bayra\u011f\u0131n tarih\u00ee, mill\u00ee ve manevi de\u011ferine ili\u015fkin bilgilendirme \u00e7al\u0131\u015fmalar\u0131 yap\u0131lm\u0131\u015f; okul binalar\u0131 T\u00fcrk [&hellip;]<\/p>\n","protected":false},"author":11,"featured_media":122285,"comment_status":"open","ping_status":"open","sticky":false,"template":"","format":"standard","meta":{"footnotes":""},"categories":[21],"tags":[],"class_list":["post-124256","post","type-post","status-publish","format-standard","has-post-thumbnail","hentry","category-gazi-mert"],"views":446,"_links":{"self":[{"href":"https:\/\/mersingazetesi.com\/index.php\/wp-json\/wp\/v2\/posts\/124256","targetHints":{"allow":["GET"]}}],"collection":[{"href":"https:\/\/mersingazetesi.com\/index.php\/wp-json\/wp\/v2\/posts"}],"about":[{"href":"https:\/\/mersingazetesi.com\/index.php\/wp-json\/wp\/v2\/types\/post"}],"author":[{"embeddable":true,"href":"https:\/\/mersingazetesi.com\/index.php\/wp-json\/wp\/v2\/users\/11"}],"replies":[{"embeddable":true,"href":"https:\/\/mersingazetesi.com\/index.php\/wp-json\/wp\/v2\/comments?post=124256"}],"version-history":[{"count":1,"href":"https:\/\/mersingazetesi.com\/index.php\/wp-json\/wp\/v2\/posts\/124256\/revisions"}],"predecessor-version":[{"id":124257,"href":"https:\/\/mersingazetesi.com\/index.php\/wp-json\/wp\/v2\/posts\/124256\/revisions\/124257"}],"wp:featuredmedia":[{"embeddable":true,"href":"https:\/\/mersingazetesi.com\/index.php\/wp-json\/wp\/v2\/media\/122285"}],"wp:attachment":[{"href":"https:\/\/mersingazetesi.com\/index.php\/wp-json\/wp\/v2\/media?parent=124256"}],"wp:term":[{"taxonomy":"category","embeddable":true,"href":"https:\/\/mersingazetesi.com\/index.php\/wp-json\/wp\/v2\/categories?post=124256"},{"taxonomy":"post_tag","embeddable":true,"href":"https:\/\/mersingazetesi.com\/index.php\/wp-json\/wp\/v2\/tags?post=124256"}],"curies":[{"name":"wp","href":"https:\/\/api.w.org\/{rel}","templated":true}]}}