{"id":124147,"date":"2026-02-03T12:57:55","date_gmt":"2026-02-03T09:57:55","guid":{"rendered":"https:\/\/mersingazetesi.com\/?p=124147"},"modified":"2026-02-03T12:57:55","modified_gmt":"2026-02-03T09:57:55","slug":"osmanli-cihan-devletinin-osmanli-haftasi-kutlamalarinin-ardindan","status":"publish","type":"post","link":"https:\/\/mersingazetesi.com\/index.php\/2026\/02\/03\/osmanli-cihan-devletinin-osmanli-haftasi-kutlamalarinin-ardindan\/","title":{"rendered":"OSMANLI C\u0130HAN DEVLET\u0130N\u0130N \u2018\u2019OSMANLI HAFTASI\u2019\u2019 KUTLAMALARININ ARDINDAN\u2026"},"content":{"rendered":"<div class=\"gs\">\n<div class=\"\">\n<div id=\":n3\" class=\"ii gt\">\n<div id=\":n9\" class=\"a3s aiL\">\n<div id=\"avWBGd-89\">\n<div dir=\"ltr\">\n<div dir=\"auto\">Her y\u0131l 21-27 Ocak tarihleri aras\u0131nda kutlanan Osmanl\u0131 Haftas\u0131, Osmanl\u0131 \u0130mparatorlu\u011fu\u2019nun tarihine ve k\u00fclt\u00fcrel miras\u0131na olan ilgiyi canland\u0131rmak amac\u0131yla d\u00fczenlenen \u00f6zel bir hafta olarak an\u0131lmaktad\u0131r.<\/div>\n<div dir=\"auto\">TV ekranlar\u0131n\u0131n ilgiyle takip edilen dizisi Kurulu\u015f Orhan, \u00c7ar\u015famba g\u00fcn\u00fc 20.00&#8217;de yay\u0131nlanan b\u00f6l\u00fcmleriyle yaln\u0131zca Anadolu&#8217;da de\u011fil, t\u00fcm cihanda yank\u0131 uyand\u0131racak tarihi bir d\u00f6n\u00fcm noktas\u0131na sahne oluyor.<\/div>\n<div dir=\"auto\">Kurulu\u015f Orhan&#8217;\u0131n b\u00f6l\u00fcmlerinde yay\u0131nlanan \u00f6n izleme, Orhan Gazi&#8217;nin sultanl\u0131\u011f\u0131n\u0131n cihan nezdinde tasdik edili\u015fini g\u00fc\u00e7l\u00fc sahnelerle g\u00f6zler \u00f6n\u00fcne seriyor.<\/div>\n<div dir=\"auto\">Osmanl\u0131 Beyli\u011fi, 13. y\u00fczy\u0131l\u0131n sonlar\u0131nda, \u00f6zellikle 1299\u2019dan itibaren fiilen bir devlet h\u00e2line gelmi\u015ftir.<\/div>\n<div dir=\"auto\">Osmanl\u0131 \u0130mparatorlu\u011fu, 1299 y\u0131l\u0131nda Osman Gazi taraf\u0131ndan kuruldu ve 1922 y\u0131l\u0131nda Saltanat kald\u0131r\u0131larak resmen y\u0131k\u0131ld\u0131. Bu sayede, Osmanl\u0131 \u0130mparatorlu\u011fu 624 y\u0131l boyunca h\u00fck\u00fcm s\u00fcrd\u00fc.<\/div>\n<div dir=\"auto\">Osmanl\u0131 Haftas\u0131, tarih sahnesine 27 Ocak 1299\u2019da \u00e7\u0131km\u0131\u015f olan Osmanl\u0131 \u0130mparatorlu\u011fu\u2019nun kurulu\u015fu an\u0131s\u0131na d\u00fczenleniyor.<\/div>\n<div dir=\"auto\">Osmanl\u0131, yakla\u015f\u0131k 600 y\u0131l boyunca \u00fc\u00e7 k\u0131tada etkisini hissettiren b\u00fcy\u00fck bir medeniyet olarak adalet, k\u00fclt\u00fcr ve ho\u015fg\u00f6r\u00fc miras\u0131n\u0131 g\u00fcn\u00fcm\u00fcze ta\u015f\u0131d\u0131.<\/div>\n<div dir=\"auto\">Osmanl\u0131 Haftas\u0131, bu derin tarih\u00ee miras\u0131 hat\u0131rlamak ve k\u00fclt\u00fcrel de\u011ferlerimizi yeniden ke\u015ffetmek i\u00e7in g\u00fc\u00e7l\u00fc bir f\u0131rsat sunuyor.<\/div>\n<div dir=\"auto\">Osmanl\u0131 haftas\u0131nda, Osmanl\u0131 \u0130mparatorlu\u011fu\u2019nun kurulu\u015funun y\u0131ld\u00f6n\u00fcm\u00fcne \u00f6zel etkinliklerle an\u0131lmaktad\u0131r.<\/div>\n<div dir=\"auto\">Osmanl\u0131 Haftas\u0131, \u00fclke genelinde \u00e7e\u015fitli organizasyonlar taraf\u0131ndan d\u00fczenlenen etkinlikler, sergiler ve sempozyumlarla kutlanmaktad\u0131r.<\/div>\n<div dir=\"auto\">Bu d\u00f6nemde, Osmanl\u0131 k\u00fclt\u00fcr\u00fc, tarihi ve miras\u0131 hakk\u0131nda fark\u0131ndal\u0131k art\u0131rmak amac\u0131yla \u00e7e\u015fitli programlar ger\u00e7ekle\u015ftirilmektedir.<\/div>\n<div dir=\"auto\">Bu hafta, Osmanl\u0131 \u0130mparatorlu\u011fu\u2019nun k\u00fclt\u00fcrel, tarihsel ve sanatsal miras\u0131na olan ilgiyi art\u0131rmak amac\u0131yla d\u00fczenlenmektedir.<\/div>\n<div dir=\"auto\">Osmanl\u0131 \u0130mparatorlu\u011fu\u2019nun etkisi, tarih boyunca sadece T\u00fcrkiye\u2019de de\u011fil, \u00e7ok geni\u015f bir co\u011frafyada hissedilmi\u015ftir, bu y\u00fczden Osmanl\u0131 Haftas\u0131 k\u00fcresel bir \u00f6nem ta\u015f\u0131r.<\/div>\n<div dir=\"auto\">Osmanl\u0131 Haftas\u0131, bu tarihi miras\u0131n tekrar g\u00f6zler \u00f6n\u00fcne serilmesini, Osmanl\u0131 \u0130mparatorlu\u011fu\u2019nun k\u00fclt\u00fcrel katk\u0131lar\u0131n\u0131n anla\u015f\u0131lmas\u0131n\u0131 ve takdir edilmesini sa\u011flayan bir ara\u00e7t\u0131r.<\/div>\n<div dir=\"auto\">Bu hafta boyunca ger\u00e7ekle\u015ftirilen etkinlikler, Osmanl\u0131 \u0130mparatorlu\u011fu\u2019nun sadece askeri zaferlerini de\u011fil, ayn\u0131 zamanda onun olu\u015fturdu\u011fu sanat, edebiyat, mimari ve g\u00fcnl\u00fck ya\u015fam\u0131n unsurlar\u0131n\u0131 kutlamaya da y\u00f6neliktir.<\/div>\n<div dir=\"auto\">Osmanl\u0131 Haftas\u0131, \u00f6zellikle T\u00fcrk k\u00fclt\u00fcr\u00fc ve Osmanl\u0131 tarihine olan ilgiyi peki\u015ftirmeye yard\u0131mc\u0131 olmak ad\u0131na \u00f6nemli bir hafta olarak her y\u0131l kutlanmaktad\u0131r.<\/div>\n<div dir=\"auto\">Bu hafta, Osmanl\u0131 \u0130mparatorlu\u011fu\u2019nun 600 y\u0131ldan fazla s\u00fcren k\u00f6kl\u00fc tarihini, k\u00fclt\u00fcr\u00fcn\u00fc ve medeniyetini gelecek nesillere aktarmak, Osmanl\u0131 k\u00fclt\u00fcr\u00fcne dair daha fazla bilgi edinmek ve bu bilgiyi yaymak i\u00e7in kutlanmaktad\u0131r.<\/div>\n<div dir=\"auto\">Osmanl\u0131 Haftas\u0131; Farkl\u0131 millet ve dinlere mensup insanlar\u0131 bir arada ya\u015fatan Osmanl\u0131 Devleti\u2019nin ho\u015fg\u00f6r\u00fc ve birlikte ya\u015fama anlay\u0131\u015f\u0131n\u0131 hat\u0131rlatmak ii\u00e7in kutlanmaktad\u0131r<\/div>\n<div dir=\"auto\">Osmanl\u0131 Haftas\u0131; Osmanl\u0131 miras\u0131n\u0131n g\u00fcn\u00fcm\u00fcz T\u00fcrkiye\u2019sine olan etkilerini vurgulamak ve k\u00fclt\u00fcrel zenginliklerimizi tan\u0131mak, ge\u00e7mi\u015fin, bug\u00fcne ve gelece\u011fe olan etkisini anlatmak i\u00e7in kutlanmaktad\u0131r.<\/div>\n<div dir=\"auto\">Osmanl\u0131 haftas\u0131; Osmanl\u0131 \u0130mparatorlu\u011fu\u2019nun tarihsel katk\u0131lar\u0131n\u0131, \u00f6zellikle sanat, bilim ve k\u00fclt\u00fcr alanlar\u0131ndaki miras\u0131n\u0131 kutlamak i\u00e7in kutlanmaktad\u0131r.<\/div>\n<div dir=\"auto\">Osmanl\u0131 Haftas\u0131\u2019nda yap\u0131lan etkinlikler:<\/div>\n<div dir=\"auto\">Sempozyumlar ve konferanslar: Osmanl\u0131 tarihi, sanat\u0131, mimarisi ve di\u011fer alanlardaki uzmanlar\u0131n kat\u0131l\u0131m\u0131yla \u00e7e\u015fitli etkinlikler d\u00fczenlenir.<\/div>\n<div dir=\"auto\">Sergiler: Osmanl\u0131 d\u00f6nemine ait eserlerin sergilendi\u011fi sanat etkinlikleri ger\u00e7ekle\u015ftirilir.<\/div>\n<div dir=\"auto\">K\u00fclt\u00fcrel g\u00f6steriler: Geleneksel Osmanl\u0131 m\u00fczikleri, halk oyunlar\u0131 ve kost\u00fcml\u00fc g\u00f6steriler d\u00fczenlenir.<\/div>\n<div dir=\"auto\">Okul etkinlikleri: Okullarda Osmanl\u0131 tarihi ve k\u00fclt\u00fcr\u00fc ile ilgili \u00e7e\u015fitli etkinlikler d\u00fczenlenir.<\/div>\n<div dir=\"auto\">Y\u0131llar y\u0131l\u0131 devam edegelen kutlamalarda bunden 27 y\u0131l \u00f6nce Osmanl\u0131 Devleti\u2019nin 700\u2019 \u00fcnc\u00fc kurulu\u015f y\u0131l d\u00f6n\u00fcm\u00fc kutlamalar\u0131 \u00e7er\u00e7evesinde T\u00fcrkiyenin t\u00fcm \u0130l ve \u0130l\u00e7elerinde geni\u015f kapsaml\u0131 yap\u0131lan programlar\u0131 1999 y\u0131l\u0131nda gururlanarak izlemi\u015ftik.<\/div>\n<div dir=\"auto\">O zaman ben de Milli E\u011fitim M\u00fcd\u00fcr\u00fc idim.<\/div>\n<div dir=\"auto\">Osmanl\u0131 Devletinin 700\u2019\u00fcnc\u00fc kurulu\u015f yil\u0131 an\u0131s\u0131na b\u00f6lgemizdeki okullarda \u00e7ok b\u00fcy\u00fck etkinliklerle, kompozisyon, \u015fiir yar\u0131\u015fmalar\u0131, sergiler, tiyatro oyunlar\u0131 ile kutlamalar yapm\u0131\u015ft\u0131k.<\/div>\n<div dir=\"auto\">Yaz\u0131lan k\u0131ymetli eserleri ilgiyle g\u00f6zden ge\u00e7irmi\u015ftik.<\/div>\n<div dir=\"auto\">600 senenin \u00fczerinde yery\u00fcz\u00fcnde bir M\u00fcsl\u00fcman T\u00fcrk Devleti olarak \u00fc\u00e7 k\u0131taya h\u00fckmeden atalar\u0131m\u0131z\u0131n kahramanl\u0131klar\u0131n\u0131 heyecanlanarak yeniden inceleme imk\u00e2n\u0131 bulmu\u015ftuk.<\/div>\n<div dir=\"auto\">G\u00fcn\u00fcm\u00fczde Osmanl\u0131 Devleti\u2019nin kurulu\u015f y\u0131l d\u00f6n\u00fcm\u00fc etkinliklerine kar\u015f\u0131 olan hatta Osmanl\u0131ya kar\u015f\u0131 olan insanlar\u0131n varl\u0131\u011f\u0131n\u0131 da maalesef kayg\u0131 ve \u00fcz\u00fcnt\u00fcyle izliyoruz..<\/div>\n<div dir=\"auto\">Ba\u015fta Ermeniler olmak \u00fczere T\u00fcrk Milleti\u2019nin i\u00e7 ve d\u0131\u015f d\u00fc\u015fmanlar\u0131n\u0131n \u00e7e\u015fitli platformlarda milletimize iftiralarda bulunmas\u0131 sa\u011fduyulu insanlar\u0131m\u0131z\u0131n g\u00f6z\u00fcnden ka\u00e7mamaktad\u0131r.<\/div>\n<div dir=\"auto\">Osmanl\u0131 Devleti\u2019ne d\u00fc\u015fman olanlar, bu d\u00fc\u015fmanl\u0131klar\u0131n\u0131 sadece Osmanl\u0131 d\u00fc\u015fmanl\u0131\u011f\u0131 de\u011fil \u00f6zde \u0130slam\u2019a olan d\u00fc\u015fmanl\u0131klar\u0131n\u0131 a\u00e7\u0131k\u00e7a ortaya koyamad\u0131klar\u0131 i\u00e7in Osmanl\u0131 d\u00fc\u015fmanl\u0131\u011f\u0131 alt\u0131nda y\u00fcr\u00fct\u00fclen tarih ve din d\u00fc\u015fmanl\u0131\u011f\u0131 sebebiyle yapmaktad\u0131rlar.<\/div>\n<div dir=\"auto\">Bu ki\u015filer \u0130slam\u2019\u0131 b\u00fct\u00fcn birimlerinde ya\u015fatma\u011fa \u00e7al\u0131\u015fan Osmanl\u0131\u2019ya d\u00fc\u015fman olmakla, a\u00e7\u0131ktan yapamad\u0131klar\u0131 \u0130slam d\u00fc\u015fmanl\u0131\u011f\u0131n\u0131 gizlice yapmaktad\u0131rlar.<\/div>\n<div dir=\"auto\">Osmanl\u0131 Devleti y\u00fcce bir devlettir.<\/div>\n<div dir=\"auto\">600 sene 20 milyon kilometre karelik mek\u00e2nda insanl\u0131\u011fa hizmet eden bir devleti su\u00e7lamaya kalkmak insafs\u0131zl\u0131kt\u0131r.<\/div>\n<div dir=\"auto\">Yapt\u0131\u011f\u0131m\u0131z ara\u015ft\u0131rma sonunda baz\u0131 tarih\u00e7iler Osman Gazi\u2019nin beyli\u011fin ba\u015f\u0131na ge\u00e7mesiyle Osmanl\u0131lar\u0131n kuruldu\u011funu s\u00f6ylemi\u015flerdir.<\/div>\n<div dir=\"auto\">Baz\u0131 tarih\u00e7iler 1299-7300 tarihlerinin Osmanl\u0131lar\u0131n kurulu\u015funun ba\u015flang\u0131\u00e7 tarihi oldu\u011funu belirtmi\u015flerdir.<\/div>\n<div dir=\"auto\">\u00dc\u00e7\u00fcnc\u00fc Alaaddin Keykubat\u2019\u0131n Osman Gazi\u2019ye g\u00f6nderdi\u011fi tu\u011f, alem ve davul da \u0130stiklal i\u015fareti say\u0131lm\u0131\u015ft\u0131r.<\/div>\n<div dir=\"auto\">Osmanl\u0131 Devleti\u2019nin kurulu\u015f tarihini Sultan Abd\u00fclhamid Han tespit ettirmi\u015ftir.<\/div>\n<div dir=\"auto\">Osmanl\u0131 Maarif Nezareti de 28 Kanun-i Sani 329 tarihli tezkire ile Tarih-i Osmani Enc\u00fcmeni Ba\u015fkanl\u0131\u011f\u0131na havale etmi\u015f, enc\u00fcmen de Osmanl\u0131\u2019n\u0131n kurulu\u015f tarihini tespit ettirmi\u015ftir.<\/div>\n<div dir=\"auto\">Fernand Grenard; Osmanl\u0131 Devleti\u2019nin kurulu\u015fu ile ilgili olarak; \u201cBu yeni \u0130mparatorlu\u011fun kurulu\u015fu, insanl\u0131k tarihinin en b\u00fcy\u00fck ve en \u015fa\u015f\u0131lacak vakalar\u0131ndan biridir\u201d der.<\/div>\n<div dir=\"auto\">Piste; \u201cYery\u00fcz\u00fcndeki en ilahi disiplin, T\u00fcrk askerlerindedir.\u201d diyerek Osmanl\u0131lara hayranl\u0131\u011f\u0131n\u0131 belirtir.<\/div>\n<div dir=\"auto\">Osmanl\u0131 Devleti\u2019ni benimsemeyen insanlar\u0131m\u0131z \u00f6zde y\u00fcce T\u00fcrk Milleti\u2019nin varl\u0131\u011f\u0131ndan rahats\u0131zl\u0131k duymaktad\u0131rlar.<\/div>\n<div dir=\"auto\">Baz\u0131 gazetelerin ve medya kurulu\u015flar\u0131n\u0131n da hala Osmanl\u0131 devletini k\u00f6t\u00fcler mahiyette yay\u0131n yapmas\u0131n\u0131 da ibretle izliyoruz.<\/div>\n<div dir=\"auto\">Y\u00fcce T\u00fcrk Milleti\u2019nin her ferdi bu g\u00f6r\u00fc\u015flerden ve yay\u0131nlardan ibret almal\u0131 ve kendi \u00f6z benli\u011fine d\u00f6nmelidir.<\/div>\n<div dir=\"auto\">Her y\u0131l kutlanmakta olan OSMANLI HAFTASI\u2019 n\u0131n \u00f6n\u00fcm\u00fczdeki y\u0131llarda daha etkin bi\u00e7imde kutlanmas\u0131 dileklerimle\u2026<\/div>\n<div dir=\"auto\">Ho\u015f\u00e7a kal\u0131n\u0131z.<\/div>\n<\/div>\n<div class=\"yj6qo\"><\/div>\n<div class=\"adL\"><\/div>\n<\/div>\n<\/div>\n<\/div>\n<div id=\"avWBGd-90\" class=\"WhmR8e\" data-hash=\"0\"><\/div>\n<\/div>\n<\/div>\n","protected":false},"excerpt":{"rendered":"<p>Her y\u0131l 21-27 Ocak tarihleri aras\u0131nda kutlanan Osmanl\u0131 Haftas\u0131, Osmanl\u0131 \u0130mparatorlu\u011fu\u2019nun tarihine ve k\u00fclt\u00fcrel miras\u0131na olan ilgiyi canland\u0131rmak amac\u0131yla d\u00fczenlenen \u00f6zel bir hafta olarak an\u0131lmaktad\u0131r. TV ekranlar\u0131n\u0131n ilgiyle takip edilen dizisi Kurulu\u015f Orhan, \u00c7ar\u015famba g\u00fcn\u00fc 20.00&#8217;de yay\u0131nlanan b\u00f6l\u00fcmleriyle yaln\u0131zca Anadolu&#8217;da de\u011fil, t\u00fcm cihanda yank\u0131 uyand\u0131racak tarihi bir d\u00f6n\u00fcm noktas\u0131na sahne oluyor. Kurulu\u015f Orhan&#8217;\u0131n b\u00f6l\u00fcmlerinde yay\u0131nlanan [&hellip;]<\/p>\n","protected":false},"author":11,"featured_media":122285,"comment_status":"open","ping_status":"open","sticky":false,"template":"","format":"standard","meta":{"footnotes":""},"categories":[21],"tags":[],"class_list":["post-124147","post","type-post","status-publish","format-standard","has-post-thumbnail","hentry","category-gazi-mert"],"views":420,"_links":{"self":[{"href":"https:\/\/mersingazetesi.com\/index.php\/wp-json\/wp\/v2\/posts\/124147","targetHints":{"allow":["GET"]}}],"collection":[{"href":"https:\/\/mersingazetesi.com\/index.php\/wp-json\/wp\/v2\/posts"}],"about":[{"href":"https:\/\/mersingazetesi.com\/index.php\/wp-json\/wp\/v2\/types\/post"}],"author":[{"embeddable":true,"href":"https:\/\/mersingazetesi.com\/index.php\/wp-json\/wp\/v2\/users\/11"}],"replies":[{"embeddable":true,"href":"https:\/\/mersingazetesi.com\/index.php\/wp-json\/wp\/v2\/comments?post=124147"}],"version-history":[{"count":2,"href":"https:\/\/mersingazetesi.com\/index.php\/wp-json\/wp\/v2\/posts\/124147\/revisions"}],"predecessor-version":[{"id":124149,"href":"https:\/\/mersingazetesi.com\/index.php\/wp-json\/wp\/v2\/posts\/124147\/revisions\/124149"}],"wp:featuredmedia":[{"embeddable":true,"href":"https:\/\/mersingazetesi.com\/index.php\/wp-json\/wp\/v2\/media\/122285"}],"wp:attachment":[{"href":"https:\/\/mersingazetesi.com\/index.php\/wp-json\/wp\/v2\/media?parent=124147"}],"wp:term":[{"taxonomy":"category","embeddable":true,"href":"https:\/\/mersingazetesi.com\/index.php\/wp-json\/wp\/v2\/categories?post=124147"},{"taxonomy":"post_tag","embeddable":true,"href":"https:\/\/mersingazetesi.com\/index.php\/wp-json\/wp\/v2\/tags?post=124147"}],"curies":[{"name":"wp","href":"https:\/\/api.w.org\/{rel}","templated":true}]}}