{"id":123441,"date":"2026-01-27T10:41:19","date_gmt":"2026-01-27T07:41:19","guid":{"rendered":"https:\/\/mersingazetesi.com\/?p=123441"},"modified":"2026-01-27T10:41:19","modified_gmt":"2026-01-27T07:41:19","slug":"turkiyede-bir-ilk-2","status":"publish","type":"post","link":"https:\/\/mersingazetesi.com\/index.php\/2026\/01\/27\/turkiyede-bir-ilk-2\/","title":{"rendered":"T\u00dcRK\u0130YE&#8217;DE B\u0130R \u0130LK&#8230;"},"content":{"rendered":"<div class=\"gs\">\n<div class=\"\">\n<div id=\":n2\" class=\"ii gt\">\n<div id=\":n1\" class=\"a3s aiL\">\n<div id=\"avWBGd-17\">\n<div dir=\"ltr\">\n<div dir=\"auto\">Uluslararas\u0131 Anadolu \u0130mam Hatip Liselerinin Tarihsel Geli\u015fimi 16.11.1993 tarihinde Mill\u00ee E\u011fitim Bakan\u0131 Nevzat Ayaz&#8217;dan al\u0131nan makam oluruyla ba\u015flam\u0131\u015ft\u0131.<\/div>\n<div dir=\"auto\">O tarihlerde ismi \u0130\u00e7el olan Mersin ili Bozyaz\u0131 il\u00e7esinde Bat\u0131 Avrupa \u00dclkelerinde \u00e7al\u0131\u015fan T\u00fcrk vatanda\u015flar\u0131n\u0131n \u00e7ocuklar\u0131n\u0131n yeti\u015ftirilmesi ve mill\u00ee kimliklerinin korunmas\u0131 amac\u0131yla Hollanda ve di\u011fer Avrupa \u00fclkelerinden gelecek T\u00fcrk \u00e7ocuklar\u0131n\u0131n okuyabilece\u011fi, \u0130ngilizce \u00f6\u011fretim yapacak olan Anadolu \u0130mam hatip lisesinin a\u00e7\u0131lmas\u0131 kararla\u015ft\u0131r\u0131lm\u0131\u015ft\u0131.<\/div>\n<div dir=\"auto\">1997 y\u0131l\u0131ndan itibaren Hollanda h\u00fck\u00fcmetinin T\u00fcrkiye\u2019den din g\u00f6revlisi al\u0131m\u0131na son verip bu hizmetin Hollanda&#8217;da ya\u015fayan ve konuya ilgi duyan T.C. vatanda\u015flar\u0131 marifetiyle s\u00fcrd\u00fcr\u00fclmesi yoluna gidilece\u011fini ilan etmesi bu karar\u0131n al\u0131nmas\u0131nda etkili olmu\u015ftu.<\/div>\n<div dir=\"auto\">1999 tarihine gelindi\u011finde \u00fclkemizin Balkan \u00fclkeleri ile K\u0131r\u0131m\u2019daki menfaatlerinin temini ve bu \u00fclkelerdeki soyda\u015flar\u0131m\u0131z\u0131n zararl\u0131 dini cereyanlardan korunmas\u0131, din adam\u0131 ihtiya\u00e7lar\u0131n\u0131n mahallinden kar\u015f\u0131lanmas\u0131, bu \u00fclkeler ile \u00fclkemiz aras\u0131nda sa\u011flam, kal\u0131c\u0131 bir diyalo\u011fun ve dostluk k\u00f6pr\u00fcs\u00fcn\u00fcn olu\u015fturulmas\u0131 gibi bir dizi ama\u00e7la s\u00f6z\u00fc edilen \u00fclkelerden uluslararas\u0131 Anadolu imam hatip liselerine \u00f6\u011frenci al\u0131narak din g\u00f6revlisi olarak yeti\u015ftirilip \u00fclkelerinde g\u00f6rev almalar\u0131n\u0131n sa\u011flanmas\u0131n\u0131n uygunlu\u011fu de\u011ferlendirilmi\u015fti.<\/div>\n<div dir=\"auto\">Bu konuda \u0130\u00e7el (Mersin) Bozyaz\u0131 Anadolu \u0130mam Hatip Lisesi\u2019ne Hollanda&#8217;da ya\u015fayan T\u00fcrk vatanda\u015f\u0131 \u00f6\u011frencilerle birlikte, K\u0131r\u0131m ve Balkan \u00fclkelerinde ya\u015fayan soyda\u015flar\u0131m\u0131z\u0131n \u00e7ocuklar\u0131ndan \u00fclkemizdeki ilk\u00f6\u011fretim okulu 8. s\u0131n\u0131fa denk \u00f6\u011fretim kurumlar\u0131ndan mezun olan \u00f6\u011frencilerin, masraflar\u0131 T\u00fcrkiye Diyanet Vakf\u0131\u2019ndan (TDV) kar\u015f\u0131lanmak \u00fczere mahallinde yap\u0131lacak s\u0131navla imam hatip lisesi haz\u0131rl\u0131k s\u0131n\u0131f\u0131 \u00f6\u011frencisi olarak al\u0131nmas\u0131 kararla\u015ft\u0131r\u0131lm\u0131\u015f ve i\u015fleyi\u015f, yap\u0131lan protokolle tespit edilmi\u015fti.<\/div>\n<div dir=\"auto\">Bahse konu protokol\u00fcn \u201cOrtak H\u00fck\u00fcmler\u201d ba\u015fl\u0131\u011f\u0131 alt\u0131nda (d) bendinde \u00f6\u011frenciler Balkan \u00dclkelerinden, KKTC\u2019den, K\u0131r\u0131m\u2019dan, \u00f6zellikle Hollanda\u2019dan T\u00fcrkiye Cumhuriyetleri ile T\u00fcrk ve Akraba topluluklar\u0131ndan getirilmi\u015f ve Bozyaz\u0131 \u0130l\u00e7esinde e\u011fitim \u00f6\u011fretime ba\u015flam\u0131\u015ft\u0131.<\/div>\n<div dir=\"auto\">O d\u00f6nemde Anamur \u0130l\u00e7e Milli E\u011fitim M\u00fcd\u00fcr\u00fc idim.<\/div>\n<div dir=\"auto\">T\u00fcrkiyede b\u0131r ilk ger\u00e7ekle\u015ftirilmi\u015f, Uluslararas\u0131 Anadolu \u0130mam Hatip Lisesinin Bozyaz\u0131\u2019da a\u00e7\u0131lmas\u0131nda b\u00fcy\u00fck katk\u0131lar\u0131m olmu\u015ftu.<\/div>\n<div dir=\"auto\">Milli E\u011fitim M\u00fcd\u00fcrl\u00fc\u011f\u00fc d\u00f6nemimde bu konu ile ilgili bir an\u0131m\u0131 sizlerle payla\u015fmak istiyorum:<\/div>\n<div dir=\"auto\">Uluslararas\u0131 Anadolu \u0130mam Hatip Lisesinin kendi il ve il\u00e7elerinde a\u00e7\u0131lmas\u0131 i\u00e7in 10\u2019larca m\u00fcracaat olmu\u015f ve Milli E\u011fitim m\u00fcd\u00fcrl\u00fc\u011f\u00fc d\u00f6nemimde Uluslararas\u0131 Anadolu \u0130mam Hatip lisesinin Bozyaz\u0131\u2019ya a\u00e7\u0131lmas\u0131n\u0131 sa\u011flanm\u0131\u015ft\u0131k.<\/div>\n<div dir=\"auto\">Anamur ve Bozyaz\u0131 birbirine yap\u0131\u015f\u0131k iki il\u00e7e\u2026<\/div>\n<div dir=\"auto\">Bozyaz\u0131 1988\u2019li y\u0131llarda \u0130l\u00e7e olmadan Anamur\u2019a ba\u011fl\u0131yd\u0131 ve 10\u2019larca y\u0131l \u0130l\u00e7e Milli E\u011fitim M\u00fcd\u00fcr\u00fc olarak bu il\u00e7enin e\u011fitim \u00f6\u011fretim hizmetlerini de y\u00fcr\u00fctm\u00fc\u015ft\u00fcm\u2026<\/div>\n<div dir=\"auto\">O y\u0131llarda rahmetli a\u011fabeyim Hamdi Mert Bey Hollanda&#8217;da Din ata\u015fesiydi\u2026<\/div>\n<div dir=\"auto\">Say\u0131n Hamdi Mert a\u011fabeyimin gayretleri sonucu T\u00fcrk h\u00fck\u00fcmeti ile Hollanda h\u00fck\u00fcmeti aras\u0131nda Hollanda\u2019da \u00e7al\u0131\u015fan T\u00fcrk vatanda\u015flar\u0131n\u0131n \u00e7ocuklar\u0131n\u0131n milli kimliklerinin korunmas\u0131, ileriki y\u0131llarda bu \u00fclkedeki vatanda\u015flar\u0131m\u0131z\u0131n Din g\u00f6revlisi ihtiyac\u0131n\u0131n kar\u015f\u0131lanmas\u0131 ve zararl\u0131 dini ak\u0131mlar\u0131n etkisinden korunmas\u0131 amac\u0131 ile e\u011fitim alan\u0131nda bir anla\u015fma yap\u0131lm\u0131\u015ft\u0131\u2026<\/div>\n<div dir=\"auto\">Bu anla\u015fmaya g\u00f6re T\u00fcrkiye\u2019de ilk defa yurt d\u0131\u015f\u0131ndaki i\u015f\u00e7i \u00e7ocuklar\u0131n\u0131n okuyabilece\u011fi Uluslararas\u0131 Anadolu \u0130mam Hatip Lisesi a\u00e7\u0131lmas\u0131 kararla\u015ft\u0131r\u0131lm\u0131\u015ft\u0131\u2026<\/div>\n<div dir=\"auto\">Bu karar duyulduktan sonra her \u0130l ve \u0130l\u00e7e bu okulun kendi b\u00f6lgelerinde a\u00e7\u0131lmas\u0131 i\u00e7in harekete ge\u00e7mi\u015fti\u2026<\/div>\n<div dir=\"auto\">Anamur ve Bozyaz\u0131\u2019da bu okulun kendi y\u00f6remizde a\u00e7\u0131labilmesi i\u00e7in aray\u0131\u015f i\u00e7ine girmi\u015ftim\u2026<\/div>\n<div dir=\"auto\">Bozyaz\u0131\u2019da ailemizin verdi\u011fi bir arsa \u00fczerine yine ailemizin gayretleriyle 4 katl\u0131 Kur\u2019an Kursu yapt\u0131r\u0131lm\u0131\u015f ve T\u00fcrkiye Diyanet Vakf\u0131na ba\u011f\u0131\u015flanm\u0131\u015ft\u0131\u2026<\/div>\n<div dir=\"auto\">A\u011fabeyim\u2019 in bu binadan haberi vard\u0131\u2026<\/div>\n<div dir=\"auto\">De\u011fi\u015fik a\u00e7\u0131lardan binan\u0131n foto\u011fraf\u0131n\u0131 \u00e7ektirip ilgililere ula\u015ft\u0131rm\u0131\u015f ve Diyanet Vakf\u0131 ile anla\u015farak ailemizin de r\u0131zas\u0131n\u0131 alarak Kur\u2019an Kursu binas\u0131n\u0131n Anadolu imam Hatip Lisesine tahsisini sa\u011flam\u0131\u015ft\u0131k\u2026<\/div>\n<div dir=\"auto\">\u0130l\u00e7e Milli e\u011fitim m\u00fcd\u00fcr\u00fc olarak yurt i\u00e7i ve yurt d\u0131\u015f\u0131 yaz\u0131\u015fmalar\u0131 ben yapm\u0131\u015ft\u0131m\u2026<\/div>\n<div dir=\"auto\">Bu yaz\u0131\u015fmalar sonucu 1993 y\u0131l\u0131nda Milli E\u011fitim Bakanl\u0131\u011f\u0131n\u0131n 16.01.1993 g\u00fcn ve Din \u00d6\u011fretimi Genel m\u00fcd\u00fcrl\u00fc\u011f\u00fcn\u00fcn 5378 say\u0131l\u0131 makam onay\u0131 ile Uluslararas\u0131 Bozyaz\u0131 Anadolu \u0130mam Hatip Lisesi a\u00e7\u0131lm\u0131\u015ft\u0131\u2026<\/div>\n<div dir=\"auto\">\u2026Ve b\u00fcy\u00fck gayretler sonucu 1993-1994 e\u011fitim \u00f6\u011fretim y\u0131l\u0131nda Bozyaz\u0131\u2019ya yurt d\u0131\u015f\u0131ndan \u00f6zellikle Hamdi Mert a\u011fabeyimin ate\u015felik yapt\u0131\u011f\u0131 Hollanda\u2019daki T\u00fcrk ailelerinin \u00e7ocuklar\u0131n\u0131n okuyaca\u011f\u0131 Bozyaz\u0131 Uluslararas\u0131 Anadolu \u0130mam Hatip Lisesi e\u011fitim \u00f6\u011fretime ba\u015flam\u0131\u015ft\u0131\u2026<\/div>\n<div dir=\"auto\">Hollanda Diyanet Vakf\u0131; Say\u0131n Hamdi Mert a\u011fabeyimin gayretleriyle, yapt\u0131\u011f\u0131m yaz\u0131l\u0131 m\u00fcracaatlar\u0131n da etkisiyle ve Milli E\u011fitim bakan\u0131m\u0131z Say\u0131n Nevzat AYAZ\u2019\u0131n makam onay\u0131 ile Hollanda\u2019da ve ba\u015fka \u00fclkelerde \u00e7al\u0131\u015fan T\u00fcrk vatanda\u015flar\u0131n\u0131n \u00e7ocuklar\u0131n\u0131n e\u011fitimi amac\u0131yla Bozyaz\u0131 \u0130l\u00e7esinde 21 derslikli ayr\u0131ca 5 y\u0131ld\u0131zl\u0131 otel g\u00f6r\u00fcn\u00fcm\u00fcnde pansiyonu bulunan Uluslararas\u0131 Anadolu \u0130mam Hatip Lisesi a\u00e7\u0131lmas\u0131na vesile olmu\u015ftu\u2026<\/div>\n<div dir=\"auto\">21 derslikli ve pansiyonlu yeni binaya ta\u015f\u0131nmadan \u00f6nce ailemin ba\u011f\u0131\u015f yapt\u0131\u011f\u0131 arsa \u00fczerine 4 katl\u0131 bina yapm\u0131\u015f ve burada Uluslararas\u0131 Bozyaz\u0131 Anadolu \u0130mam Hatip Lisesinin a\u00e7\u0131lmas\u0131n\u0131 sa\u011flam\u0131\u015ft\u0131k\u2026<\/div>\n<div dir=\"auto\">Bu okulda okuyacak olan \u00f6\u011frenciler i\u00e7in Hollanda\u2019da s\u0131nav yap\u0131lm\u0131\u015f ve s\u0131nav\u0131 kazanan 100 \u00f6\u011frenciyle e\u011fitim \u00f6\u011fretime ba\u015flanm\u0131\u015ft\u0131\u2026<\/div>\n<div dir=\"auto\">Hollanda\u2019dan ve yurt d\u0131\u015f\u0131ndan gelecek \u00f6\u011frencileri kar\u015f\u0131lama ve okulun a\u00e7\u0131l\u0131\u015f t\u00f6reni \u00e7ok muhte\u015fem olmu\u015ftu\u2026<\/div>\n<div dir=\"auto\">A\u00e7\u0131l\u0131\u015f t\u00f6renin program\u0131n\u0131 okulun kurucu m\u00fcd\u00fcr\u00fc say\u0131n Selahattin Y\u0131ld\u0131z\u2019la birlikte yapm\u0131\u015f ve a\u00e7\u0131\u015f konu\u015fmas\u0131n\u0131 yapmak da bana nasip olmu\u015ftu\u2026<\/div>\n<div dir=\"auto\">\u00d6\u011frenci velilerine ve \u00f6\u011frencilere u\u00e7aktan indikleri anda da\u011f\u0131t\u0131lmak \u00fczere bir kitap\u00e7\u0131k haz\u0131rlanm\u0131\u015f ve \u201cHo\u015f Geldiniz\u201d ad\u0131n\u0131 ta\u015f\u0131yan kitap\u00e7\u0131k i\u00e7inde kurucu m\u00fcd\u00fcr Selahattin Y\u0131ld\u0131z\u2019\u0131n yaz\u0131s\u0131, U\u00e7akla Antalya Havaliman\u0131na gelecek \u00f6\u011frencilerin Bozyaz\u0131\u2019ya geli\u015fleriyle ilgili yolculuk program\u0131, kroki \u015feklinde yol g\u00fczerg\u00e2h\u0131, yol g\u00fczerg\u00e2h\u0131 \u00fczerindeki yerle\u015fim merkezleri, Anamur ve Bozyaz\u0131 hakk\u0131nda detayl\u0131 bilgiler ve okulun tan\u0131t\u0131m\u0131 yer al\u0131yordu\u2026<\/div>\n<div dir=\"auto\">Okulun tan\u0131t\u0131m\u0131 ile ilgili olarak \u015f\u00f6yle demi\u015ftik:<\/div>\n<div dir=\"auto\">\u201c\u015eirin Bozyaz\u0131 \u0130l\u00e7esinin Denizciler Mahallesinde kurulan bu m\u00fcessese, s\u0131rt\u0131n\u0131 Toroslara dayam\u0131\u015f, y\u00fcz\u00fcn\u00fc Akdeniz\u2019e \u00e7evirmi\u015f ve kollar\u0131n\u0131 sizlere a\u00e7m\u0131\u015ft\u0131r.<\/div>\n<div dir=\"auto\">4 katl\u0131 bir bina olan okulumuzun modern bir e\u011fitim merkezi haline getirilebilmesi i\u00e7in bir ay s\u00fcre ile hummal\u0131 bir \u015fekilde \u00e7al\u0131\u015f\u0131lm\u0131\u015f, rahat ve huzurunuzu temin etmek i\u00e7in hi\u00e7bir maddi ve manevi fedak\u00e2rl\u0131ktan ka\u00e7\u0131n\u0131lmam\u0131\u015f ve b\u00fcy\u00fck \u00f6l\u00e7\u00fcde de amaca ula\u015f\u0131lm\u0131\u015ft\u0131r.<\/div>\n<div dir=\"auto\">Binada yap\u0131lan geni\u015f tadilat\u0131n yan\u0131 s\u0131ra;<\/div>\n<div dir=\"auto\">a-P\u0131r\u0131l p\u0131r\u0131l s\u0131n\u0131f ve yatakhane haz\u0131rlanm\u0131\u015ft\u0131r.<\/div>\n<div dir=\"auto\">b-Modern bir mutfak ve \u00e7ama\u015f\u0131rhane d\u00fczenlenmi\u015ftir.<\/div>\n<div dir=\"auto\">c-\u00c7evre d\u00fczenlemesi devam etmektedir.<\/div>\n<div dir=\"auto\">d-Ayr\u0131ca terasa modern bir kafeterya yapt\u0131rma \u00e7al\u0131\u015fmalar\u0131m\u0131z s\u00fcrmektedir.<\/div>\n<div dir=\"auto\">\u00d6zellikle \u00f6\u011frencilerimizi bir baba-karde\u015f \u015fefkatiyle kucaklayacak \u00f6\u011fretim ve hizmet kadrosuyla okulumuz hizmete haz\u0131rd\u0131r.<\/div>\n<div dir=\"auto\">Bizlere emanet etti\u011finiz yavrular\u0131n\u0131z\u0131n emin ellerde oldu\u011funu biliniz\u2026<\/div>\n<div dir=\"auto\">Bu hizmetin ortaya \u00e7\u0131kmas\u0131nda ve y\u00fcr\u00fct\u00fclmesinde eme\u011fi ge\u00e7en ve ge\u00e7ecek olanlara \u015f\u00fckranlar\u0131m\u0131z\u0131 sunuyoruz.<\/div>\n<div dir=\"auto\">R\u0131zas\u0131na uygun bir hizmetin verilmesinde Rabbimizden yard\u0131m diliyoruz.<\/div>\n<div dir=\"auto\">\u2026Ve yeniden hepinize HO\u015e GELD\u0130N\u0130Z diyoruz.\u201d<\/div>\n<div dir=\"auto\">Hollanda\u2019dan u\u00e7akla Antalya\u2019ya gelen \u00f6\u011frenciler i\u00e7in bir kar\u015f\u0131lama ve yolculuk program\u0131 yapm\u0131\u015ft\u0131k\u2026<\/div>\n<div dir=\"auto\">\u00d6\u011frenciler 14 Kas\u0131m 1993 \u2018de Pazar g\u00fcn\u00fc u\u00e7akla Antalya\u2019ya gelmi\u015flerdi\u2026 Bir \u00e7ift g\u00f6z onlar\u0131 izliyordu\u2026<\/div>\n<div dir=\"auto\">Ayn\u0131 g\u00fcn 4 otob\u00fcsle Antalya \u015fehir gezisi yapt\u0131r\u0131lm\u0131\u015ft\u0131\u2026 \u015eehir gezisinden sonra D\u00fcden ve Lara \u015felaleleri gezdirilmi\u015fti\u2026 Gece Antalya\u2019da konaklanm\u0131\u015ft\u0131\u2026<\/div>\n<div dir=\"auto\">15 Kas\u0131m 1993 Pazartesi g\u00fcn\u00fc saat 8.30\u2019da Bozyaz\u0131\u2019ya hareket edilmi\u015fti\u2026<\/div>\n<div dir=\"auto\">Yolda Aspendos, Side-Manavgat \u015felaleleri gezdirilmi\u015fti\u2026<\/div>\n<div dir=\"auto\">Saat 12.00\u2019de Alanya\u2019ya gelinmi\u015fti\u2026 Kale-Damlata\u015f ma\u011faralar\u0131 gezilmi\u015f ve \u00f6\u011fle yeme\u011fi yenmi\u015fti\u2026<\/div>\n<div dir=\"auto\">Saat 14.00\u2019de Antalyadan Bozyaz\u0131ya hareket edilmi\u015fti\u2026 Gazi Pa\u015fa \u0130l\u00e7esinde \u00e7ay molas\u0131 verilmi\u015fti\u2026<\/div>\n<div dir=\"auto\">Saat 17.00\u2019de Bozyaz\u0131\u2019ya gelinmi\u015fti\u2026 \u00d6\u011frenciler okulda, Veliler Motel\u2019de gecelemi\u015flerdi\u2026<\/div>\n<div dir=\"auto\">16 Kas\u0131m 1993 Sal\u0131 g\u00fcn\u00fc saat 10.00\u2019da okulda a\u00e7\u0131l\u0131\u015f t\u00f6reni d\u00fczenlenmi\u015fti\u2026 Bu t\u00f6rende kimler yoktu ki\u2026<\/div>\n<div dir=\"auto\">Milli E\u011fitim bakan\u0131n\u0131 temsilen gelen Bakanl\u0131k temsilcileri\u2026 H\u00fck\u00fcmeti temsilen gelen siyasiler\u2026 T\u00fcrkiye Diyanet Vakf\u0131 yetkilileri\u2026 Hollanda Diyanet Vakf\u0131 yetkilileri\u2026 D\u0131\u015fi\u015fleri Bakanl\u0131\u011f\u0131 yetkilileri\u2026 Din \u00f6\u011fretimi Genel M\u00fcd\u00fcrl\u00fc\u011f\u00fc temsilcileri\u2026 \u0130\u00e7el Valisi\u2026 \u00c7evre \u0130l\u00e7e kaymakamlar\u0131\u2026 \u00c7evre \u0130l\u00e7e belediye ba\u015fkanlar\u0131\u2026<\/div>\n<div dir=\"auto\">Bu a\u00e7\u0131l\u0131\u015f t\u00f6reninde herkesin be\u011fenisini kazand\u0131\u011f\u0131n\u0131 tahmin etti\u011fim duygulu bir konu\u015fma yapm\u0131\u015ft\u0131m\u2026<\/div>\n<div dir=\"auto\">Ayr\u0131ca bu t\u00f6ren i\u00e7in haftalarca \u00f6nce Anamur\u2019da \u00f6zel olarak haz\u0131rlad\u0131\u011f\u0131m\u0131z Kafkas ekibimiz de bir g\u00f6steri yapm\u0131\u015ft\u0131\u2026<\/div>\n<div dir=\"auto\">T\u00fcrkiye\u2019de bir \u0130LK\u2019i Bozyaz\u0131\u2019da benim do\u011fdu\u011fum y\u00f6rede, Denizciler Mahallesinde benim do\u011fdu\u011fum evin biti\u015fi\u011finde anne-babam\u0131n verdi\u011fi arsa \u00fczerine ailemin yapt\u0131rd\u0131\u011f\u0131 4 katl\u0131 binada ger\u00e7ekle\u015ftirmi\u015ftik\u2026<\/div>\n<div dir=\"auto\">Bu benim i\u00e7in hayat\u0131m\u0131n en b\u00fcy\u00fck mutluluk kayna\u011f\u0131 olmu\u015ftu\u2026<\/div>\n<div dir=\"auto\">\u0130lerleyen y\u0131llarda bu binam\u0131z ihtiyaca cevap veremez olmu\u015f, bunun \u00fczerine \u00e7ok yak\u0131n akrabam\u0131z ve Bozyaz\u0131\u2019da belediye ba\u015fkanl\u0131\u011f\u0131 yapm\u0131\u015f olan merhum say\u0131n Mustafa Deniz\u2019in verdi\u011fi arsa \u00fczerine T\u00fcrkiye Diyanet vakf\u0131nca 2 bloktan olu\u015fan bir bloku 21 derslikli okul, di\u011fer bloku pansiyon olan Anadolu imam Hatip Lisesi yap\u0131lm\u0131\u015f ve \u00f6\u011frenciler buraya ta\u015f\u0131nm\u0131\u015ft\u0131\u2026<\/div>\n<div dir=\"auto\">T\u00fcrkiyede bir \u0130LK ger\u00e7ekle\u015ftirilmi\u015f ve Milli E\u011fitim M\u00fcd\u00fcr\u00fc olarak a\u00e7\u0131l\u0131\u015f ve e\u011fitim \u00f6\u011fretim hizmetlerinde b\u00fcy\u00fck katk\u0131lar\u0131m olmu\u015ftu.<\/div>\n<div dir=\"auto\">\u0130\u015fte T\u00fcrkiye\u2019de ilk defa a\u00e7\u0131lan Uluslararas\u0131 Bozyaz\u0131 Anadolu \u0130mam Hatip Lisesinin a\u00e7\u0131l\u0131\u015f \u00f6yk\u00fcs\u00fc yurt d\u0131\u015f\u0131ndan gelen \u00f6\u011frencilerin pek \u00e7ok an\u0131lar\u0131yla ge\u00e7en E\u011fitim \u00d6\u011fretimleri\u2026<\/div>\n<div dir=\"auto\">Ho\u015f\u00e7a kal\u0131n\u0131z.<\/div>\n<\/div>\n<div class=\"yj6qo\"><\/div>\n<div class=\"adL\"><\/div>\n<\/div>\n<\/div>\n<\/div>\n<div id=\"avWBGd-18\" class=\"WhmR8e\" data-hash=\"0\"><\/div>\n<\/div>\n<\/div>\n","protected":false},"excerpt":{"rendered":"<p>Uluslararas\u0131 Anadolu \u0130mam Hatip Liselerinin Tarihsel Geli\u015fimi 16.11.1993 tarihinde Mill\u00ee E\u011fitim Bakan\u0131 Nevzat Ayaz&#8217;dan al\u0131nan makam oluruyla ba\u015flam\u0131\u015ft\u0131. O tarihlerde ismi \u0130\u00e7el olan Mersin ili Bozyaz\u0131 il\u00e7esinde Bat\u0131 Avrupa \u00dclkelerinde \u00e7al\u0131\u015fan T\u00fcrk vatanda\u015flar\u0131n\u0131n \u00e7ocuklar\u0131n\u0131n yeti\u015ftirilmesi ve mill\u00ee kimliklerinin korunmas\u0131 amac\u0131yla Hollanda ve di\u011fer Avrupa \u00fclkelerinden gelecek T\u00fcrk \u00e7ocuklar\u0131n\u0131n okuyabilece\u011fi, \u0130ngilizce \u00f6\u011fretim yapacak olan Anadolu \u0130mam [&hellip;]<\/p>\n","protected":false},"author":11,"featured_media":122285,"comment_status":"open","ping_status":"open","sticky":false,"template":"","format":"standard","meta":{"footnotes":""},"categories":[21],"tags":[],"class_list":["post-123441","post","type-post","status-publish","format-standard","has-post-thumbnail","hentry","category-gazi-mert"],"views":492,"_links":{"self":[{"href":"https:\/\/mersingazetesi.com\/index.php\/wp-json\/wp\/v2\/posts\/123441","targetHints":{"allow":["GET"]}}],"collection":[{"href":"https:\/\/mersingazetesi.com\/index.php\/wp-json\/wp\/v2\/posts"}],"about":[{"href":"https:\/\/mersingazetesi.com\/index.php\/wp-json\/wp\/v2\/types\/post"}],"author":[{"embeddable":true,"href":"https:\/\/mersingazetesi.com\/index.php\/wp-json\/wp\/v2\/users\/11"}],"replies":[{"embeddable":true,"href":"https:\/\/mersingazetesi.com\/index.php\/wp-json\/wp\/v2\/comments?post=123441"}],"version-history":[{"count":1,"href":"https:\/\/mersingazetesi.com\/index.php\/wp-json\/wp\/v2\/posts\/123441\/revisions"}],"predecessor-version":[{"id":123442,"href":"https:\/\/mersingazetesi.com\/index.php\/wp-json\/wp\/v2\/posts\/123441\/revisions\/123442"}],"wp:featuredmedia":[{"embeddable":true,"href":"https:\/\/mersingazetesi.com\/index.php\/wp-json\/wp\/v2\/media\/122285"}],"wp:attachment":[{"href":"https:\/\/mersingazetesi.com\/index.php\/wp-json\/wp\/v2\/media?parent=123441"}],"wp:term":[{"taxonomy":"category","embeddable":true,"href":"https:\/\/mersingazetesi.com\/index.php\/wp-json\/wp\/v2\/categories?post=123441"},{"taxonomy":"post_tag","embeddable":true,"href":"https:\/\/mersingazetesi.com\/index.php\/wp-json\/wp\/v2\/tags?post=123441"}],"curies":[{"name":"wp","href":"https:\/\/api.w.org\/{rel}","templated":true}]}}