{"id":123164,"date":"2026-01-23T10:39:39","date_gmt":"2026-01-23T07:39:39","guid":{"rendered":"https:\/\/mersingazetesi.com\/?p=123164"},"modified":"2026-01-23T10:39:39","modified_gmt":"2026-01-23T07:39:39","slug":"sehitlerin-kaniyla-sulanmis-vatan-topragimiz-anadolu","status":"publish","type":"post","link":"https:\/\/mersingazetesi.com\/index.php\/2026\/01\/23\/sehitlerin-kaniyla-sulanmis-vatan-topragimiz-anadolu\/","title":{"rendered":"\u015eEH\u0130TLER\u0130N KANIYLA SULANMI\u015e VATAN TOPRA\u011eIMIZ: ANADOLU\u2026"},"content":{"rendered":"<div class=\"gs\">\n<div class=\"\">\n<div id=\":qz\" class=\"ii gt\">\n<div id=\":qt\" class=\"a3s aiL\">\n<div id=\"avWBGd-116\">\n<div dir=\"ltr\">\n<div dir=\"auto\">Vadedilmi\u015f topraklar safsatas\u0131 ile Anadolumuzun bir b\u00f6l\u00fcm\u00fc ile KKTC\u2019ine g\u00f6z diken Siyonizm ve ayn\u0131 sahte emel u\u011fruna Gazze\u2019de 70 binin \u00fczerinde M\u00fcsl\u00fcman\u0131 \u015fehit eden katil \u0130srail y\u00fcce milletimizin gayretleriyle emellerine eri\u015fememi\u015ftir.<\/div>\n<div dir=\"auto\">T\u00fcm ate\u015fkes kararlar\u0131na ra\u011fmen \u0130srail kom\u015fular\u0131na sald\u0131r\u0131lar\u0131na devam etmekte ve vadedilmi\u015f topraklar masal\u0131 ile Anadolumuza sald\u0131r\u0131 haz\u0131rl\u0131klar\u0131n\u0131 devam ettirmektedir.<\/div>\n<div dir=\"auto\">S\u00f6zde baz\u0131 kom\u015fular\u0131m\u0131z ve i\u00e7imizdeki baz\u0131 hainler bu haz\u0131rl\u0131klara \u00e7anak tutmaktad\u0131r.<\/div>\n<div dir=\"auto\">\u015eehit kanlar\u0131yla sulanm\u0131\u015f Anadolumuzdan bir kar\u0131\u015f toprak almaya kimsenin g\u00fcc\u00fc yetmeyecektir.<\/div>\n<div dir=\"auto\">Nedir Anadolu?<\/div>\n<div dir=\"auto\">T\u00fcrkiye&#8217;nin \u0130stanbul Bo\u011faz\u0131\u2019yla Avrupa\u2019dan ayr\u0131lan Asya k\u0131tas\u0131ndaki topraklar\u0131na Anadolu denir.<\/div>\n<div dir=\"auto\">Hatta bu b\u00f6lgeye tarihte \u201cK\u00fc\u00e7\u00fck Asya\u201d dendi\u011fi de olmu\u015ftur.<\/div>\n<div dir=\"auto\">Anadolu ad\u0131 \u00fczerine \u00e7e\u015fitli s\u00f6ylentiler var.<\/div>\n<div dir=\"auto\">Anadolu&#8217;ya gelen ilk ak\u0131nc\u0131lar\u0131n ya\u015fl\u0131 bir kad\u0131na rastlamas\u0131 en bilindik efsane.<\/div>\n<div dir=\"auto\">Ya\u015fl\u0131 kad\u0131n yorgun arg\u0131n gelen ak\u0131nc\u0131lara ayran ikram eder. Askerlerin her biri \u201cana dol\u201d diye ayranlar\u0131 bittik\u00e7e \u00e7anaklar\u0131n\u0131 ya\u015fl\u0131 kad\u0131na uzat\u0131rlar.<\/div>\n<div dir=\"auto\">Kad\u0131n da elindeki testiyle her birinin \u00e7anaklar\u0131n\u0131 doldurur, ama ne hikmetse ayran hi\u00e7 bitmez.<\/div>\n<div dir=\"auto\">Elbette bu i\u015fin s\u00f6ylence k\u0131sm\u0131. Anadolu\u2019nun bilinen ilk ad\u0131 Hatti \u00dclkesi. Burada ya\u015fayan ve sonralar\u0131 Hititlerle kayna\u015fan toplumun ad\u0131ndan al\u0131yor ad\u0131n\u0131.<\/div>\n<div dir=\"auto\">Anadolu s\u00f6z\u00fc ise b\u00f6lgeye sonradan gelen Yunanl\u0131lar\u0131n verdi\u011fi bir isim. Yunanca anatole ya da farkl\u0131 bir s\u00f6yleyi\u015fle anatoli Yunanca \u201cdo\u011fu\u201d anlam\u0131na geliyor.<\/div>\n<div dir=\"auto\">Yunancada \u201cana\u201d s\u00f6z\u00fc yukar\u0131 anlam\u0131na geliyor. Buradan yola \u00e7\u0131karak \u201canatelein\u201d G\u00fcne\u015f\u2019in yukar\u0131 kalkt\u0131\u011f\u0131 yer, yani G\u00fcne\u015f\u2019in do\u011fdu\u011fu \u00fclke.<\/div>\n<div dir=\"auto\">Ege denizinin kar\u015f\u0131 k\u0131y\u0131s\u0131ndan bak\u0131nca bu topraklara G\u00fcne\u015f\u2019in do\u011fdu\u011fu \u00fclke ad\u0131n\u0131n verilmesi hi\u00e7 de \u015fa\u015f\u0131rt\u0131c\u0131 de\u011fil.<\/div>\n<div dir=\"auto\">Evet\u2026<\/div>\n<div dir=\"auto\">Anadolu Yar\u0131madas\u0131: Asya k\u0131tas\u0131n\u0131n en bat\u0131s\u0131nda Karadeniz, Akdeniz ve Ege denizi aras\u0131nda kalan yakla\u015f\u0131k 755.000 km\u00b2&#8217;lik bir alan\u0131 kaplayan da\u011fl\u0131k bir yar\u0131madad\u0131r.<\/div>\n<div dir=\"auto\">Bat\u0131dan do\u011fuya olan uzunluk 1.000 km den fazla, geni\u015flik ise 400 km den 600 km ye kadard\u0131r.<\/div>\n<div dir=\"auto\">Osmanl\u0131 d\u00f6neminde &#8220;Anadolu&#8217;nun geleneksel do\u011fu s\u0131n\u0131r\u0131 olarak F\u0131rat Nehri kabul edilirken, Cumhuriyetle birlikte Birinci T\u00fcrk Co\u011frafya Kongresinden sonra T\u00fcrkiye&#8217;nin Asya&#8217;da kalan k\u0131sm\u0131n\u0131n t\u00fcm\u00fc ayn\u0131 co\u011fraf\u00ee terime d\u00e2hil edilmi\u015ftir.<\/div>\n<div dir=\"auto\">G\u00fcn\u00fcm\u00fczde yayg\u0131n olarak T\u00fcrkiye&#8217;nin Asya k\u0131tas\u0131nda kalan topraklar\u0131n\u0131n ad\u0131 olarak kullan\u0131l\u0131r.<\/div>\n<div dir=\"auto\">Anadolu, Asya ve Avrupa&#8217;n\u0131n birle\u015fim noktas\u0131ndaki stratejik konumu nedeniyle, tarih \u00f6ncesi \u00e7a\u011flardan beri bir\u00e7ok medeniyetin be\u015fi\u011fi olmu\u015ftur.<\/div>\n<div dir=\"auto\">Yery\u00fcz\u00fcn\u00fcn en eski yerle\u015fkelerinden baz\u0131lar\u0131 Cilal\u0131 Ta\u015f Devrinde Anadolu&#8217;da kurulmu\u015ftur.<\/div>\n<div dir=\"auto\">\u00c7atalh\u00f6y\u00fck, \u00c7ay\u00f6n\u00fc, Hac\u0131lar, G\u00f6bekli Tepe ve Mersin (Yumuktepe) yerle\u015fkeleri Cilal\u0131 Ta\u015f Devrinden kalmad\u0131r.<\/div>\n<div dir=\"auto\">Truva yerle\u015fkesi de Cilal\u0131 Ta\u015f Devrinde kurulmu\u015f ve Demir \u00c7a\u011f\u0131&#8217;na do\u011fru uzanm\u0131\u015ft\u0131r.<\/div>\n<div dir=\"auto\">S\u00fcmer, Asur, Hitit, Yunan, Lidya, Kelt, Per, Roma, Do\u011fu Roma (Bizans), Sel\u00e7uklu, Safevi, Mo\u011fol ve Osmanl\u0131 gibi onlarca medeniyete ev sahipli\u011fi yapm\u0131\u015ft\u0131r.<\/div>\n<div dir=\"auto\">Y\u00fczlerce dil ve leh\u00e7eyi bar\u0131nd\u0131r\u0131r.<\/div>\n<div dir=\"auto\">Anadolu, H\u0131ristiyanl\u0131\u011f\u0131n ilk do\u011fdu\u011fu ve geli\u015fti\u011fi topraklardan biridir.<\/div>\n<div dir=\"auto\">Uzun y\u0131llar Do\u011fu Roma topraklar\u0131n\u0131n esas\u0131n\u0131 te\u015fkil etmi\u015ftir.<\/div>\n<div dir=\"auto\">11. y\u00fczy\u0131ldan itibaren T\u00fcrkler taraf\u0131ndan isk\u00e2n edilmi\u015f ve y\u00f6netilmi\u015ftir.<\/div>\n<div dir=\"auto\">\u00d6zellikle 1071 y\u0131l\u0131ndaki Malazgirt Meydan Muharebesinden itibaren M\u00fcsl\u00fcman O\u011fuz T\u00fcrkleri Anadolu&#8217;ya ak\u0131n etmi\u015ftir.<\/div>\n<div dir=\"auto\">Eski\u00e7a\u011f tarihlerinde \u201cK\u00fc\u00e7\u00fck Asya\u201d olarak adland\u0131r\u0131lan Anadolu ad\u0131 onuncu asra kadar devam etmi\u015ftir.<\/div>\n<div dir=\"auto\">Helenistik \u00e7a\u011fda Anadolu\u2019ya \u201cAnadolos\u201d denmi\u015ftir.<\/div>\n<div dir=\"auto\">Osmanl\u0131lar d\u00f6neminde Anadolu topraklar\u0131 \u201cDiyar-\u0131 Rum\u201d, \u201cMemalik\u2019i Rum\u201dgibi adlarla an\u0131lm\u0131\u015ft\u0131r.<\/div>\n<div dir=\"auto\">Kanuni Sultan S\u00fcleyman \u0130mparatorlu\u011fun topraklar\u0131n\u0131 \u201cRumeli\u201d ve \u201cAnadolu\u201d olmak \u00fczere, iki eyalete ay\u0131rm\u0131\u015ft\u0131.<\/div>\n<div dir=\"auto\">Osmanl\u0131lar d\u00f6neminde Anadolu eyaletinin ilk merkezi Ankara daha sonra K\u00fctahya olmu\u015ftu.<\/div>\n<div dir=\"auto\">T\u00fcrkiye Cumhuriyeti kurulduktan sonra, Asya kesimindeki T\u00fcrk topraklar\u0131n\u0131n hepsine \u201cAnadolu\u201d ad\u0131 verilmi\u015fti.<\/div>\n<div dir=\"auto\">Anadolu\u2019muzun T\u00fcrklere ait bir yurt oldu\u011funu ilk defa ha\u00e7l\u0131 yazarlar belirtmi\u015flerdir.<\/div>\n<div dir=\"auto\">Anadolu&#8217;ya \u201cT\u00fcrkia\u201d demi\u015flerdi.<\/div>\n<div dir=\"auto\">Sel\u00e7uklu ve Osmanl\u0131 d\u00f6nemlerinde Anadolu, Do\u011fu ve Bat\u0131 uygarl\u0131\u011f\u0131 aras\u0131nda bir k\u00f6pr\u00fc olmu\u015ftur.<\/div>\n<div dir=\"auto\">Anadolu ad\u0131n\u0131n nereden geldi\u011fi ile ilgili bir radyo program\u0131nda canl\u0131 yay\u0131nda anlatt\u0131klar\u0131m\u0131 sizinle de payla\u015fmak istiyorum:<\/div>\n<div dir=\"auto\">Yukar\u0131da belirtti\u011fim \u015fekilde bir sava\u015f d\u00f6n\u00fc\u015f\u00fc T\u00fcrk askerlerine ayran ikram eden bir T\u00fcrk anas\u0131 askerlerin elinde bulunan ayran tas\u0131na ayran doldurmaktad\u0131r.<\/div>\n<div dir=\"auto\">O kadar \u00e7ok ayran ikram edilmi\u015ftir ki, kahraman T\u00fcrk askerleri ellerindeki ayran tas\u0131 dolu oldu\u011fu i\u00e7in, \u201cdolu ana\u2026\u201d \u201cAna\u2026dolu\u2026\u201d demeye ba\u015flam\u0131\u015flard\u0131r.<\/div>\n<div dir=\"auto\">Askerlerin s\u00f6z\u00fc s\u00fcratlenince \u201cAna dolu\u201d; \u201cAnadolu\u201d \u015feklinde anla\u015f\u0131lm\u0131\u015f ve b\u00f6ylece Anadolu ad\u0131 do\u011fmu\u015ftur.<\/div>\n<div dir=\"auto\">\u0130\u00e7 ve d\u0131\u015f d\u00fc\u015fmanlar\u0131m\u0131z istemese de \u015fehit kanlar\u0131yla sulanm\u0131\u015f Anadolumuz T\u00fcrk yurdudur. T\u00fcrk yurdu kalacakt\u0131r.<\/div>\n<div dir=\"auto\">Ho\u015f\u00e7a kal\u0131n\u0131z.<\/div>\n<\/div>\n<div class=\"yj6qo\"><\/div>\n<div class=\"adL\"><\/div>\n<\/div>\n<\/div>\n<\/div>\n<div id=\"avWBGd-117\" class=\"WhmR8e\" data-hash=\"0\"><\/div>\n<\/div>\n<\/div>\n","protected":false},"excerpt":{"rendered":"<p>Vadedilmi\u015f topraklar safsatas\u0131 ile Anadolumuzun bir b\u00f6l\u00fcm\u00fc ile KKTC\u2019ine g\u00f6z diken Siyonizm ve ayn\u0131 sahte emel u\u011fruna Gazze\u2019de 70 binin \u00fczerinde M\u00fcsl\u00fcman\u0131 \u015fehit eden katil \u0130srail y\u00fcce milletimizin gayretleriyle emellerine eri\u015fememi\u015ftir. T\u00fcm ate\u015fkes kararlar\u0131na ra\u011fmen \u0130srail kom\u015fular\u0131na sald\u0131r\u0131lar\u0131na devam etmekte ve vadedilmi\u015f topraklar masal\u0131 ile Anadolumuza sald\u0131r\u0131 haz\u0131rl\u0131klar\u0131n\u0131 devam ettirmektedir. S\u00f6zde baz\u0131 kom\u015fular\u0131m\u0131z ve i\u00e7imizdeki [&hellip;]<\/p>\n","protected":false},"author":11,"featured_media":122285,"comment_status":"open","ping_status":"open","sticky":false,"template":"","format":"standard","meta":{"footnotes":""},"categories":[21],"tags":[],"class_list":["post-123164","post","type-post","status-publish","format-standard","has-post-thumbnail","hentry","category-gazi-mert"],"views":486,"_links":{"self":[{"href":"https:\/\/mersingazetesi.com\/index.php\/wp-json\/wp\/v2\/posts\/123164","targetHints":{"allow":["GET"]}}],"collection":[{"href":"https:\/\/mersingazetesi.com\/index.php\/wp-json\/wp\/v2\/posts"}],"about":[{"href":"https:\/\/mersingazetesi.com\/index.php\/wp-json\/wp\/v2\/types\/post"}],"author":[{"embeddable":true,"href":"https:\/\/mersingazetesi.com\/index.php\/wp-json\/wp\/v2\/users\/11"}],"replies":[{"embeddable":true,"href":"https:\/\/mersingazetesi.com\/index.php\/wp-json\/wp\/v2\/comments?post=123164"}],"version-history":[{"count":1,"href":"https:\/\/mersingazetesi.com\/index.php\/wp-json\/wp\/v2\/posts\/123164\/revisions"}],"predecessor-version":[{"id":123165,"href":"https:\/\/mersingazetesi.com\/index.php\/wp-json\/wp\/v2\/posts\/123164\/revisions\/123165"}],"wp:featuredmedia":[{"embeddable":true,"href":"https:\/\/mersingazetesi.com\/index.php\/wp-json\/wp\/v2\/media\/122285"}],"wp:attachment":[{"href":"https:\/\/mersingazetesi.com\/index.php\/wp-json\/wp\/v2\/media?parent=123164"}],"wp:term":[{"taxonomy":"category","embeddable":true,"href":"https:\/\/mersingazetesi.com\/index.php\/wp-json\/wp\/v2\/categories?post=123164"},{"taxonomy":"post_tag","embeddable":true,"href":"https:\/\/mersingazetesi.com\/index.php\/wp-json\/wp\/v2\/tags?post=123164"}],"curies":[{"name":"wp","href":"https:\/\/api.w.org\/{rel}","templated":true}]}}