{"id":123090,"date":"2026-01-22T12:58:01","date_gmt":"2026-01-22T09:58:01","guid":{"rendered":"https:\/\/mersingazetesi.com\/?p=123090"},"modified":"2026-01-22T12:58:01","modified_gmt":"2026-01-22T09:58:01","slug":"nasreddin-hoca-turk-dunyasinin-mizah-semboludur","status":"publish","type":"post","link":"https:\/\/mersingazetesi.com\/index.php\/2026\/01\/22\/nasreddin-hoca-turk-dunyasinin-mizah-semboludur\/","title":{"rendered":"NASREDD\u0130N HOCA T\u00dcRK D\u00dcNYASININ M\u0130ZAH SEMBOL\u00dcD\u00dcR"},"content":{"rendered":"<p>Nasreddin Hoca i\u00e7in her y\u0131l Ak\u015fehir\u2019de anma g\u00fcnleri d\u00fczenlenmektedir.<br \/>\nNasreddin Hocay\u0131 anma g\u00fcnleri ilk defa 1933 y\u0131l\u0131nda yap\u0131lm\u0131\u015ft\u0131r.<br \/>\nAk\u015fehir\u2019de Nasreddin Hoca sadece anma g\u00fcnlerinde an\u0131lan bir de\u011fer de\u011fildir.<br \/>\nNasreddin Hoca, Ak\u015fehir\u2019lilerin her an yan\u0131 ba\u015f\u0131ndad\u0131r.<br \/>\nEvliliklerde d\u00fc\u011f\u00fcne davet edilir.<br \/>\nBayramlarda ziyaret edilir.<br \/>\nMezarl\u0131\u011fa girildi\u011finde ilk onun t\u00fcrbesinde dua edilir.<br \/>\nSokaklar onun ad\u0131yla tarif edilir.<br \/>\nK\u0131saca Ak\u015fehir, Nasreddin Hoca\u2019d\u0131r. Nasreddin Hoca\u2019da Ak\u015fehir\u2019dir.<br \/>\nCumhuriyet d\u00f6neminde ilk defa sayg\u0131 i\u00e7in kalabal\u0131k merasim, 30 Haziran 1933 tarihinde cuma g\u00fcn\u00fc yap\u0131lm\u0131\u015ft\u0131r.<br \/>\nG\u00fcnler \u00f6ncesinden 30 Haziran 1933 tarihi cuma g\u00fcn\u00fc Ak\u015fehir Halk F\u0131rkas\u0131 binas\u0131nda Nasreddin Hoca i\u00e7in \u00e7ok g\u00fczel bir anma g\u00fcn\u00fc yap\u0131laca\u011f\u0131 duyurulmu\u015ftu.<br \/>\nAnma t\u00f6reni i\u00e7in 30 Haziran 1933 Cuma g\u00fcn\u00fc Halk F\u0131rkas\u0131 binas\u0131n\u0131 davetliler doldurmu\u015ftu.<br \/>\nHaz\u0131r bulunanlara Nasrettin Hoca\u2019n\u0131n hik\u00e2ye kitaplar\u0131 hediye edilmi\u015ftir.<br \/>\nK\u00fcrs\u00fcye gelen \u015eair, T\u00fcrk-\u0130sl\u00e2m sanat\u0131 tarihi ara\u015ft\u0131rmac\u0131s\u0131 R\u0131fk\u0131 Mel\u00fbl Meri\u00e7 konuklara toplanma maksad\u0131 hakk\u0131nda a\u00e7\u0131klamalarda bulunmu\u015ftu.<br \/>\n\u0130lerleyen zamanda Konya merkez ilk\u00f6\u011fretim ba\u015fm\u00fcfetti\u015fi Emin Bey taraf\u0131ndan \u201cHoca\u2019n\u0131n f\u0131kralar\u0131ndaki terbiyevi k\u0131ymet\u201d izah edilmi\u015ftir.<br \/>\nKonu\u015fmalar bittikten sonra haz\u0131r bulunanlar Halk F\u0131rkas\u0131 binas\u0131n\u0131n \u00f6n\u00fcnde toplanarak Nasreddin Hoca T\u00fcrbesine do\u011fru y\u00fcr\u00fcy\u00fc\u015fe ge\u00e7mi\u015flerdir.<br \/>\nNasreddin Hoca T\u00fcrbesinde onun ruhuna topluca dualar edilmi\u015fti. Baz\u0131 f\u0131kralar\u0131 anlat\u0131lm\u0131\u015ft\u0131.<br \/>\nB\u00f6ylece R\u0131fk\u0131 Mel\u00fcl Bey taraf\u0131ndan memleketimiz halk\u0131na \u00e7ok ehemmiyetli ve unutulmu\u015f bir de\u011feri bug\u00fcnle hat\u0131rlatm\u0131\u015f oldu.<br \/>\nVefat\u0131n\u0131n y\u0131ld\u00f6n\u00fcmlerinde, y\u00fczy\u0131llard\u0131r insanl\u0131\u011f\u0131 g\u00fcld\u00fcr\u00fcrken d\u00fc\u015f\u00fcnd\u00fcren, bilgelik dolu s\u00f6zleriyle g\u00f6n\u00fcllerde taht kurmu\u015f Nasreddin Hoca&#8217;m\u0131z\u0131 rahmet ve minnetle an\u0131yoruz.<br \/>\nNasreddin hobca kimdir?<br \/>\nNasreddin Hoca Sivrihisar\u2019a yak\u0131n Harto k\u00f6y\u00fcnde 1208 y\u0131l\u0131nda do\u011fmu\u015ftur.<br \/>\nBabas\u0131 k\u00f6y\u00fcn\u00fcn imam\u0131d\u0131r.<br \/>\nNasreddin Hoca babas\u0131n\u0131n \u00f6l\u00fcm\u00fcnden sonra Harto\u2019da imaml\u0131k yapm\u0131\u015ft\u0131r.<br \/>\nBu g\u00f6rev k\u0131sa s\u00fcrm\u00fc\u015f ve 1237 y\u0131l\u0131nda Ak\u015fehir\u2019e yerle\u015ferek \u00fcnl\u00fc Mutasavvuf Seyyid Mahmut Hayrani\u2019ye intisap etmi\u015f ve 1284\u2032de Ak\u015fehir\u2019de vefat etmi\u015ftir.<br \/>\nT\u00fcrbesi Ak\u015fehir\u2019dedir.<br \/>\nHer y\u0131l 5-10 Temmuz tarihleri aras\u0131nda Nasreddin Hoca \u015fenlikleri yap\u0131lmakta ve bu \u015fenliklerde Ak\u015fehir g\u00f6l\u00fcne \u201cyo\u011furt \u00e7al\u0131nmakta\u201d d\u0131r.<br \/>\nNasreddin Hoca\u2019n\u0131n ya\u015famad\u0131\u011f\u0131, hayali bir kahraman oldu\u011fu iddialar\u0131 da vard\u0131r.<br \/>\nNasreddin Hoca\u2019n\u0131n ya\u015fam\u0131\u015f olmas\u0131 onun hayali bir kahraman gibi g\u00f6n\u00fcllerde ya\u015famas\u0131na da engel de\u011fildir.<br \/>\nNasreddin Hoca\u2019n\u0131n f\u0131kralar\u0131 yediden yetmi\u015fe her T\u00fcrk insan\u0131 taraf\u0131ndan sevilmekte ve bu f\u0131kralar Nasreddin Hoca ile halk\u0131m\u0131z\u0131n ortak verimidir.<br \/>\nNas\u0131l Eski Yunanl\u0131lar\u0131n Ezopos\u2019u, Almanlar\u0131n Eulenspiege\u2019i, \u0130ranl\u0131lar\u0131n Nasuriddin T\u00fcsi\u2019si, Araplar\u0131n Cuha\u2019b\u0131, Bulgarlar\u0131n Hitar Petar\u2019\u0131 varsa bizim de Nasreddin Hoca\u2019m\u0131z vard\u0131r.<br \/>\nNasreddin Hoca herhangi bir g\u00fc\u00e7 durumdan kurtulmak i\u00e7in yalana, a\u00e7g\u00f6zl\u00fcl\u00fc\u011fe, k\u00fc\u00e7\u00fck hesaplara ba\u015f vurmadan her yapt\u0131\u011f\u0131n\u0131 sa\u011fduyuya, ahlak esaslar\u0131na dayand\u0131r\u0131r.<br \/>\nT\u00fcrk insan\u0131 Nasreddin Hoca\u2019ya filozofluk, ermi\u015flik payesi vermi\u015ftir.<br \/>\nBat\u0131 edebiyat\u0131nda O,\u201d hayat\u0131n manas\u0131n\u0131 mizahla yorumlayan bir hikmet eri\u201d olarak tan\u0131mlan\u0131r.<br \/>\nOnun g\u00fcld\u00fcr\u00fcc\u00fc f\u0131kralar\u0131n\u0131n amac\u0131 insanl\u0131\u011fa ders vermek veya bir d\u00fczensizli\u011fi g\u00f6z \u00f6n\u00fcne sermektir.<br \/>\nNasreddin Hoca becerikli, \u00e7al\u0131\u015fkan ve haraketlidir. Odun keser, hayvan y\u00fckler, bu\u011fday\u0131 de\u011firmene g\u00f6t\u00fcr\u00fcr, e\u015fe\u011fiyle pazara ta\u015f\u0131n\u0131r, al\u0131\u015fveri\u015f yapar, imaml\u0131k yapar, kad\u0131l\u0131k yapar, davetlerde haz\u0131r bulunur, d\u00fc\u011f\u00fcnlerde, \u00fcz\u00fcnt\u00fcde, sevin\u00e7te o vard\u0131r.<br \/>\nKanunlara sayg\u0131l\u0131d\u0131r, y\u0131k\u0131c\u0131 de\u011fil yap\u0131c\u0131d\u0131r. Sab\u0131rl\u0131 ve ho\u015f g\u00f6r\u00fcl\u00fcd\u00fcr.<br \/>\nF\u0131kralar\u0131nda M\u00fcsl\u00fcmanl\u0131\u011f\u0131n t\u00fcm \u00f6zelliklerini yans\u0131t\u0131r.<br \/>\nZengin bir ki\u015filik g\u00f6r\u00fcnt\u00fcs\u00fc yoktur.<br \/>\n\u00c7apk\u0131nl\u0131\u011fa, ahlaks\u0131zl\u0131\u011fa, iffetsizli\u011fe y\u00f6nelik f\u0131kralar\u0131 yoktur.<br \/>\nF\u0131kralar\u0131ndaki sonu\u00e7; ahlak, adet ve terbiyeye z\u0131tl\u0131k g\u00f6stermez.<br \/>\nO, hayali bir kahraman de\u011fil, T\u00fcrkl\u00fc\u011f\u00fcn b\u00fcy\u00fck mizah sembol\u00fcd\u00fcr.<br \/>\nHo\u015f\u00e7a kal\u0131n\u0131z<\/p>\n","protected":false},"excerpt":{"rendered":"<p>Nasreddin Hoca i\u00e7in her y\u0131l Ak\u015fehir\u2019de anma g\u00fcnleri d\u00fczenlenmektedir. Nasreddin Hocay\u0131 anma g\u00fcnleri ilk defa 1933 y\u0131l\u0131nda yap\u0131lm\u0131\u015ft\u0131r. Ak\u015fehir\u2019de Nasreddin Hoca sadece anma g\u00fcnlerinde an\u0131lan bir de\u011fer de\u011fildir. Nasreddin Hoca, Ak\u015fehir\u2019lilerin her an yan\u0131 ba\u015f\u0131ndad\u0131r. Evliliklerde d\u00fc\u011f\u00fcne davet edilir. Bayramlarda ziyaret edilir. Mezarl\u0131\u011fa girildi\u011finde ilk onun t\u00fcrbesinde dua edilir. Sokaklar onun ad\u0131yla tarif edilir. K\u0131saca [&hellip;]<\/p>\n","protected":false},"author":11,"featured_media":122285,"comment_status":"open","ping_status":"open","sticky":false,"template":"","format":"standard","meta":{"footnotes":""},"categories":[21],"tags":[],"class_list":["post-123090","post","type-post","status-publish","format-standard","has-post-thumbnail","hentry","category-gazi-mert"],"views":363,"_links":{"self":[{"href":"https:\/\/mersingazetesi.com\/index.php\/wp-json\/wp\/v2\/posts\/123090","targetHints":{"allow":["GET"]}}],"collection":[{"href":"https:\/\/mersingazetesi.com\/index.php\/wp-json\/wp\/v2\/posts"}],"about":[{"href":"https:\/\/mersingazetesi.com\/index.php\/wp-json\/wp\/v2\/types\/post"}],"author":[{"embeddable":true,"href":"https:\/\/mersingazetesi.com\/index.php\/wp-json\/wp\/v2\/users\/11"}],"replies":[{"embeddable":true,"href":"https:\/\/mersingazetesi.com\/index.php\/wp-json\/wp\/v2\/comments?post=123090"}],"version-history":[{"count":2,"href":"https:\/\/mersingazetesi.com\/index.php\/wp-json\/wp\/v2\/posts\/123090\/revisions"}],"predecessor-version":[{"id":123092,"href":"https:\/\/mersingazetesi.com\/index.php\/wp-json\/wp\/v2\/posts\/123090\/revisions\/123092"}],"wp:featuredmedia":[{"embeddable":true,"href":"https:\/\/mersingazetesi.com\/index.php\/wp-json\/wp\/v2\/media\/122285"}],"wp:attachment":[{"href":"https:\/\/mersingazetesi.com\/index.php\/wp-json\/wp\/v2\/media?parent=123090"}],"wp:term":[{"taxonomy":"category","embeddable":true,"href":"https:\/\/mersingazetesi.com\/index.php\/wp-json\/wp\/v2\/categories?post=123090"},{"taxonomy":"post_tag","embeddable":true,"href":"https:\/\/mersingazetesi.com\/index.php\/wp-json\/wp\/v2\/tags?post=123090"}],"curies":[{"name":"wp","href":"https:\/\/api.w.org\/{rel}","templated":true}]}}