{"id":122958,"date":"2026-01-21T12:47:55","date_gmt":"2026-01-21T09:47:55","guid":{"rendered":"https:\/\/mersingazetesi.com\/?p=122958"},"modified":"2026-01-21T14:32:32","modified_gmt":"2026-01-21T11:32:32","slug":"ruhlari-sad-olsun","status":"publish","type":"post","link":"https:\/\/mersingazetesi.com\/index.php\/2026\/01\/21\/ruhlari-sad-olsun\/","title":{"rendered":"BAYRAK PROVOKASYONU  KABUL ED\u0130LEMEZ!"},"content":{"rendered":"<p>20 Ocak 2026 tarihinde Mardin\u2019in Nusaybin il\u00e7esinde DEM Parti\u2019nin yapt\u0131\u011f\u0131 grup toplant\u0131s\u0131 sonras\u0131nda ya\u015fanan bayrak provokasyonu, kamuoyunda hakl\u0131 bir infiale yol a\u00e7m\u0131\u015ft\u0131r.<\/p>\n<div dir=\"ltr\"><\/div>\n<div dir=\"ltr\"><\/div>\n<p>DEM Parti Milletvekili Ay\u015fe Do\u011fan\u2019\u0131n olay\u0131 derhal k\u0131namas\u0131 olumlu ve do\u011fru bir tutumdur. Ancak bu t\u00fcr a\u00e7\u0131klamalar yeterli de\u011fildir. DEM Parti, b\u00fcnyesindeki provokat\u00f6r unsurlar\u0131 ay\u0131klamad\u0131\u011f\u0131 ve emperyalizmin kullan\u0131\u015fl\u0131 ayg\u0131t\u0131 olan PKK ter\u00f6r \u00f6rg\u00fct\u00fc yanda\u015flar\u0131yla aras\u0131na net ve kararl\u0131 bir mesafe koymad\u0131\u011f\u0131 s\u00fcrece hi\u00e7bir zaman ger\u00e7ek anlamda bir \u201cT\u00fcrkiye partisi\u201d olamaz. Aksi halde, emperyalist odaklar\u0131n ara\u00e7salla\u015ft\u0131rd\u0131\u011f\u0131 bir yap\u0131 olmaktan kurtulamaz.<\/p>\n<div dir=\"ltr\"><\/div>\n<div dir=\"ltr\"><\/div>\n<p>Bayra\u011f\u0131m\u0131za y\u00f6nelik ger\u00e7ekle\u015ftirilen bu eylem, yaln\u0131zca bir sembole de\u011fil; T\u00fcrkiye Cumhuriyeti\u2019nin birli\u011fine, b\u00fct\u00fcnl\u00fc\u011f\u00fcne ve ortak ya\u015fam iradesine kar\u015f\u0131 yap\u0131lm\u0131\u015f a\u00e7\u0131k bir provokasyondur.<\/p>\n<div dir=\"ltr\"><\/div>\n<div dir=\"ltr\"><\/div>\n<p>D\u00fcn ya\u015fanan bu bayrak provokasyonunu en g\u00fc\u00e7l\u00fc \u015fekilde k\u0131n\u0131yor ve lanetliyorum.<\/p>\n<div dir=\"ltr\"><\/div>\n<div dir=\"ltr\"><\/div>\n<p>\u00dclkemizin birli\u011fini ve b\u00fct\u00fcnl\u00fc\u011f\u00fcn\u00fc temsil eden, u\u011fruna binlerce \u015fehit verilen bayra\u011f\u0131m\u0131za y\u00f6nelik bu hakaret asla kabul edilemez. Bu eylemi ger\u00e7ekle\u015ftirenlerin derhal tespit edilerek yarg\u0131 \u00f6n\u00fcne \u00e7\u0131kar\u0131lmas\u0131n\u0131 ve hak ettikleri cezaya \u00e7arpt\u0131r\u0131lmas\u0131n\u0131 T\u00fcrkiye Cumhuriyeti yurtta\u015flar\u0131 olarak talep ediyoruz.<\/p>\n<div dir=\"ltr\"><\/div>\n<div dir=\"ltr\"><\/div>\n<p>RUHLARI \u015eAD OLSUN\u2026<\/p>\n<div dir=\"ltr\"><\/div>\n<div dir=\"ltr\"><\/div>\n<p>T\u00fcrkiye Cumhuriyeti\u2019ni ve Anadolu\u2019da biny\u0131llara dayanan bar\u0131\u015f ve karde\u015flik ortam\u0131n\u0131 bozarak \u00fclkemizi karde\u015f kavgas\u0131na s\u00fcr\u00fcklemek ve par\u00e7alamak isteyen emperyalist odaklar ve yerli ma\u015falar\u0131; 31 Ocak 1990\u2019da Atat\u00fcrk Cumhuriyeti\u2019ni savunan ADD\u2019nin kurucusu Prof. Dr. Muammer Aksoy ile ba\u015flayan Prof. Dr. Bahriye \u00dc\u00e7ok, ara\u015ft\u0131rmac\u0131 gazeteci -yazar U\u011fur Mumcu\u2019yu; Prof. Dr. Ahmet Taner K\u0131\u015flal\u0131, Necip Hablemito\u011flu, bar\u0131\u015f ve karde\u015fli\u011fi savunan Agos Gazetesi yazar\u0131 Hrant Dink\u2019i ve en son 28 Kas\u0131m 2015 tarihinde Diyarbak\u0131r \u00f6nceki Baro Ba\u015fkan\u0131 Tahir El\u00e7i\u2019ye kadar uzanan faili me\u00e7hul cinayetlerin 90\u2019l\u0131 y\u0131llar\u0131n karanl\u0131\u011f\u0131nda, kontrgerilla yap\u0131lanmalar\u0131 ve FET\u00d6\u2019c\u00fc hainler eliyle -faili belli -katlettikleri ayd\u0131nlar\u0131m\u0131z\u0131 and\u0131\u011f\u0131m\u0131z Adalet ve Demokrasi Haftas\u0131-na ( 24 -31 Ocak) haftas\u0131na girdik.<\/p>\n<div dir=\"ltr\"><\/div>\n<div dir=\"ltr\"><\/div>\n<p>Bu topraklar\u0131n ayd\u0131nl\u0131k y\u00fcz\u00fc olan t\u00fcm yurtsever ayd\u0131nlar\u0131m\u0131z\u0131 sayg\u0131yla ve sevgiyle an\u0131yor,<\/p>\n<div dir=\"ltr\"><\/div>\n<p>ruhlar\u0131 \u015fad olsun diyoruz&#8230;<\/p>\n","protected":false},"excerpt":{"rendered":"<p>20 Ocak 2026 tarihinde Mardin\u2019in Nusaybin il\u00e7esinde DEM Parti\u2019nin yapt\u0131\u011f\u0131 grup toplant\u0131s\u0131 sonras\u0131nda ya\u015fanan bayrak provokasyonu, kamuoyunda hakl\u0131 bir infiale yol a\u00e7m\u0131\u015ft\u0131r. DEM Parti Milletvekili Ay\u015fe Do\u011fan\u2019\u0131n olay\u0131 derhal k\u0131namas\u0131 olumlu ve do\u011fru bir tutumdur. Ancak bu t\u00fcr a\u00e7\u0131klamalar yeterli de\u011fildir. DEM Parti, b\u00fcnyesindeki provokat\u00f6r unsurlar\u0131 ay\u0131klamad\u0131\u011f\u0131 ve emperyalizmin kullan\u0131\u015fl\u0131 ayg\u0131t\u0131 olan PKK ter\u00f6r \u00f6rg\u00fct\u00fc [&hellip;]<\/p>\n","protected":false},"author":13,"featured_media":122959,"comment_status":"open","ping_status":"open","sticky":false,"template":"","format":"standard","meta":{"footnotes":""},"categories":[28],"tags":[],"class_list":["post-122958","post","type-post","status-publish","format-standard","has-post-thumbnail","hentry","category-serdar-erkan"],"views":891,"_links":{"self":[{"href":"https:\/\/mersingazetesi.com\/index.php\/wp-json\/wp\/v2\/posts\/122958","targetHints":{"allow":["GET"]}}],"collection":[{"href":"https:\/\/mersingazetesi.com\/index.php\/wp-json\/wp\/v2\/posts"}],"about":[{"href":"https:\/\/mersingazetesi.com\/index.php\/wp-json\/wp\/v2\/types\/post"}],"author":[{"embeddable":true,"href":"https:\/\/mersingazetesi.com\/index.php\/wp-json\/wp\/v2\/users\/13"}],"replies":[{"embeddable":true,"href":"https:\/\/mersingazetesi.com\/index.php\/wp-json\/wp\/v2\/comments?post=122958"}],"version-history":[{"count":3,"href":"https:\/\/mersingazetesi.com\/index.php\/wp-json\/wp\/v2\/posts\/122958\/revisions"}],"predecessor-version":[{"id":123003,"href":"https:\/\/mersingazetesi.com\/index.php\/wp-json\/wp\/v2\/posts\/122958\/revisions\/123003"}],"wp:featuredmedia":[{"embeddable":true,"href":"https:\/\/mersingazetesi.com\/index.php\/wp-json\/wp\/v2\/media\/122959"}],"wp:attachment":[{"href":"https:\/\/mersingazetesi.com\/index.php\/wp-json\/wp\/v2\/media?parent=122958"}],"wp:term":[{"taxonomy":"category","embeddable":true,"href":"https:\/\/mersingazetesi.com\/index.php\/wp-json\/wp\/v2\/categories?post=122958"},{"taxonomy":"post_tag","embeddable":true,"href":"https:\/\/mersingazetesi.com\/index.php\/wp-json\/wp\/v2\/tags?post=122958"}],"curies":[{"name":"wp","href":"https:\/\/api.w.org\/{rel}","templated":true}]}}