{"id":122381,"date":"2026-01-15T10:41:50","date_gmt":"2026-01-15T07:41:50","guid":{"rendered":"https:\/\/mersingazetesi.com\/?p=122381"},"modified":"2026-01-15T10:41:50","modified_gmt":"2026-01-15T07:41:50","slug":"egitim-ogretimde-yariyil-tatiline-dogru","status":"publish","type":"post","link":"https:\/\/mersingazetesi.com\/index.php\/2026\/01\/15\/egitim-ogretimde-yariyil-tatiline-dogru\/","title":{"rendered":"E\u011e\u0130T\u0130M \u00d6\u011eRET\u0130MDE YARIYIL TAT\u0130L\u0130NE DO\u011eRU\u2026"},"content":{"rendered":"<div class=\"gs\">\n<div class=\"\">\n<div id=\":pg\" class=\"ii gt\">\n<div id=\":pl\" class=\"a3s aiL\">\n<div id=\"avWBGd-113\">\n<div dir=\"ltr\">\n<div dir=\"auto\">T\u00fcrkiye Y\u00fczy\u0131l\u0131 Maarif Modelinde Yo\u011fun ders temposundan uzakla\u015fmak ve biraz dinlenmek isteyen 20 bine yak\u0131n \u00f6\u011frenciler i\u00e7in e\u011fitim \u00f6\u011fretimde 2026 y\u0131l\u0131 yar\u0131y\u0131l tatili 19 Ocak 2026 Pazartesi ba\u015flayacak ve 30 Ocak 2026 Cuma sona erecektir.<\/div>\n<div dir=\"auto\">\u0130kinci d\u00f6nem, 2 \u015eubat 2026 Pazartesi ba\u015flayacak ve 26 Haziran 2026 Cuma tamamlanacakt\u0131r.<\/div>\n<div dir=\"auto\">\u0130kinci d\u00f6nem ara tatili ise 16 Mart 2026 Pazartesi ba\u015flay\u0131p, 20 Mart 2026\u00a0Cuma sona erecektir.<\/div>\n<div dir=\"auto\">2026 y\u0131l\u0131 e\u011fitim ve \u00f6\u011fretim y\u0131l\u0131 ise 26 Haziran 2026 Cuma sona erecektir.<\/div>\n<div dir=\"auto\">2026 y\u0131l\u0131nda Ramazan Bayram\u0131 arefesi 19 Mart 2026 Per\u015fembe g\u00fcn\u00fcd\u00fcr. Ramazan Bayram\u0131&#8217;n\u0131n 1. g\u00fcn\u00fc 20 Mart Cuma g\u00fcn\u00fcne denk gelmektedir. 22 Mart 2026 Pazar son g\u00fcn\u00fcd\u00fcr.<\/div>\n<div dir=\"auto\">2026 y\u0131l\u0131nda Ulusal Egemenlik ve \u00c7ocuk Bayram\u0131 23 Nisan Per\u015fembe g\u00fcn\u00fcne denk geliyor.<\/div>\n<div dir=\"auto\">2026 y\u0131l\u0131nda Atat\u00fcrk&#8217;\u00fc Anma, Gen\u00e7lik ve Spor Bayram\u0131 19 May\u0131s Sal\u0131 g\u00fcn\u00fcne denk geliyor.<\/div>\n<div dir=\"auto\">2026 y\u0131l\u0131nda Kurban Bayram\u0131 arefesi 26 May\u0131s 2026 Sal\u0131 g\u00fcn\u00fcd\u00fcr.<\/div>\n<div dir=\"auto\">Kurban Bayram\u0131&#8217;n\u0131n 1. g\u00fcn\u00fc 27 May\u0131s \u00c7ar\u015famba g\u00fcn\u00fcne denk gelmektedir. 30 May\u0131s 2026 Cumartesi g\u00fcn\u00fc de son g\u00fcn\u00fcd\u00fcr.<\/div>\n<div dir=\"auto\">30 A\u011fustos g\u00fcn\u00fc kutlanan Zafer Bayram\u0131, 2026 y\u0131l\u0131nda Pazar g\u00fcn\u00fc olacak.<\/div>\n<div dir=\"auto\">2026 y\u0131l\u0131nda Cumhuriyet Bayram\u0131, 29 Ekim Per\u015fembe g\u00fcn\u00fcne denk geliyor.<\/div>\n<div dir=\"auto\">2026 y\u0131l\u0131nda Y\u0131lba\u015f\u0131 gecesi, 31 Aral\u0131k Per\u015fembe 2026 g\u00fcn\u00fcne denk gelmektedir.<\/div>\n<div dir=\"auto\">2025-2026 E\u011fitim \u00d6\u011fretim y\u0131l\u0131 Maarif modelinin \u0131\u015f\u0131\u011f\u0131 alt\u0131da co\u015fkuyla devam etmi\u015ftir.<\/div>\n<div dir=\"auto\">\u00d6\u011frencilere \u00fccretsiz ders kitaplar\u0131, yemek, ta\u015f\u0131ma, \u015fartl\u0131 destekler, burslar ve pansiyon hizmetleri gibi imk\u00e2nlar sunarak e\u011fitimde f\u0131rsat e\u015fitli\u011fi g\u00fc\u00e7lenmi\u015ftir.<\/div>\n<div dir=\"auto\">T\u00fcrkiye Y\u00fczy\u0131l\u0131 Maarif Modeli ile \u00e7ocuklar\u0131m\u0131z, zihni a\u00e7\u0131k, ufku geni\u015f milli ve manevi de\u011ferlerle donanm\u0131\u015f bilgi ve \u00e7a\u011f\u0131n gerektirdi\u011fi becerilere sahip insanlar olarak yeti\u015fmeye devam etmi\u015ftir.<\/div>\n<div dir=\"auto\">E\u011fitime yap\u0131lan yat\u0131r\u0131mlarla, hayata ge\u00e7irilen her projeyle, T\u00fcrkiye Y\u00fczy\u0131l\u0131 hedefine biraz daha yakla\u015f\u0131lmaktad\u0131r.<\/div>\n<div dir=\"auto\">Milli E\u011fitim M\u00fcd\u00fcrl\u00fc\u011f\u00fcnden emekli oldu\u011fum 2000&#8217;lerde 367 bin olan derslik say\u0131s\u0131 bu y\u0131llara kadar 2 kattan fazla artm\u0131\u015ft\u0131r.<\/div>\n<div dir=\"auto\">Buna ba\u011fl\u0131 olarak, derslik ba\u015f\u0131na d\u00fc\u015fen \u00f6\u011frenci say\u0131s\u0131n\u0131 ilk\u00f6\u011fretimde 36\u2019dan 23\u2019e, orta\u00f6\u011fretimde 30\u2019dan 22\u2019ye indirilmi\u015ftir.<\/div>\n<div dir=\"auto\">2000&#8217;li y\u0131llarda 540 bin olan \u00f6\u011fretmen say\u0131s\u0131 800 bin yeni \u00f6\u011fretmen atamalar\u0131yla ge\u00e7en y\u0131l 1,2 milyona y\u00fckselmi\u015ftir.<\/div>\n<div dir=\"auto\">Bu y\u0131la kadar yakla\u015f\u0131k 4 milyar adet ders kitab\u0131n\u0131 \u00fccretsiz da\u011f\u0131t\u0131lm\u0131\u015ft\u0131r.<\/div>\n<div dir=\"auto\">\u00d6zel e\u011fitim ihtiyac\u0131 olan 1 milyon 200 bin \u00f6\u011frencimi evlerinde, hastanelerde, okullarda, e\u011fitime eri\u015fimlerini sa\u011flanm\u0131\u015ft\u0131r.<\/div>\n<div dir=\"auto\">Okullar\u0131m\u0131z fiziki altyap\u0131lar\u0131n\u0131 geli\u015ftirirken s\u0131n\u0131flar en yeni teknolojik imk\u00e2nlarla donat\u0131lm\u015ft\u0131r.<\/div>\n<div dir=\"auto\">Dijital e\u015fitli\u011fi temin ad\u0131na 30 bine yak\u0131n okulumuza kablolu internet sa\u011flanm\u0131\u015ft\u0131r..<\/div>\n<div dir=\"auto\">Birinci d\u00f6nem ara tatilinin ba\u015flad\u0131\u011f\u0131 bug\u00fcnlerde gen\u00e7lerimize daha \u00e7ok sahip \u00e7\u0131kmal\u0131y\u0131z\u2026<\/div>\n<div dir=\"auto\">Anne-babalar, \u00f6\u011fretmenler, y\u00f6neticiler gen\u00e7lere sahip \u00e7\u0131kmazsa; inan\u00e7s\u0131z, sevgisiz, gelenek ve g\u00f6reneklerine sayg\u0131s\u0131z, kendisine-ailesine- \u00e7evresine g\u00fcvensiz bir gen\u00e7lik ortaya \u00e7\u0131kacakt\u0131r\u2026<\/div>\n<div dir=\"auto\">Cadde ve sokaklar, okullara; Silahlar, kitaplara tercih edilecek; insan sevgisi, vatan-millet-bayrak sevgisi, tarih sevgisi ortadan kalkacakt\u0131r.<\/div>\n<div dir=\"auto\">Do\u011fu\u015ftan k\u00f6t\u00fc gen\u00e7 yoktur\u2026<\/div>\n<div dir=\"auto\">D\u00fcnyaya g\u00fcnahs\u0131z ve tertemiz olarak gelen gen\u00e7ler k\u00f6t\u00fc al\u0131\u015fkanl\u0131klar\u0131 sonradan kazanmakta ve \u00e7evresi onu k\u00f6t\u00fc al\u0131\u015fkanl\u0131klara itmektedir\u2026<\/div>\n<div dir=\"auto\">Aileler; Gen\u00e7lerin ilgi alanlar\u0131n\u0131, arzu ve isteklerini, ihtiya\u00e7lar\u0131n\u0131, geli\u015fme \u015fekillerini \u00e7ok iyi tan\u0131mal\u0131 onlara her konuda yard\u0131mc\u0131 olmal\u0131d\u0131r. Onlar sadece d\u00fcnyaya getirmeye mecbur oldu\u011fumuz bir varl\u0131k olarak g\u00f6r\u00fclmemelidir\u2026<\/div>\n<div dir=\"auto\">Gen\u00e7lerimiz; milletimizin gelece\u011fi, enerjisi, \u00fcmidi, \u015fans\u0131, varl\u0131\u011f\u0131 olarak kabul edilmelidir\u2026<\/div>\n<div dir=\"auto\">\u0130\u00e7ki, kumar, sigara, uyu\u015fturucu maddelerle, anar\u015fik olaylarla gen\u00e7 neslini kaybeden milletler k\u0131sa s\u00fcrede yok olmaya mahk\u00fbmdur\u2026<\/div>\n<div dir=\"auto\">Milletimizin gelece\u011fi gen\u00e7lerimizin maddi ve manevi y\u00f6nden sa\u011fl\u0131kl\u0131 yeti\u015ftirilmelerine ba\u011fl\u0131d\u0131r\u2026<\/div>\n<div dir=\"auto\">G\u00fc\u00e7l\u00fc nesil; G\u00fcrb\u00fcz nesil de\u011fil, d\u00fc\u015f\u00fcnce yap\u0131s\u0131 sa\u011flam olan nesildir\u2026<\/div>\n<div dir=\"auto\">D\u00fc\u015f\u00fcnce ve k\u00fclt\u00fcr yap\u0131s\u0131 zay\u0131f olan gen\u00e7ler gelecekte g\u00fc\u00e7l\u00fc insan olamazlar\u2026<\/div>\n<div dir=\"auto\">Son y\u0131llarda g\u00f6r\u00fcld\u00fc\u011f\u00fc \u015fekliyle Fet\u00f6, Dea\u015f PKK gibi ter\u00f6r \u00f6rg\u00fctleri, i\u00e7 ve d\u0131\u015f d\u00fc\u015fmanlar\u0131m\u0131z \u00fclkemizi b\u00f6lmek, par\u00e7alamak, kamplara ay\u0131rmak i\u00e7in \u00e7e\u015fitli entrikalar kurmaya devam ederken gelece\u011fimizi emanet edece\u011fimiz gen\u00e7lerimize bu tuzaklar iyi \u00f6\u011fretilmelidir\u2026<\/div>\n<div dir=\"auto\">Milletimizin hassas ve dinamik varl\u0131klar\u0131 olan gen\u00e7lerimize gelece\u011fimizi emanet etmeden \u00f6nce onlara tarihini iyi tan\u0131malar\u0131, i\u00e7 ve d\u0131\u015f d\u00fc\u015fmanlar\u0131m\u0131z\u0131 iyi bilmeleri milli birlik ve beraberlik i\u00e7inde ya\u015faman\u0131n avantajlar\u0131 iyi \u00f6\u011fretilmelidir\u2026<\/div>\n<div dir=\"auto\">Gelece\u011fimizin teminat\u0131, g\u00fcvencesi, milletimizin ekonomik, sosyal, k\u00fclt\u00fcrel geli\u015fmesinin kayna\u011f\u0131 olan gen\u00e7lerimiz; G\u00fczel hayallerin, b\u00fcy\u00fck \u00fcmitlerin, de\u011fi\u015fik arzu ve d\u00fc\u015f\u00fcncelerin temsilcisidir\u2026<\/div>\n<div dir=\"auto\">Gen\u00e7lerimizi her y\u00f6n\u00fcyle iyi tan\u0131y\u0131p de\u011ferlendirmek, gelecek i\u00e7in haz\u0131rlamak, onlara sahip \u00e7\u0131kmak ba\u015fta gelen g\u00f6revimiz olmal\u0131d\u0131r\u2026<\/div>\n<div dir=\"auto\">Bug\u00fcn\u00fcn genci yar\u0131n\u0131n cumhurba\u015fkan\u0131, ba\u015fbakan\u0131, milletvekili, doktoru, h\u00e2kimi, avukat\u0131, valisi, kaymakam\u0131, \u00f6\u011fretmeni, din g\u00f6revlisi, b\u00fcrokrat\u0131 olacakt\u0131r\u2026<\/div>\n<div dir=\"auto\">Ara tatilin ba\u015flad\u0131\u011f\u0131 \u015fu g\u00fcnlerde kitle haberle\u015fme ara\u00e7lar\u0131ndan; Gazete, televizyon, radyolarla aile ve okulda verilen milli ve ahlaki e\u011fitimleri tamamlanmal\u0131, onlar\u0131 k\u00f6t\u00fc yola sevk edecek yay\u0131nlardan ka\u00e7\u0131n\u0131lmal\u0131d\u0131r\u2026<\/div>\n<div dir=\"auto\">Gen\u00e7lerimiz i\u00e7in aile terbiyesi de \u00f6n plandad\u0131r\u2026<\/div>\n<div dir=\"auto\">Aile terbiyesi bir \u00f6m\u00fcr boyu devam edecektir\u2026<\/div>\n<div dir=\"auto\">E\u011fer gen\u00e7ler ailesi taraf\u0131ndan terbiye edilmez, onlara sahip \u00e7\u0131k\u0131lmazsa, onlar\u0131n terbiyesi cemiyete b\u0131rak\u0131l\u0131rsa ailesi taraf\u0131ndan ihmal edilen gen\u00e7; M\u00fcstehcen film, video, internet, gazete ve dergilerden T\u00fcrk milletinin ruh k\u00f6k\u00fcne ba\u011fl\u0131 de\u011ferlerin d\u0131\u015f\u0131nda baz\u0131 yanl\u0131\u015f bilgiler edinecektir\u2026<\/div>\n<div dir=\"auto\">Devletimiz; Her t\u00fcrl\u00fc kalk\u0131nma hamleleri i\u00e7inde yollar, k\u00f6pr\u00fcler, barajlar yaparken, \u00fclkemizi Fet\u00f6, Dea\u015f, P.K.K gibi ter\u00f6r \u00f6rg\u00fct\u00fcnden kurtarabilmek i\u00e7in \u00e7areler ararken \u00fclkeyi y\u00f6netecek gen\u00e7lerimizin de; Devletine, milletine, vatan\u0131na, bayra\u011f\u0131na, dinine, gelenek ve g\u00f6reneklerine sayg\u0131l\u0131, \u015fuurlu, dinamik olarak yeti\u015ftirilmelerini sa\u011flay\u0131c\u0131 tedbirler almal\u0131d\u0131r\u2026<\/div>\n<div dir=\"auto\">Gen\u00e7lerimiz; Dilimizi, \u00f6rf ve adetlerimizi, gelenek ve g\u00f6reneklerimizi, folklorumuzu, birlik ve beraberli\u011fimizi en iyi \u015fekilde bilen, memleketimizi \u00e7ok iyi tan\u0131yan, kendisini ve \u00e7evresini a\u015f\u0131r\u0131 ak\u0131mlar\u0131n zararlar\u0131ndan koruyabilecek g\u00fc\u00e7te yeti\u015ftirilmelidir\u2026<\/div>\n<div dir=\"auto\">Gen\u00e7lerimiz; T\u00fcrk ve M\u00fcsl\u00fcman olman\u0131n gururunu duyan, tarihiyle \u00f6v\u00fcnen, gelece\u011fe umutla bakan gen\u00e7ler olarak yeti\u015ftirilmelidir\u2026<\/div>\n<div dir=\"auto\">Gen\u00e7lerimiz; \u015ferefli, \u00e7al\u0131\u015fkan, d\u00fcr\u00fcst, inan\u00e7l\u0131 bir gen\u00e7lik olarak yeti\u015ftirilmeli, onlara sahip \u00e7\u0131k\u0131lmal\u0131d\u0131r\u2026<\/div>\n<div dir=\"auto\">Ara tatili vesilesi ile 2025-2026 E\u011fitim \u00f6\u011fretim y\u0131l\u0131n\u0131n vatan\u0131m\u0131za, milletimize, \u00f6\u011frencilerimize, \u00f6\u011frenci velilerimize hay\u0131rl\u0131 olmas\u0131n\u0131 diliyorum.<\/div>\n<div dir=\"auto\">Ho\u015f\u00e7a kal\u0131n\u0131z.<\/div>\n<\/div>\n<div class=\"yj6qo\"><\/div>\n<div class=\"adL\"><\/div>\n<\/div>\n<\/div>\n<\/div>\n<div id=\"avWBGd-114\" class=\"WhmR8e\" data-hash=\"0\"><\/div>\n<\/div>\n<\/div>\n","protected":false},"excerpt":{"rendered":"<p>T\u00fcrkiye Y\u00fczy\u0131l\u0131 Maarif Modelinde Yo\u011fun ders temposundan uzakla\u015fmak ve biraz dinlenmek isteyen 20 bine yak\u0131n \u00f6\u011frenciler i\u00e7in e\u011fitim \u00f6\u011fretimde 2026 y\u0131l\u0131 yar\u0131y\u0131l tatili 19 Ocak 2026 Pazartesi ba\u015flayacak ve 30 Ocak 2026 Cuma sona erecektir. \u0130kinci d\u00f6nem, 2 \u015eubat 2026 Pazartesi ba\u015flayacak ve 26 Haziran 2026 Cuma tamamlanacakt\u0131r. \u0130kinci d\u00f6nem ara tatili ise 16 Mart [&hellip;]<\/p>\n","protected":false},"author":11,"featured_media":122285,"comment_status":"open","ping_status":"open","sticky":false,"template":"","format":"standard","meta":{"footnotes":""},"categories":[21],"tags":[],"class_list":["post-122381","post","type-post","status-publish","format-standard","has-post-thumbnail","hentry","category-gazi-mert"],"views":410,"_links":{"self":[{"href":"https:\/\/mersingazetesi.com\/index.php\/wp-json\/wp\/v2\/posts\/122381","targetHints":{"allow":["GET"]}}],"collection":[{"href":"https:\/\/mersingazetesi.com\/index.php\/wp-json\/wp\/v2\/posts"}],"about":[{"href":"https:\/\/mersingazetesi.com\/index.php\/wp-json\/wp\/v2\/types\/post"}],"author":[{"embeddable":true,"href":"https:\/\/mersingazetesi.com\/index.php\/wp-json\/wp\/v2\/users\/11"}],"replies":[{"embeddable":true,"href":"https:\/\/mersingazetesi.com\/index.php\/wp-json\/wp\/v2\/comments?post=122381"}],"version-history":[{"count":1,"href":"https:\/\/mersingazetesi.com\/index.php\/wp-json\/wp\/v2\/posts\/122381\/revisions"}],"predecessor-version":[{"id":122382,"href":"https:\/\/mersingazetesi.com\/index.php\/wp-json\/wp\/v2\/posts\/122381\/revisions\/122382"}],"wp:featuredmedia":[{"embeddable":true,"href":"https:\/\/mersingazetesi.com\/index.php\/wp-json\/wp\/v2\/media\/122285"}],"wp:attachment":[{"href":"https:\/\/mersingazetesi.com\/index.php\/wp-json\/wp\/v2\/media?parent=122381"}],"wp:term":[{"taxonomy":"category","embeddable":true,"href":"https:\/\/mersingazetesi.com\/index.php\/wp-json\/wp\/v2\/categories?post=122381"},{"taxonomy":"post_tag","embeddable":true,"href":"https:\/\/mersingazetesi.com\/index.php\/wp-json\/wp\/v2\/tags?post=122381"}],"curies":[{"name":"wp","href":"https:\/\/api.w.org\/{rel}","templated":true}]}}