{"id":122284,"date":"2026-01-14T10:29:28","date_gmt":"2026-01-14T07:29:28","guid":{"rendered":"https:\/\/mersingazetesi.com\/?p=122284"},"modified":"2026-01-14T10:29:28","modified_gmt":"2026-01-14T07:29:28","slug":"vefatinin-14-yildonumunde-kendini-kibris-turkune-adayan-lider-rauf-denktas","status":"publish","type":"post","link":"https:\/\/mersingazetesi.com\/index.php\/2026\/01\/14\/vefatinin-14-yildonumunde-kendini-kibris-turkune-adayan-lider-rauf-denktas\/","title":{"rendered":"VEFATININ 14. YILD\u00d6N\u00dcM\u00dcNDE KEND\u0130N\u0130 KIBRIS T\u00dcRK\u00dcNE ADAYAN L\u0130DER: RAUF DENKTA\u015e\u2026"},"content":{"rendered":"<div class=\"gs\">\n<div class=\"\">\n<div id=\":nf\" class=\"ii gt\">\n<div id=\":mr\" class=\"a3s aiL\">\n<div id=\"avWBGd-54\">\n<div dir=\"ltr\">\n<div dir=\"auto\">Kuzey K\u0131br\u0131s T\u00fcrk Cumhuriyeti kurucu ba\u015fkan\u0131 merhum Rauf Raif Denkta\u015f vefat\u0131n\u0131n 14. y\u0131ld\u00f6n\u00fcm\u00fc Kuzey K\u0131br\u0131s T\u00fcrk Cumhuriyeti\u2019nde, T\u00fcrkiye\u2019de ve T\u00fcrk d\u00fcnyas\u0131nda sayg\u0131yla an\u0131ld\u0131.<\/div>\n<div dir=\"auto\">Anma program\u0131 nedeniyle pek \u00e7ok mesajlar yay\u0131nlanm\u0131\u015ft\u0131r.<\/div>\n<div dir=\"auto\">Anma program\u0131nda yay\u0131nlanan mesajlara bir \u00f6rnek vermek istiyorum:<\/div>\n<div dir=\"auto\">Kuzey K\u0131br\u0131s T\u00fcrk Cumhuriyeti i\u00e7i\u015fleri bakan\u0131 say\u0131n Dursun O\u011fuz, Kurucu Cumhurba\u015fkan\u0131 Denkta\u015f\u2019\u0131n, ortaya\u00a0koydu\u011fu duru\u015f ve b\u0131rakt\u0131\u011f\u0131 miras\u0131n, nesiller boyunca yol g\u00f6sterici olmaya devam edece\u011fini s\u00f6yledi.<\/div>\n<div dir=\"auto\">Denkta\u015f\u2019\u0131n K\u0131br\u0131s T\u00fcrk halk\u0131n\u0131n ba\u011f\u0131ms\u0131zl\u0131k y\u00fcr\u00fcy\u00fc\u015f\u00fcnde \u00f6nc\u00fc oldu\u011funu vurgulayan O\u011fuz, \u201cKurucu Cumhurba\u015fkan\u0131 Denkta\u015f, ad\u0131 ve m\u00fccadelesiyle bug\u00fcn oldu\u011fu gibi gelecekte de hat\u0131rlanacak bir liderdir\u201d dedi.<\/div>\n<div dir=\"auto\">\u0130\u00e7i\u015fleri Bakan\u0131 Dursun O\u011fuz, Kurucu Cumhurba\u015fkan\u0131 Denkta\u015f\u2019\u0131n vefat\u0131n\u0131n 14. y\u0131l d\u00f6n\u00fcm\u00fc dolay\u0131s\u0131yla yay\u0131mlad\u0131\u011f\u0131 mesajda, Denkta\u015f\u2019\u0131n K\u0131br\u0131s T\u00fcrk halk\u0131n\u0131n varolu\u015f m\u00fccadelesindeki tarihsel rol\u00fcne dikkat \u00e7ekti.<\/div>\n<div dir=\"auto\">O\u011fuz, Denkta\u015f\u2019\u0131n ya\u015fam\u0131 boyunca K\u0131br\u0131s T\u00fcrk halk\u0131n\u0131n haklar\u0131n\u0131 savunmay\u0131 temel bir g\u00f6rev bildi\u011fini vurgulayarak, Denkta\u015f\u2019\u0131n tarihteki yerinin tart\u0131\u015f\u0131lmaz oldu\u011funa i\u015faret etti.<\/div>\n<div dir=\"auto\">O\u011fuz mesaj\u0131nda \u015fu ifadelere yer verdi:<\/div>\n<div dir=\"auto\">\u201cKurucu Cumhurba\u015fkan\u0131m\u0131z Rauf Raif Denkta\u015f; \u0130nanc\u0131, direnci ve liderlik vasf\u0131yla K\u0131br\u0131s T\u00fcrk\u00fc&#8217;n\u00fcn m\u00fccadelesine y\u00f6n vermi\u015f, yaln\u0131zca halk\u0131m\u0131z\u0131n de\u011fil, T\u00fcrk milletinin ve \u0130slam d\u00fcnyas\u0131n\u0131n da sayg\u0131yla and\u0131\u011f\u0131 m\u00fcstesna bir \u015fahsiyettir. Ortaya koydu\u011fu duru\u015f ve b\u0131rakt\u0131\u011f\u0131 miras, nesiller boyunca yol g\u00f6sterici olmaya devam edecektir.\u201d<\/div>\n<div dir=\"auto\">K\u0131br\u0131s T\u00fcrk halk\u0131n\u0131n verdi\u011fi uzun soluklu m\u00fccadeleye de de\u011finen O\u011fuz, Denkta\u015f\u2019\u0131n bu s\u00fcrecin en g\u00fc\u00e7l\u00fc sesi oldu\u011funu belirterek \u015funlar\u0131 kaydetti:<\/div>\n<div dir=\"auto\">\u201cHer ne kadar K\u0131br\u0131s T\u00fcrk halk\u0131n\u0131n y\u0131llara yay\u0131lan \u00f6zg\u00fcrl\u00fck ve egemenlik m\u00fccadelesi uluslararas\u0131 alanda yeterince kar\u015f\u0131l\u0131k bulmam\u0131\u015f olsa da Rauf Raif Denkta\u015f\u2019\u0131n kararl\u0131 tavr\u0131 ve siyasi iradesi d\u00fcnya kamuoyunda her zaman sayg\u0131 uyand\u0131rm\u0131\u015ft\u0131r. Kuzey K\u0131br\u0131s T\u00fcrk Cumhuriyeti, onun verdi\u011fi m\u00fccadelenin somut bir sonucudur.\u201d<\/div>\n<div dir=\"auto\">\u0130\u00e7i\u015fleri Bakan\u0131 Dursun O\u011fuz, Kurucu Cumhurba\u015fkan\u0131 Denkta\u015f\u2019\u0131n, ortaya koydu\u011fu duru\u015f ve b\u0131rakt\u0131\u011f\u0131 miras\u0131n, nesiller boyunca yol g\u00f6sterici olmaya devam edece\u011fini s\u00f6yledi.<\/div>\n<div dir=\"auto\">Denkta\u015f\u2019\u0131n K\u0131br\u0131s T\u00fcrk halk\u0131n\u0131n ba\u011f\u0131ms\u0131zl\u0131k y\u00fcr\u00fcy\u00fc\u015f\u00fcnde \u00f6nc\u00fc oldu\u011funu vurgulayan O\u011fuz, \u201cKurucu Cumhurba\u015fkan\u0131 Denkta\u015f, ad\u0131 ve m\u00fccadelesiyle bug\u00fcn oldu\u011fu gibi gelecekte de hat\u0131rlanacak bir liderdir\u201d dedi.<\/div>\n<div dir=\"auto\">\u0130\u00e7i\u015fleri Bakan\u0131 Dursun O\u011fuz, Kurucu Cumhurba\u015fkan\u0131 Denkta\u015f\u2019\u0131n yay\u0131nlad\u0131\u011f\u0131 mesajda, Denkta\u015f\u2019\u0131n K\u0131br\u0131s T\u00fcrk halk\u0131n\u0131n varolu\u015f m\u00fccadelesindeki tarihsel rol\u00fcne dikkat \u00e7ekti.<\/div>\n<div dir=\"auto\">Merhum Rauf Denkta\u015f ile ilgili an\u0131lar\u0131m\u0131n bir ksm\u0131n\u0131 okuyucular\u0131mla payla\u015fm\u0131\u015ft\u0131m.<\/div>\n<div dir=\"auto\">Telefon g\u00f6r\u00fc\u015fmelerim gibi baz\u0131 an\u0131lar\u0131m\u0131 ilerde sizlerle payla\u015fmak dileklerimle bir b\u00f6l\u00fcm\u00fcn\u00fc merhum Denkta\u015f\u2019\u0131n an\u0131s\u0131na 14. vefat y\u0131ld\u00f6n\u00fcm\u00fc nedeniyle bug\u00fcn payla\u015fmak istiyorum:<\/div>\n<div dir=\"auto\">1967 y\u0131l\u0131nda K\u0131br\u0131s olaylar\u0131 patlak vermi\u015fti. Yunan ordusu 15 bin askerini K\u0131br\u0131s&#8217;a g\u00f6ndermi\u015fti.<\/div>\n<div dir=\"auto\">\u0130stanbul\u2019da Ca\u011falo\u011flu\u2019nda Milli T\u00fcrk Talebe Birli\u011fi vard\u0131. Hemen onun kar\u015f\u0131s\u0131nda da Milli T\u00fcrk Talebe Federasyonu vard\u0131.<\/div>\n<div dir=\"auto\">Ben Milli T\u00fcrk Talebe Birli\u011fi \u00fcyesiydim. O y\u0131llarda t\u00fcm \u00fclke genelinde sa\u011f-sol m\u00fccadelesi vard\u0131.<\/div>\n<div dir=\"auto\">MTT Birli\u011fi sa\u011f\u0131, MTT Federasyonu da solu temsil ediyordu.<\/div>\n<div dir=\"auto\">Her konuda ters d\u00fc\u015ft\u00fc\u011f\u00fcm\u00fcz gibi K\u0131br\u0131s konusunda da Federasyonla ters d\u00fc\u015fm\u00fc\u015ft\u00fck.<\/div>\n<div dir=\"auto\">Biz Rumlar\u0131n K\u0131br\u0131s&#8217;ta T\u00fcrklere kar\u015f\u0131 giri\u015ftikleri katliam\u0131 tel\u2019in ederken onlar T\u00fcrk askerinin K\u0131br\u0131s&#8217;tan \u00e7ekilmesini istiyorlard\u0131.<\/div>\n<div dir=\"auto\">Bu konuda da kar\u015f\u0131l\u0131kl\u0131 sopal\u0131, b\u0131\u00e7akl\u0131 kavgalar\u0131m\u0131z olmu\u015ftu.<\/div>\n<div dir=\"auto\">MTTB\u2019de ba\u015fkan\u0131m\u0131z say\u0131n Rasim Cinisli idi.<\/div>\n<div dir=\"auto\">Federasyoncular beni tan\u0131mad\u0131klar\u0131 i\u00e7in Say\u0131n Cinisli tebdil-i k\u0131yafetle beni zaman-zaman onlar\u0131n aras\u0131na g\u00f6nderir ve konu\u015fmalar\u0131n\u0131 Say\u0131n Cinisli\u2019ye anlat\u0131rd\u0131m.<\/div>\n<div dir=\"auto\">Milli T\u00fcrk Talebe Birli\u011fi b\u00fcnyesinde pek \u00e7ok \u00e7al\u0131\u015fmalar\u0131m\u0131z olmu\u015ftu<\/div>\n<div dir=\"auto\">Derken K\u0131br\u0131s olaylar\u0131 patlak vermi\u015fti.<\/div>\n<div dir=\"auto\">T\u00fcrkiye askeri m\u00fcdahalede bulunaca\u011f\u0131n\u0131 belirtmi\u015f hatta TBMM\u2019si h\u00fck\u00fcmete m\u00fcdahale yetkisi vermi\u015fti.<\/div>\n<div dir=\"auto\">Ben Milli T\u00fcrk Talebe Birli\u011finde ayn\u0131 zamanda Judo kurslar\u0131na devam ediyordum.<\/div>\n<div dir=\"auto\">Bir g\u00fcn bir binba\u015f\u0131n\u0131n sivil k\u0131yafetle kursa geldi\u011fini ve bizlerle konu\u015faca\u011f\u0131n\u0131 s\u00f6ylediler.<\/div>\n<div dir=\"auto\">Binba\u015f\u0131 oldu\u011fu s\u00f6ylenen ki\u015fi Judo kursuna devam eden y\u00fczlerce judocu aras\u0131ndan 30 ki\u015fi se\u00e7mi\u015fti.<\/div>\n<div dir=\"auto\">Ben de se\u00e7ilenler aras\u0131ndayd\u0131m.<\/div>\n<div dir=\"auto\">Kurstan sonra salondan ayr\u0131llmamam\u0131z\u0131 ve bizlerle \u00f6zel olarak konu\u015faca\u011f\u0131n\u0131 s\u00f6ylemi\u015fti.<\/div>\n<div dir=\"auto\">O gece Orman fak\u00fcltesinde sol grup taraf\u0131ndan rehin al\u0131nan bir k\u0131s\u0131m sa\u011f g\u00f6r\u00fc\u015fl\u00fc \u00f6\u011frenciyi kurtarmak i\u00e7in Milli T\u00fcrk Talebe Birli\u011fine ba\u011fl\u0131 gen\u00e7ler olarak gece yar\u0131s\u0131 Orman Fak\u00fcltesine gitmi\u015f ve \u00f6\u011frencileri kurtarm\u0131\u015ft\u0131k.Acaba binba\u015f\u0131 bunun i\u00e7in mi gelmi\u015fti?Ben bu d\u00fc\u015f\u00fcncedeyken Kapal\u0131 spor salonunun \u00f6b\u00fcr yan\u0131nda Karate kursunda bulunan bir gurup arkada\u015f da yan\u0131m\u0131za gelmi\u015fti.<\/div>\n<div dir=\"auto\">Toplam 50 kadar olmu\u015ftuk. Bir k\u0131sm\u0131m\u0131z \u00f6\u011frenciydi. Siviller de vard\u0131.<\/div>\n<div dir=\"auto\">O s\u0131ralarda da K\u0131br\u0131s&#8217;a g\u00f6n\u00fcll\u00fc gitmek i\u00e7in \u00fclke genelinde kampanyalar d\u00fczenleniyordu.<\/div>\n<div dir=\"auto\">Binba\u015f\u0131 oldu\u011fu s\u00f6ylenen ki\u015fi k\u0131sa bir konu\u015fma yapt\u0131. K\u0131br\u0131s olaylar\u0131n\u0131 anlatt\u0131.<\/div>\n<div dir=\"auto\">Say\u0131n Rauf Denkta\u015f\u2019\u0131n T\u00fcrkiye\u2019de oldu\u011funu, gizlice K\u0131br\u0131s\u2019a gitmesinin gerekti\u011fini, bunun i\u00e7in de sivillerden olu\u015fan bir grubun Say\u0131n Denkta\u015f\u2019la birlikte gizlice K\u0131br\u0131s&#8217;a gidece\u011fini bunun i\u00e7in de vatan\u0131n\u0131 seven Milli T\u00fcrk Talebe Birli\u011fine ba\u011fl\u0131 \u00fcyelerden olu\u015fan bir grup kuraca\u011f\u0131n\u0131, bu i\u015f i\u00e7in bizi se\u00e7ti\u011fini belirtmi\u015fti\u2026<\/div>\n<div dir=\"auto\">Onurlanm\u0131\u015ft\u0131k, gururlanm\u0131\u015ft\u0131k\u2026<\/div>\n<div dir=\"auto\">E\u011fitim ba\u015flam\u0131\u015ft\u0131. 2 ay i\u00e7inde bisiklete, motosiklete binmesini, araba kullanmas\u0131n\u0131 \u00f6\u011fretmi\u015flerdi.<\/div>\n<div dir=\"auto\">2 ay i\u00e7inde Taksi ehliyeti almam\u0131z\u0131 sa\u011flam\u0131\u015flar, Judo\u2019da da birka\u00e7 ku\u015fak de\u011fi\u015ftirmemiz i\u00e7in bizi yeti\u015ftirmi\u015flerdi\u2026<\/div>\n<div dir=\"auto\">Yak\u0131n d\u00f6v\u00fc\u015f taktikleri ve tabancayla ate\u015f etmesini \u00f6\u011fretmi\u015flerdi\u2026<\/div>\n<div dir=\"auto\">Ger\u00e7ekten iyi yeti\u015ftirilmi\u015f 50 ki\u015filik grup 2 ay i\u00e7inde K\u0131br\u0131s&#8217;a gitmek \u00fczere haz\u0131rlanm\u0131\u015ft\u0131k.<\/div>\n<div dir=\"auto\">Say\u0131n Denkta\u015f\u2019\u0131n Anamur \u00fczerinden gizlice K\u0131br\u0131s\u2019a \u00e7\u0131kmas\u0131na yard\u0131mc\u0131 olacakt\u0131k.<\/div>\n<div dir=\"auto\">Anamurlu olu\u015fum nedeniyle olsa gerek Binba\u015f\u0131 benimle daha bir ba\u015fka ilgileniyordu.<\/div>\n<div dir=\"auto\">Di\u011fer arkada\u015flar\u0131mdan ayr\u0131 olarak bana EL YAZMASI bir KIBRIS HAR\u0130TASI vermi\u015fti.<\/div>\n<div dir=\"auto\">Harita Osmanl\u0131ca yaz\u0131lm\u0131\u015ft\u0131 ve ayr\u0131lan grup i\u00e7erisinde benden ba\u015fka Osmanl\u0131ca bilen yoktu.<\/div>\n<div dir=\"auto\">Haritay\u0131 \u00c7OK G\u0130ZL\u0130 kayd\u0131yla verdi\u011fini kimseye g\u00f6stermemem gerekti\u011fini de s\u00f6ylemi\u015fti.<\/div>\n<div dir=\"auto\">Say\u0131n Rauf Denkta\u015f\u2019\u0131 K\u0131br\u0131s\u2019a \u00e7\u0131kard\u0131\u011f\u0131m\u0131z takdirde bu haritay\u0131 kendisine vermemi istemi\u015fti.<\/div>\n<div dir=\"auto\">Say\u0131n Denkta\u015f\u2019a veremedi\u011fim d\u00fcnyada ilk defa yap\u0131lan EL YAZMASI Haritay\u0131 \u015fu anda G\u0130ZL\u0130 kayd\u0131yla Ar\u015fivimde saklamaktay\u0131m.<\/div>\n<div dir=\"auto\">O s\u0131rada Anamur\u2019da K\u0131br\u0131s&#8217;a y\u00f6nelik KIBRIS&#8217;IN SES\u0130 ad\u0131yla bir radyo evi kurulmu\u015ftu.<\/div>\n<div dir=\"auto\">Anamur\u2019dan motorlarla, kay\u0131klarla gizlice K\u0131br\u0131s&#8217;a silah ve m\u00fchimmat sevki yap\u0131l\u0131yordu.<\/div>\n<div dir=\"auto\">San\u0131r\u0131m bunlar\u0131 anlatt\u0131\u011f\u0131m i\u00e7in benimle di\u011fer gruptan ayr\u0131 g\u00f6r\u00fc\u015fmeler yap\u0131yordu.<\/div>\n<div dir=\"auto\">Binba\u015f\u0131n\u0131n anlatt\u0131klar\u0131na g\u00f6re say\u0131n Denkta\u015f\u2019\u0131n gizlice K\u0131br\u0131s\u2019a gitmesini can g\u00fcvenli\u011fi nedeniyle h\u00fck\u00fcmet de istemiyordu..<\/div>\n<div dir=\"auto\">Ama Denkta\u015f Anamur \u00fczerinden mutlaka K\u0131br\u0131s\u2019a gizlice gitmeliymi\u015f\u2026<\/div>\n<div dir=\"auto\">\u00c7al\u0131\u015fmalar\u0131m\u0131z sona ermi\u015f ve her zaman sivil k\u0131yafetle gelen Binba\u015f\u0131 askeri k\u0131yafetiyle son defa son toplant\u0131m\u0131za gelmi\u015f, haz\u0131r vaziyette beklememizi istemi\u015fti\u2026<\/div>\n<div dir=\"auto\">Ayr\u0131ca K\u0131br\u0131s olaylar\u0131 sona erinceye kadar KETUM davranmam\u0131z gerekti\u011fi konusunda namus ve \u015feref s\u00f6z\u00fc alm\u0131\u015ft\u0131\u2026<\/div>\n<div dir=\"auto\">Babam g\u00fcneydo\u011fuda kolunu kaybeden bir Gazi idi.<\/div>\n<div dir=\"auto\">Binba\u015f\u0131n\u0131n \u00f6zel talimat\u0131yla gizlice Anamur\u2019a gelmi\u015f, durumu babama anlatm\u0131\u015ft\u0131m\u2026<\/div>\n<div dir=\"auto\">Babam sava\u015f taktiklerini bilen biriydi ve o da Ketum davranm\u0131\u015f anneme bile bir \u015fey anlatmam\u0131\u015ft\u0131\u2026<\/div>\n<div dir=\"auto\">Ba\u011flant\u0131lar yap\u0131lm\u0131\u015f ve Say\u0131n Rauf Denkta\u015f 1967 y\u0131l\u0131nda Anamur\u2019a gelmi\u015f, K\u0131br\u0131s&#8217;a \u00e7\u0131k\u0131\u015f ortam\u0131 ayarlan\u0131ncaya kadar yeri taraf\u0131mdan bilinen bir evde saklanm\u0131\u015f ve Anamur \u00fczerinden gizlice K\u0131br\u0131s gitmi\u015f, adaya \u00e7\u0131km\u0131\u015ft\u0131.<\/div>\n<div dir=\"auto\">Bu plana d\u00e2hil olmak isteyen Milli T\u00fcrk Talebe Birli\u011fine mensup gen\u00e7ler de ayr\u0131-ayr\u0131 g\u00f6revlerle bu K\u0131br\u0131s&#8217;a \u00e7\u0131k\u0131\u015fa destek olmaya \u00e7al\u0131\u015fm\u0131\u015flard\u0131\u2026<\/div>\n<div dir=\"auto\">Benim g\u00f6revim Anamur\u2019da kalacak yer sorununu \u00e7\u00f6zmek olmu\u015ftu\u2026<\/div>\n<div dir=\"auto\">Bu g\u00f6rev yerine getirilmi\u015fti ancak Say\u0131n Denkta\u015f adaya \u00e7\u0131kt\u0131\u011f\u0131 anda Yunanl\u0131lar taraf\u0131ndan tutuklanm\u0131\u015f, T\u00fcrkiye ve Amerika Birle\u015fik Devletleri\u2019nin bask\u0131s\u0131yla T\u00fcrkiye&#8217;ye iade edilmi\u015fti.<\/div>\n<div dir=\"auto\">Bizim g\u00f6revimiz neydi ve sonu\u00e7 ne olmu\u015ftu?..<\/div>\n<div dir=\"auto\">Namus ve \u015feref s\u00f6z\u00fc vererek KETUM davranmam\u0131z istenmi\u015fti ya\u2026<\/div>\n<div dir=\"auto\">Bu konuda \u015fu anda bile susmak g\u00f6revimizdi.<\/div>\n<div dir=\"auto\">Aradan 44 y\u0131l ge\u00e7tikten sonra 2008 y\u0131l\u0131 A\u011fustos ay\u0131nda Cumartesi Sohbet K\u00f6\u015fesinde Anamur T\u00fcrkmen Efem radyosunda canl\u0131 yay\u0131nda telefonla halka a\u00e7\u0131k olarak Say\u0131n Rauf Denkta\u015f\u2019la bu konular\u0131 konu\u015fmu\u015ftuk.<\/div>\n<div dir=\"auto\">Kendisi Anamur\u2019u, Anamurluyu, Anamur sahillerini \u00e7ok iyi tan\u0131d\u0131\u011f\u0131n\u0131 s\u00f6ylemi\u015fti\u2026<\/div>\n<div dir=\"auto\">Kendisini Anamur\u2019a davet etmi\u015ftim\u2026 Kendisiyle eski g\u00fcnleri anm\u0131\u015ft\u0131k, halka a\u00e7\u0131k ancak hi\u00e7 kimsenin anlayamayaca\u011f\u0131 rumuzlu konu\u015fmalar yapm\u0131\u015ft\u0131k\u2026<\/div>\n<div dir=\"auto\">Nereden nereye\u2026<\/div>\n<div dir=\"auto\">\u0130\u015fte \u00f6\u011frencilik y\u0131llar\u0131mda K\u0131br\u0131sl\u0131 karde\u015flerimize bir vefa borcu olarak b\u00f6yle bir giri\u015fimimiz olmu\u015ftu\u2026<\/div>\n<div dir=\"auto\">O d\u00f6nemde bir\u00e7ok arkada\u015f\u0131m\u0131z g\u00f6n\u00fcll\u00fc olarak K\u0131br\u0131s&#8217;a gitmek i\u00e7in yaz\u0131lm\u0131\u015flard\u0131\u2026<\/div>\n<div dir=\"auto\">Ancak onlar bizim grup gibi \u015fansl\u0131 olamam\u0131\u015flard\u0131.<\/div>\n<div dir=\"auto\">\u0130lkay Kamil, Mustafa Ha\u015fim Altan, Muzaffer, Ahmet,\u2026ile K\u0131br\u0131sl\u0131 m\u00fccahit karde\u015flerimiz S\u00fcleyman Ali, \u0130brahim Sad\u0131k, Ahmet Ha\u015fim, K\u00fc\u00e7\u00fck Rauf ile Saliha, Fatma, Z\u00fcbeyde bac\u0131lar\u0131m\u0131z ve di\u011ferlerinin kulaklar\u0131 \u00e7\u0131nlas\u0131n diyorum.<\/div>\n<div dir=\"auto\">Vefat\u0131n\u0131n 14. y\u0131ld\u00f6n\u00fcm\u00fcnde merhum Cumhurba\u015fkan\u0131m\u0131z Rauf Denkta\u015f\u2019a Allahtan rahmet diler, K\u0131br\u0131sl\u0131 karde\u015flerimizin onun an\u0131s\u0131n\u0131 ya\u015fatmalar\u0131n\u0131, birlik beraberlik i\u00e7inde o b\u00fcy\u00fck insan\u0131n hayallerini ger\u00e7ekle\u015ftirerek Kuzey K\u0131br\u0131s T\u00fcrk Cumhuriyeti\u2019nin T\u00fcrk d\u00fcnyas\u0131nda m\u00fcstesna yerini almas\u0131n\u0131 temenni ederim.<\/div>\n<div dir=\"auto\">Ho\u015f\u00e7a kal\u0131n\u0131z.<\/div>\n<\/div>\n<div class=\"yj6qo\"><\/div>\n<div class=\"adL\"><\/div>\n<\/div>\n<\/div>\n<\/div>\n<div id=\"avWBGd-55\" class=\"WhmR8e\" data-hash=\"0\"><\/div>\n<\/div>\n<\/div>\n","protected":false},"excerpt":{"rendered":"<p>Kuzey K\u0131br\u0131s T\u00fcrk Cumhuriyeti kurucu ba\u015fkan\u0131 merhum Rauf Raif Denkta\u015f vefat\u0131n\u0131n 14. y\u0131ld\u00f6n\u00fcm\u00fc Kuzey K\u0131br\u0131s T\u00fcrk Cumhuriyeti\u2019nde, T\u00fcrkiye\u2019de ve T\u00fcrk d\u00fcnyas\u0131nda sayg\u0131yla an\u0131ld\u0131. Anma program\u0131 nedeniyle pek \u00e7ok mesajlar yay\u0131nlanm\u0131\u015ft\u0131r. Anma program\u0131nda yay\u0131nlanan mesajlara bir \u00f6rnek vermek istiyorum: Kuzey K\u0131br\u0131s T\u00fcrk Cumhuriyeti i\u00e7i\u015fleri bakan\u0131 say\u0131n Dursun O\u011fuz, Kurucu Cumhurba\u015fkan\u0131 Denkta\u015f\u2019\u0131n, ortaya\u00a0koydu\u011fu duru\u015f ve b\u0131rakt\u0131\u011f\u0131 miras\u0131n, [&hellip;]<\/p>\n","protected":false},"author":11,"featured_media":122285,"comment_status":"open","ping_status":"open","sticky":false,"template":"","format":"standard","meta":{"footnotes":""},"categories":[21],"tags":[],"class_list":["post-122284","post","type-post","status-publish","format-standard","has-post-thumbnail","hentry","category-gazi-mert"],"views":396,"_links":{"self":[{"href":"https:\/\/mersingazetesi.com\/index.php\/wp-json\/wp\/v2\/posts\/122284","targetHints":{"allow":["GET"]}}],"collection":[{"href":"https:\/\/mersingazetesi.com\/index.php\/wp-json\/wp\/v2\/posts"}],"about":[{"href":"https:\/\/mersingazetesi.com\/index.php\/wp-json\/wp\/v2\/types\/post"}],"author":[{"embeddable":true,"href":"https:\/\/mersingazetesi.com\/index.php\/wp-json\/wp\/v2\/users\/11"}],"replies":[{"embeddable":true,"href":"https:\/\/mersingazetesi.com\/index.php\/wp-json\/wp\/v2\/comments?post=122284"}],"version-history":[{"count":1,"href":"https:\/\/mersingazetesi.com\/index.php\/wp-json\/wp\/v2\/posts\/122284\/revisions"}],"predecessor-version":[{"id":122286,"href":"https:\/\/mersingazetesi.com\/index.php\/wp-json\/wp\/v2\/posts\/122284\/revisions\/122286"}],"wp:featuredmedia":[{"embeddable":true,"href":"https:\/\/mersingazetesi.com\/index.php\/wp-json\/wp\/v2\/media\/122285"}],"wp:attachment":[{"href":"https:\/\/mersingazetesi.com\/index.php\/wp-json\/wp\/v2\/media?parent=122284"}],"wp:term":[{"taxonomy":"category","embeddable":true,"href":"https:\/\/mersingazetesi.com\/index.php\/wp-json\/wp\/v2\/categories?post=122284"},{"taxonomy":"post_tag","embeddable":true,"href":"https:\/\/mersingazetesi.com\/index.php\/wp-json\/wp\/v2\/tags?post=122284"}],"curies":[{"name":"wp","href":"https:\/\/api.w.org\/{rel}","templated":true}]}}