{"id":122191,"date":"2026-01-13T10:55:35","date_gmt":"2026-01-13T07:55:35","guid":{"rendered":"https:\/\/mersingazetesi.com\/?p=122191"},"modified":"2026-01-13T10:55:35","modified_gmt":"2026-01-13T07:55:35","slug":"cumhurbaskanimizin-katilimlariyla-acilan-hane-islam-eserleri-sergisinin-ardindan","status":"publish","type":"post","link":"https:\/\/mersingazetesi.com\/index.php\/2026\/01\/13\/cumhurbaskanimizin-katilimlariyla-acilan-hane-islam-eserleri-sergisinin-ardindan\/","title":{"rendered":"CUMHURBA\u015eKANIMIZIN KATILIMLARIYLA A\u00c7ILAN \u2018\u2019 HANE \u0130SLAM ESERLER\u0130 \u2018\u2019 SERG\u0130S\u0130N\u0130N ARDINDAN\u2026"},"content":{"rendered":"<div class=\"gs\">\n<div class=\"\">\n<div id=\":n7\" class=\"ii gt\">\n<div id=\":n2\" class=\"a3s aiL\">\n<div id=\"avWBGd-147\">\n<div dir=\"ltr\">\n<div dir=\"auto\">Albayrak Grubu, geleneksel hale getirdi\u011fi \u0130slam Sanatlar\u0131 Sergilerine bu y\u0131l bir yenisini daha eklemi\u015ftir.<\/div>\n<div dir=\"auto\">\u0130slam sanatlar\u0131n\u0131 ya\u015fatmak ve gelecek nesillere aktarmak amac\u0131yla haz\u0131rlanan yeni koleksiyonun ana temas\u0131 \u2018H\u00e2ne\u2019\u00a0olmu\u015ftur.<\/div>\n<div dir=\"auto\">2025 y\u0131l\u0131n\u0131n \u201cAile Y\u0131l\u0131\u201d ilan edilmesinden ilham alan H\u00e2ne sergisi Tophane-i \u00c2mire K\u00fclt\u00fcr ve Sanat Merkezi\u2019nde a\u00e7\u0131lm\u0131\u015ft\u0131r.<\/div>\n<div dir=\"auto\">A\u00e7\u0131l\u0131\u015f t\u00f6renine kat\u0131lan Cumhurba\u015fkan\u0131m\u0131z say\u0131n Recep Tayyip Erdo\u011fan\u2019\u0131n konu\u015fmalar\u0131 sergiye damgas\u0131n\u0131 vurmu\u015ftur.<\/div>\n<div dir=\"auto\">Ge\u00e7ti\u011fimiz hafta i\u00e7inde \u0130stanbul\u2019da: \u2018\u2019Tophane-i Amire K\u00fclt\u00fcr ve Sanat Merkezin\u2019 \u2019de Albayrak \u0130slam Sanatlar\u0131 Sergisi \u2018\u2019 Hane \u0130slam Eserleri \u2018\u2019 sergisi ad\u0131yla d\u00fczenlemi\u015f, sergide birbirinden g\u00fczel eserler \u2018\u2019hat\u2019\u2019 ve \u2018\u2019tezhib\u2019\u2019 sanat\u0131na g\u00f6n\u00fcl verenlerle muhte\u015fem bir etkinlik ger\u00e7ekle\u015fmi\u015ftir.<\/div>\n<div dir=\"auto\">Kur&#8217;an-\u0131 Kerim okunmas\u0131n\u0131n ard\u0131ndan Cumhurba\u015fkan\u0131m\u0131z say\u0131n Recep Tayyip Erdo\u011fan, Taha suresinden ayetler okumu\u015ftur.<\/div>\n<div dir=\"auto\">Cumhurba\u015fkan\u0131nm\u0131\u015f say\u0131n Erdo\u011fan, a\u00e7\u0131l\u0131\u015f\u0131n\u0131 yapt\u0131klar\u0131 Hane \u0130slam Eserleri Sergisi&#8217;nin hay\u0131rl\u0131 ve u\u011furlu olmas\u0131n\u0131 dileyerek, bu k\u0131ymetli serginin \u0130slam sanatlar\u0131na, \u00f6zellikle de hat ve tezhibe g\u00f6n\u00fcl verenler i\u00e7in hay\u0131rlara vesile olmas\u0131 temennisinde bulunmu\u015f ve Albayrak Grubu&#8217;na te\u015fekk\u00fcr etmi\u015ftir.<\/div>\n<div dir=\"auto\">Cumhurba\u015fkan\u0131m\u0131z say\u0131n Erdo\u011fan, eserleri tek tek g\u00f6rd\u00fc\u011f\u00fcn\u00fc ve inceledi\u011fini belirterek, &#8220;Hakikaten her biri \u00e7ok titiz bir eme\u011fin, se\u00e7kin bir \u00fcslubun ve g\u00f6z nurunun meyvesi olarak bu tarihi yap\u0131y\u0131 s\u00fcsl\u00fcyor. \u0130stanbul&#8217;daki vatanda\u015flar\u0131m\u0131z\u0131 ve imk\u00e2n\u0131 olan herkesi Hane \u0130slam Eserleri Sergimizi ziyaret etmeye davet ediyorum.<\/div>\n<div dir=\"auto\">\u00c7izgileriyle ruhumuzu mesrur ve mesut eden hat ve tezhip sanat\u00e7\u0131lar\u0131m\u0131zla birlikte sergimizin k\u00fcrat\u00f6r\u00fcn\u00fc de can\u0131 g\u00f6n\u00fclden tebrik ediyorum.&#8221; demi\u015ftir.<\/div>\n<div dir=\"auto\">Minyat\u00fcrden ebruya, kalem i\u015finden \u00e7iniye, h\u00fcsn-i hattan tezhibe gelenekli \u0130slam sanatlar\u0131n\u0131n hem inanc\u0131n hem medeniyetin derinliklerini, g\u00fczelliklerini g\u00f6stermesi bak\u0131m\u0131ndan \u00e7ok \u00f6nemli oldu\u011funa i\u015faret eden say\u0131n Erdo\u011fan, &#8220;Bunlar M\u00fcsl\u00fcmanlar\u0131n sahip olduklar\u0131 y\u00fcksek estetik \u015fuurun somutla\u015fm\u0131\u015f, eser haline gelmi\u015f, g\u00f6r\u00fcn\u00fcr olmu\u015f, v\u00fccut bulmu\u015f \u015fekilleridir.<\/div>\n<div dir=\"auto\">\u0130stanbul \u00f6zellikle kutlu fetihten sonra hat ve tezhibin adeta ba\u015fkenti haline gelmi\u015ftir.<\/div>\n<div dir=\"auto\">15&#8217;inci as\u0131rdan itibaren Ali bin Yahya es-Sufi, \u015eeyh Hamdullah Efendi ve Haf\u0131z Osman Efendi gibi b\u00fcy\u00fck ustalar burada d\u00fcnyan\u0131n en m\u00fcstesna eserlerini verdi. ,<\/div>\n<div dir=\"auto\">Bu eserler gerek \u0130stanbul&#8217;umuzda gerekse g\u00f6n\u00fcl co\u011frafyam\u0131zda camilerimizi, mescitlerimizi, pek \u00e7ok mimari \u015faheserimizi s\u00fcsledi.&#8221; ifadelerini kullanm\u0131\u015ft\u0131r.<\/div>\n<div dir=\"auto\">Cumhurba\u015fkan\u0131m\u0131z say\u0131n Erdo\u011fan, \u00f6mr\u00fcn\u00fcn 60 y\u0131l\u0131n\u0131 hat sanat\u0131na vakfeden ve ge\u00e7en sene ebediyete u\u011furlanan, &#8220;Hattatlar\u0131n Reisi&#8221;, merhum Hasan \u00c7elebi \u00fcstad\u0131n da bu abidevi \u015fahsiyetlerden biri oldu\u011funu s\u00f6ylemi\u015ftir.<\/div>\n<div dir=\"auto\">\u0130n\u015fa edilen ilk ibadethane olan Kuba Mescidi dahil T\u00fcrkiye&#8217;de ve yurt d\u0131\u015f\u0131nda 75&#8217;in \u00fczerinde caminin \u00c7elebi&#8217;nin eserleriyle tezyin edildi\u011fini dile getiren say\u0131n Erdo\u011fan, \u00c7elebi&#8217;nin kabrinin nur, mekan\u0131n\u0131n cennet olmas\u0131n\u0131 dilemi\u015ftir.<\/div>\n<div dir=\"auto\">Hat ve tezhip gibi \u0130slam sanatlar\u0131n\u0131n emek ve sab\u0131r isteyen, devaml\u0131l\u0131k gerektiren alanlar oldu\u011funu belirten Erdo\u011fan, so\u00f6zlerine \u015f\u00f6yle devam etmi\u015ftir:<\/div>\n<div dir=\"auto\">&#8220;Hasan \u00c7elebi Hocam\u0131z\u0131n tabiriyle bunlar g\u00fcnde 30 saat \u00e7al\u0131\u015fmay\u0131 zaruri k\u0131lan sanatlard\u0131r.<\/div>\n<div dir=\"auto\">Bu sanatlar\u0131n ya\u015fat\u0131lmas\u0131, \u00f6zellikle teknoloji ve dijital k\u00fclt\u00fcr\u00fcn gelenekli sanatlar\u0131m\u0131z\u0131 tehdit etti\u011fi bug\u00fcnlerde \u00e7ok ama \u00e7ok \u00f6nemlidir.<\/div>\n<div dir=\"auto\">Sizler, her biriniz bu noktada \u00e7ok a\u011f\u0131r bir y\u00fck\u00fc omuzluyor, sanatla birlikte kemalat yolculu\u011fumuzu da s\u00fcrd\u00fcr\u00fcyorsunuz.<\/div>\n<div dir=\"auto\">Sizler sadece bu sanatlar\u0131 icra etmiyor, ayn\u0131 zamanda bu sanat\u0131n ne\u015fet etti\u011fi tarihimize, k\u00fclt\u00fcr\u00fcm\u00fcze ve medeniyetimize vak\u0131f oluyorsunuz.<\/div>\n<div dir=\"auto\">\u015euras\u0131 da unutulmamal\u0131d\u0131r. Kadim tarihimizde, \u00f6zellikle oradan s\u00fcz\u00fcl\u00fcp gelen k\u00fclt\u00fcrel miras\u0131m\u0131z ancak yeni nesillerin ekleriyle zenginle\u015fir, k\u00f6kle\u015fir, ya\u015far ve s\u00fcreklilik kazan\u0131r.<\/div>\n<div dir=\"auto\">\u0130\u015fte bug\u00fcn burada oldu\u011fu gibi sayfalara \u00f6zenle nak\u015fedilen her bir \u015fekil ayn\u0131 zamanda ge\u00e7mi\u015fle gelecek aras\u0131nda yeni bir k\u00f6pr\u00fc olu\u015fturuyor.<\/div>\n<div dir=\"auto\">Sergimizdeki eserleri bu bak\u0131mdan ayr\u0131ca de\u011ferli ve anlaml\u0131 buldu\u011fumu bilmenizi isterim. Gelenekli sanatlar\u0131m\u0131z\u0131 \u00f6\u011frenen, icra eden ve \u00f6\u011freten her bir karde\u015fimi tebrik ediyor, \u00e7al\u0131\u015fmalar\u0131n\u0131zda Cenab-\u0131 Allah&#8217;tan muvaffakiyetler diliyorum.&#8221;<\/div>\n<div dir=\"auto\">Say\u0131n Erdo\u011fan&#8217;\u0131n, kat\u0131l\u0131mc\u0131lara hitaben konu\u015fmas\u0131n\u0131n ard\u0131ndan serginin k\u00fcrat\u00f6r\u00fc Yasemin Karaca, sergiyle ilgili bilgi vermi\u015ftir.<\/div>\n<div dir=\"auto\">Karaca, Albayrak \u0130slam Sanatlar\u0131 Koleksiyonu&#8217;nun 12. y\u0131l\u0131 i\u00e7in bir arada olduklar\u0131n\u0131 ifade ederek, Albayrak hat koleksiyonunun kendine m\u00fcnhas\u0131r bir olu\u015fumu oldu\u011funu, her y\u0131l sanat\u00e7\u0131larla birlikte bir konu belirlenerek ona ili\u015fkin eserlerin ayn\u0131 anda \u00fcretilmeye ba\u015fland\u0131\u011f\u0131n\u0131 belirtmi\u015ftir.<\/div>\n<div dir=\"auto\">Y\u0131l\u0131n sonunda ortaya yepyeni istifler, s\u00fcslemeler ve eserler \u00e7\u0131kt\u0131\u011f\u0131ndan bahseden Karaca, bu eserlerin \u00f6zellikle gen\u00e7 sanat\u00e7\u0131lar i\u00e7in \u00e7ok yol g\u00f6sterir nitelikte oldu\u011funu, yeni y\u0131l\u0131n temas\u0131 ve eserleri \u0130slam sanatlar\u0131 camias\u0131nda merakla beklenen bir konu haline geldi\u011fini s\u00f6ylemi\u015ftir.<\/div>\n<div dir=\"auto\">Yasemin Karaca, Albayrak \u0130slam Sanatlar\u0131 Sergisi&#8217;nin bug\u00fcne kadar 3 k\u0131tada 3 milyonu a\u015fk\u0131n izleyiciyle bulu\u015ftu\u011funu belirterek, bu y\u0131lki serginin temas\u0131n\u0131n &#8220;Aile&#8221; oldu\u011funu ve bu do\u011frultuda sergiye &#8220;Hane&#8221; isminin verildi\u011fini kaydetmi\u015ftir.<\/div>\n<div dir=\"auto\">Ge\u00e7en y\u0131l &#8220;Adalet&#8221; kavram\u0131n\u0131 ele alan &#8220;Adil-i Mutlak&#8221; sergisinin bir ayda 100 bine yak\u0131n ziyaret\u00e7i a\u011f\u0131rlad\u0131\u011f\u0131n\u0131 hat\u0131rlatan Karaca, yaln\u0131zca 2025 y\u0131l\u0131 i\u00e7inde 7 \u00fclkeyi ve K\u00fclt\u00fcr Yolu Festivalleri kapsam\u0131nda T\u00fcrkiye&#8217;de 10 ili gezme f\u0131rsat\u0131 bulduklar\u0131n\u0131 dile getirmi\u015ftir.<\/div>\n<div dir=\"auto\">Programda, Aile ve Sosyal Hizmetler Bakan\u0131 Mahinur \u00d6zdemir G\u00f6kta\u015f, K\u00fclt\u00fcr ve Turizm Bakan\u0131 Mehmet Nuri Ersoy, Cumhurba\u015fkanl\u0131\u011f\u0131 \u0130leti\u015fim Ba\u015fkan\u0131 Burhanettin Duran, \u0130stanbul Valisi Davut G\u00fcl ve AK Parti \u0130stanbul \u0130l Ba\u015fkan\u0131 Abdullah \u00d6zdemir de yer alm\u0131\u015ft\u0131r.<\/div>\n<div dir=\"auto\">Albayrak grubunu yapt\u0131klar\u0131 bu g\u00fczel k\u00fclt\u00fcr hizmetlerinden dolay\u0131 tebrik eder, ba\u015far\u0131lar\u0131n\u0131n devam\u0131n\u0131 dileriz.<\/div>\n<div dir=\"auto\">Ho\u015f\u00e7a kal\u0131n\u0131z.<\/div>\n<\/div>\n<div class=\"yj6qo\"><\/div>\n<div class=\"adL\"><\/div>\n<\/div>\n<\/div>\n<\/div>\n<div id=\"avWBGd-148\" class=\"WhmR8e\" data-hash=\"0\"><\/div>\n<\/div>\n<\/div>\n","protected":false},"excerpt":{"rendered":"<p>Albayrak Grubu, geleneksel hale getirdi\u011fi \u0130slam Sanatlar\u0131 Sergilerine bu y\u0131l bir yenisini daha eklemi\u015ftir. \u0130slam sanatlar\u0131n\u0131 ya\u015fatmak ve gelecek nesillere aktarmak amac\u0131yla haz\u0131rlanan yeni koleksiyonun ana temas\u0131 \u2018H\u00e2ne\u2019\u00a0olmu\u015ftur. 2025 y\u0131l\u0131n\u0131n \u201cAile Y\u0131l\u0131\u201d ilan edilmesinden ilham alan H\u00e2ne sergisi Tophane-i \u00c2mire K\u00fclt\u00fcr ve Sanat Merkezi\u2019nde a\u00e7\u0131lm\u0131\u015ft\u0131r. A\u00e7\u0131l\u0131\u015f t\u00f6renine kat\u0131lan Cumhurba\u015fkan\u0131m\u0131z say\u0131n Recep Tayyip Erdo\u011fan\u2019\u0131n konu\u015fmalar\u0131 sergiye [&hellip;]<\/p>\n","protected":false},"author":11,"featured_media":119985,"comment_status":"open","ping_status":"open","sticky":false,"template":"","format":"standard","meta":{"footnotes":""},"categories":[21],"tags":[],"class_list":["post-122191","post","type-post","status-publish","format-standard","has-post-thumbnail","hentry","category-gazi-mert"],"views":361,"_links":{"self":[{"href":"https:\/\/mersingazetesi.com\/index.php\/wp-json\/wp\/v2\/posts\/122191","targetHints":{"allow":["GET"]}}],"collection":[{"href":"https:\/\/mersingazetesi.com\/index.php\/wp-json\/wp\/v2\/posts"}],"about":[{"href":"https:\/\/mersingazetesi.com\/index.php\/wp-json\/wp\/v2\/types\/post"}],"author":[{"embeddable":true,"href":"https:\/\/mersingazetesi.com\/index.php\/wp-json\/wp\/v2\/users\/11"}],"replies":[{"embeddable":true,"href":"https:\/\/mersingazetesi.com\/index.php\/wp-json\/wp\/v2\/comments?post=122191"}],"version-history":[{"count":1,"href":"https:\/\/mersingazetesi.com\/index.php\/wp-json\/wp\/v2\/posts\/122191\/revisions"}],"predecessor-version":[{"id":122192,"href":"https:\/\/mersingazetesi.com\/index.php\/wp-json\/wp\/v2\/posts\/122191\/revisions\/122192"}],"wp:featuredmedia":[{"embeddable":true,"href":"https:\/\/mersingazetesi.com\/index.php\/wp-json\/wp\/v2\/media\/119985"}],"wp:attachment":[{"href":"https:\/\/mersingazetesi.com\/index.php\/wp-json\/wp\/v2\/media?parent=122191"}],"wp:term":[{"taxonomy":"category","embeddable":true,"href":"https:\/\/mersingazetesi.com\/index.php\/wp-json\/wp\/v2\/categories?post=122191"},{"taxonomy":"post_tag","embeddable":true,"href":"https:\/\/mersingazetesi.com\/index.php\/wp-json\/wp\/v2\/tags?post=122191"}],"curies":[{"name":"wp","href":"https:\/\/api.w.org\/{rel}","templated":true}]}}