{"id":121984,"date":"2026-01-11T11:35:03","date_gmt":"2026-01-11T08:35:03","guid":{"rendered":"https:\/\/mersingazetesi.com\/?p=121984"},"modified":"2026-01-11T11:35:03","modified_gmt":"2026-01-11T08:35:03","slug":"icat-ve-kesiflere-karsi-islamin-gorusu","status":"publish","type":"post","link":"https:\/\/mersingazetesi.com\/index.php\/2026\/01\/11\/icat-ve-kesiflere-karsi-islamin-gorusu\/","title":{"rendered":"\u0130CAT VE KE\u015e\u0130FLERE KAR\u015eI \u0130SLAMIN G\u00d6R\u00dc\u015e\u00dc\u2026"},"content":{"rendered":"<div class=\"gs\">\n<div class=\"\">\n<div id=\":nv\" class=\"ii gt\">\n<div id=\":mw\" class=\"a3s aiL\">\n<div id=\"avWBGd-86\">\n<div dir=\"ltr\">\n<div dir=\"auto\">Savunma sanayii alan\u0131ndaki \u00e7al\u0131\u015fmalar\u0131m\u0131z \u0130slam&#8217;\u0131n ana kayna\u011f\u0131 olan Kur\u2019an-\u0131 Kerimin okumay\u0131, \u00f6\u011frenmeyi, \u00f6\u011fretmeyi te\u015fvik eden ayetlerine t\u0131pat\u0131p uymaktad\u0131r.<\/div>\n<div dir=\"auto\">Z\u00fcmer suresinin 9\u2019uncu ayetinde: \u201cHi\u00e7 bilenlerle bilmeyenler bir olur mu?\u201d<\/div>\n<div dir=\"auto\">Nahl suresinin 43\u2019\u00fcnc\u00fc ayetinde: \u201cE\u011fer bilmiyorsan\u0131z bilenlere sorun\u201d buyrulmaktad\u0131r.<\/div>\n<div dir=\"auto\">Kur\u2019an-\u0131 Kerim hem e\u011fitim vas\u0131tas\u0131d\u0131r hem de e\u011fitimin \u00f6z\u00fcd\u00fcr, Kur\u2019an-\u0131 Kerim;\u00a0okumak anlam\u0131na gelmektedir.<\/div>\n<div dir=\"auto\">Peygamberin g\u00f6revi de \u00f6\u011fretmektir.<\/div>\n<div dir=\"auto\">\u00d6\u011fretmek: Kur\u2019an-\u0131 Kerimde insanlar\u0131m\u0131z\u0131 bedenen, ruhen, zihnen, duygu ve ahlak a\u00e7\u0131s\u0131ndan iyiye y\u00f6neltmek, onlar\u0131 her t\u00fcrl\u00fc k\u00f6t\u00fcl\u00fckten ar\u0131nd\u0131rmak olarak a\u00e7\u0131klanm\u0131\u015ft\u0131r.<\/div>\n<div dir=\"auto\">\u0130slamiyet\u2019ten \u00f6nce Araplar \u00c7\u00f6l\u2019de ya\u015f\u0131yorlard\u0131. Ancak \u00e7\u00f6l hayat\u0131n\u0131n getirdiklerini biliyorlard\u0131. Bildikleri at, silah, deve, gibi sava\u015f vas\u0131talar\u0131 ve \u00e7e\u015fitli tarihi bilgilerdi. B\u00f6yle bilgisiz ve cahil bir topluma g\u00f6nderilen peygamberimizin g\u00f6revi onlar\u0131 e\u011fitmekti.<\/div>\n<div dir=\"auto\">Peygamberimiz:<\/div>\n<div dir=\"auto\">\u201cAllah beni bir muallim (\u00d6\u011fretmen) olarak g\u00f6nderdi\u201d buyurmaktad\u0131r.<\/div>\n<div dir=\"auto\">Bakara suresinin 129. ayetinde Peygamberin g\u00f6revinin \u00f6\u011fretim i\u015fi oldu\u011fu vurgulanmaktad\u0131r.<\/div>\n<div dir=\"auto\">Bu \u00f6\u011fretim hem manevi hem maddi alandad\u0131r.<\/div>\n<div dir=\"auto\">Okuma yazma bilmeyen bir Peygambere ilk gelen vahyin okuma ve yazmay\u0131 emretmesi \u00e7ok anlaml\u0131d\u0131r.<\/div>\n<div dir=\"auto\">\u201cOku\u201d emriyle ba\u015flayan ilim ve k\u00fclt\u00fcr hareketleri hicretten sonra h\u0131zl\u0131 ilerlemi\u015f, yaz\u0131 sanat\u0131 yay\u0131lm\u0131\u015f, \u201cEvlerde\u201d, \u201cMescitlerde\u201d, \u201cSuffe\u201dlerde ilmi \u00e7al\u0131\u015fmalar yo\u011funla\u015fm\u0131\u015ft\u0131.<\/div>\n<div dir=\"auto\">2026\u2019l\u0131 y\u0131llar\u0131n i\u00e7inde oldu\u011fumuz \u015fu g\u00fcnlerde ger\u00e7ekten d\u00fcnyada ilim alan\u0131nda b\u00fcy\u00fck geli\u015fmeler g\u00f6zlenmektedir.<\/div>\n<div dir=\"auto\">Bu geli\u015fmelerde \u0130slam bilginlerinin rol\u00fc \u00e7ok b\u00fcy\u00fckt\u00fcr.<\/div>\n<div dir=\"auto\">Denilebilir ki; Bug\u00fcn savunma sanayii alan\u0131ndaki ba\u015far\u0131l\u0131 \u00e7al\u0131\u015fmalar, yap\u0131lmakta olan icat ve ke\u015fifler M\u00fcsl\u00fcman bilginlerinin ortaya koydu\u011fu bilgilerden esinlenerek yap\u0131lmaktad\u0131r.<\/div>\n<div dir=\"auto\">\u0130lim alan\u0131nda \u00f6zellikle Uzay yar\u0131\u015f\u0131nda milletimizin Amerika ve Rusya gibi \u00fclkelerden geride kalmas\u0131 ger\u00e7ekten \u00fcz\u00fcc\u00fc ve d\u00fc\u015f\u00fcnd\u00fcr\u00fcc\u00fcd\u00fcr.<\/div>\n<div dir=\"auto\">T\u00fcrk milleti olarak \u015fu anda bulunmam\u0131z gereken yerden \u00e7ok-\u00e7ok gerilerdeyiz. Temennimiz uzay yar\u0131\u015f\u0131nda oldu\u011fu gibi her t\u00fcrl\u00fc ekonomik ve k\u00fclt\u00fcrel geli\u015fmelerde Y\u00fcce T\u00fcrk milletinin t\u00fcm d\u00fcnya \u00fclkelerinin \u00f6n\u00fcnde olmas\u0131d\u0131r.<\/div>\n<div dir=\"auto\">Atalar\u0131m\u0131z bunu ba\u015farm\u0131\u015flard\u0131.<\/div>\n<div dir=\"auto\">F\u00fczecili\u011fin atas\u0131 Lagari Hasan \u00c7elebi ad\u0131nda bir M\u00fcsl\u00fcman T\u00fcrk\u2019t\u00fcr.<\/div>\n<div dir=\"auto\">D\u00fcnyada ilk defa u\u00e7an, Hezarfen Ahmet \u00c7elebi ad\u0131nda bir M\u00fcsl\u00fcman T\u00fcrk bilginidir. U\u00e7ma tasar\u0131s\u0131n\u0131 ilk defa ger\u00e7ekle\u015ftiren Ahmet \u00c7elebi ayn\u0131 zamanda d\u00fcnya plan\u00f6rc\u00fcl\u00fc\u011f\u00fcn\u00fcn de ilk \u00f6nc\u00fcs\u00fcd\u00fcr.<\/div>\n<div dir=\"auto\">F\u00fczeyle ilk u\u00e7an T\u00fcrk lakab\u0131n\u0131 alan Lagari Hasan \u00c7elebi, 1633 y\u0131l\u0131nda 50 okkal\u0131k barut macunu ile dolu yedi kollu bir fi\u015fe\u011fe binerek ate\u015fletmi\u015f ve f\u00fczenin barutu bitince, f\u00fczeye yerle\u015ftirdi\u011fi kanatlar\u0131 a\u00e7arak denize inmi\u015ftir.<\/div>\n<div dir=\"auto\">Hezarfen Ahmet \u00c7elebi de 1636 y\u0131l\u0131nda Galata Kulesi\u2019ne \u00e7\u0131km\u0131\u015f ve kendini r\u00fczg\u00e2ra b\u0131rakarak lodosun da yard\u0131m\u0131yla \u0130stanbul Bo\u011faz\u0131ndan ge\u00e7mi\u015f ve \u00dcsk\u00fcdar&#8217;daki Do\u011fanc\u0131lara inmi\u015ftir.<\/div>\n<div dir=\"auto\">V\u00fccuduna takt\u0131\u011f\u0131 kanatlarla bu u\u00e7u\u015fu ba\u015faran Hezarfen Ahmet \u00c7elebi\u2019nin bu ba\u015far\u0131s\u0131 ad\u0131n\u0131n havac\u0131l\u0131k tarihine alt\u0131n harflerle yaz\u0131lmas\u0131n\u0131 sa\u011flam\u0131\u015ft\u0131r.<\/div>\n<div dir=\"auto\">R\u00fczg\u00e2r\u0131n esme \u015feklini dikkate almas\u0131 nedeniyle de onun yapt\u0131\u011f\u0131 bu u\u00e7u\u015f denemesinin ayn\u0131 zamanda plan\u00f6rc\u00fclere de \u00f6rnek oldu\u011fu s\u00f6ylenebilir.<\/div>\n<div dir=\"auto\">Rusya ve Amerika\u2019n\u0131n ad\u0131 bile yokken, atalar\u0131m\u0131z\u0131n yapt\u0131\u011f\u0131 bu denemeler devam etseydi, \u015fu anda belki de uzayda T\u00fcrk yap\u0131m\u0131 ara\u00e7lar yar\u0131\u015facakt\u0131.<\/div>\n<div dir=\"auto\">Bizleri engelleyen karanl\u0131k eller \u00fczerimizden at\u0131lm\u0131\u015ft\u0131r, Bu yar\u0131\u015fta bizde var olaca\u011f\u0131z.<\/div>\n<div dir=\"auto\">\u00d6nemli olan \u00fczerimize k\u00e2bus gibi \u00e7\u00f6ken bu karanl\u0131k eli daha fazla te\u015fhis etmek ve T\u00fcrk \u2013 \u0130slam sentezini h\u00fck\u00fcmran k\u0131lmakt\u0131r.<\/div>\n<div dir=\"auto\">\u0130slamiyet hi\u00e7bir zaman yeni icat ve ke\u015fiflerin kar\u015f\u0131s\u0131nda de\u011fildir.<\/div>\n<div dir=\"auto\">Bilakis \u0130slam bilginlerinin idari, iktisadi, \u0130\u00e7timai, siyasi, ilmi, askeri konularda yazd\u0131\u011f\u0131 eserler Avrupa \u00dcniversitelerinde ders kitab\u0131 olarak okutulmu\u015ftur.<\/div>\n<div dir=\"auto\">Savunma sanayiindeki geli\u015fmelerle \u00fclkemiz ileri \u00fclkelerin en ba\u015f\u0131nda gelecektir.<\/div>\n<div dir=\"auto\">Ho\u015f\u00e7a kal\u0131n\u0131z.<\/div>\n<\/div>\n<div class=\"yj6qo\"><\/div>\n<div class=\"adL\"><\/div>\n<\/div>\n<\/div>\n<\/div>\n<div id=\"avWBGd-87\" class=\"WhmR8e\" data-hash=\"0\"><\/div>\n<\/div>\n<\/div>\n","protected":false},"excerpt":{"rendered":"<p>Savunma sanayii alan\u0131ndaki \u00e7al\u0131\u015fmalar\u0131m\u0131z \u0130slam&#8217;\u0131n ana kayna\u011f\u0131 olan Kur\u2019an-\u0131 Kerimin okumay\u0131, \u00f6\u011frenmeyi, \u00f6\u011fretmeyi te\u015fvik eden ayetlerine t\u0131pat\u0131p uymaktad\u0131r. Z\u00fcmer suresinin 9\u2019uncu ayetinde: \u201cHi\u00e7 bilenlerle bilmeyenler bir olur mu?\u201d Nahl suresinin 43\u2019\u00fcnc\u00fc ayetinde: \u201cE\u011fer bilmiyorsan\u0131z bilenlere sorun\u201d buyrulmaktad\u0131r. Kur\u2019an-\u0131 Kerim hem e\u011fitim vas\u0131tas\u0131d\u0131r hem de e\u011fitimin \u00f6z\u00fcd\u00fcr, Kur\u2019an-\u0131 Kerim;\u00a0okumak anlam\u0131na gelmektedir. Peygamberin g\u00f6revi de \u00f6\u011fretmektir. \u00d6\u011fretmek: [&hellip;]<\/p>\n","protected":false},"author":11,"featured_media":119985,"comment_status":"open","ping_status":"open","sticky":false,"template":"","format":"standard","meta":{"footnotes":""},"categories":[21],"tags":[],"class_list":["post-121984","post","type-post","status-publish","format-standard","has-post-thumbnail","hentry","category-gazi-mert"],"views":305,"_links":{"self":[{"href":"https:\/\/mersingazetesi.com\/index.php\/wp-json\/wp\/v2\/posts\/121984","targetHints":{"allow":["GET"]}}],"collection":[{"href":"https:\/\/mersingazetesi.com\/index.php\/wp-json\/wp\/v2\/posts"}],"about":[{"href":"https:\/\/mersingazetesi.com\/index.php\/wp-json\/wp\/v2\/types\/post"}],"author":[{"embeddable":true,"href":"https:\/\/mersingazetesi.com\/index.php\/wp-json\/wp\/v2\/users\/11"}],"replies":[{"embeddable":true,"href":"https:\/\/mersingazetesi.com\/index.php\/wp-json\/wp\/v2\/comments?post=121984"}],"version-history":[{"count":1,"href":"https:\/\/mersingazetesi.com\/index.php\/wp-json\/wp\/v2\/posts\/121984\/revisions"}],"predecessor-version":[{"id":121985,"href":"https:\/\/mersingazetesi.com\/index.php\/wp-json\/wp\/v2\/posts\/121984\/revisions\/121985"}],"wp:featuredmedia":[{"embeddable":true,"href":"https:\/\/mersingazetesi.com\/index.php\/wp-json\/wp\/v2\/media\/119985"}],"wp:attachment":[{"href":"https:\/\/mersingazetesi.com\/index.php\/wp-json\/wp\/v2\/media?parent=121984"}],"wp:term":[{"taxonomy":"category","embeddable":true,"href":"https:\/\/mersingazetesi.com\/index.php\/wp-json\/wp\/v2\/categories?post=121984"},{"taxonomy":"post_tag","embeddable":true,"href":"https:\/\/mersingazetesi.com\/index.php\/wp-json\/wp\/v2\/tags?post=121984"}],"curies":[{"name":"wp","href":"https:\/\/api.w.org\/{rel}","templated":true}]}}