{"id":121861,"date":"2026-01-09T10:31:05","date_gmt":"2026-01-09T07:31:05","guid":{"rendered":"https:\/\/mersingazetesi.com\/?p=121861"},"modified":"2026-01-09T10:31:05","modified_gmt":"2026-01-09T07:31:05","slug":"iktidar-ve-muhalefete-cagri-devletimize-sahip-cikalim","status":"publish","type":"post","link":"https:\/\/mersingazetesi.com\/index.php\/2026\/01\/09\/iktidar-ve-muhalefete-cagri-devletimize-sahip-cikalim\/","title":{"rendered":"\u0130KT\u0130DAR VE MUHALEFETE \u00c7A\u011eRI: DEVLET\u0130M\u0130ZE SAH\u0130P \u00c7IKALIM"},"content":{"rendered":"<p>Ter\u00f6rs\u00fcz T\u00fcrkiye s\u00f6ylemlerine ra\u011fmen Suriye ve Irak&#8217;ta Amerikan u\u015faklar\u0131 PKK ve PYD ile sava\u015f\u0131m\u0131z devam ederken, \u00fclkemiz \u00e7epe\u00e7evre d\u00fc\u015fmanlar\u0131m\u0131z taraf\u0131ndan \u00e7evrilmi\u015fken, hala ter\u00f6r \u00f6rg\u00fctleri taraf\u0131ndan \u015fehit edilen kahraman askerlerimizle ilgili cenaze t\u00f6renleri y\u00fcreklerimizi yakmaya devam ederken baz\u0131 muhalefet partilerinin bu devlet d\u00fc\u015fmanl\u0131\u011f\u0131 niye?<br \/>\nKuzeyden g\u00fcneye, do\u011fudan bat\u0131ya \u00fclkemizin d\u00f6rt bir yan\u0131nda KINALI KUZULARIMIZIN, ANA KUZULARIMIZIN cenaze t\u00f6renlerinde g\u00f6zya\u015flar\u0131 sel olup ak\u0131yor\u2026<br \/>\nGencecik fidanlar\u0131m\u0131z\u0131 bilmem ki daha ne zamana kadar g\u00f6zya\u015flar\u0131yla u\u011furlamaya devam edece\u011fiz?<br \/>\nT\u00fcrk milleti olarak bug\u00fcnlere kolay gelmedik.<br \/>\nBir su mataras\u0131na, bir kundura ba\u011f\u0131na, bir t\u00fcfek kay\u0131\u015f\u0131na, bir lokma ekme\u011fe, bir silah mermisine muhta\u00e7 g\u00fcnlerden geldik.<br \/>\nBizim gibi toplu bir \u0130stiklal Sava\u015f\u0131 vermi\u015f milletlerin say\u0131s\u0131 \u00e7ok de\u011fildir.<br \/>\nO sava\u015flar\u0131 ya\u015fam\u0131\u015f, cephede kan\u0131n\u0131, kolunu, baca\u011f\u0131n\u0131 b\u0131rakm\u0131\u015f insanlar\u0131m\u0131zdan bir k\u0131sm\u0131 hala aram\u0131zda ya\u015f\u0131yorlar.<br \/>\nSon y\u00fczy\u0131lda d\u00fcnya bir Balkan, iki d\u00fcnya sava\u015f\u0131 ya\u015fad\u0131. \u0130lk d\u00fcnya sava\u015f\u0131nda 10 milyon insan can verdi.<br \/>\nKaybolanlar\u0131n say\u0131s\u0131 15 milyon\u2026<br \/>\nHer \u00fc\u00e7 sava\u015f da ya topraklar\u0131m\u0131z \u00fczerinde veya \u00e7evremizde yap\u0131ld\u0131.<br \/>\nBug\u00fcnk\u00fc nesiller, o g\u00fcnleri ya\u015fam\u0131\u015f insanlar\u0131n hat\u0131ralar\u0131n\u0131 dinleyerek b\u00fcy\u00fcd\u00fcler.<br \/>\nHa\u00e7l\u0131n\u0131n, Rus\u2019un, Yunan\u2019\u0131n g\u00fcnah izleri; Ta\u015f\u0131m\u0131zdan-topra\u011f\u0131m\u0131zdan hen\u00fcz silinmedi.<br \/>\nHal b\u00f6yleyken; Acaba bu ac\u0131 g\u00fcnlerden al\u0131nacak ibret dersi son y\u0131llarda nas\u0131l unutuldu?<br \/>\n\u0130stiklal i\u00e7in sava\u015f vermi\u015f, sava\u015f kazanm\u0131\u015f bir milletin \u00e7ocuklar\u0131 devletine nas\u0131l ba\u015fkald\u0131r\u0131yor?..<br \/>\nKarakollara, okullara, devlet kurulu\u015flar\u0131na nas\u0131l bask\u0131n d\u00fczenleyebiliyor?<br \/>\nPolisi, jandarmay\u0131 nas\u0131l arkadan vurabiliyorlar?<br \/>\nMasum \u00e7ocuklar, hamile kad\u0131nlar nas\u0131l kur\u015funa diziliyor?<br \/>\nHen\u00fcz uzak olmayan bir tarihte d\u00fc\u015fman \u00e7izmesi alt\u0131ndan kurtar\u0131lan vatanda insanlar\u0131m\u0131z nas\u0131l birbirine d\u00fc\u015f\u00fcr\u00fcld\u00fc<br \/>\nMillet olarak toparlanmaya, asgari m\u00fc\u015fterekte birle\u015fmeye, birlik ve beraberlik i\u00e7inde ya\u015famaya muhtac\u0131z.<br \/>\nDo\u011fu-bat\u0131, kuzey-g\u00fcney, ya\u015fl\u0131-gen\u00e7, okuyan-okumayan, i\u015f\u00e7i-patron, amir-memur, asker-sivil demeden toplu bir b\u00fct\u00fcnle\u015fme, birlik-beraberlik hamlesi ba\u015flatmal\u0131y\u0131z. \u00dclkemiz ekonomik e\u011fitim seferberli\u011fi paketleri yan\u0131nda birlik-beraberlik paketine de muhta\u00e7t\u0131r.<br \/>\nDurumumuz &#8220;Bo\u015f ver&#8221; anlay\u0131\u015f\u0131na uygun de\u011fildir.<br \/>\nY\u00fczy\u0131llarca &#8220;Nizam-\u0131 \u00e2lem&#8221;i temsil ettik.<br \/>\nMillet olma tecr\u00fcbemiz hi\u00e7bir millette yok&#8230;<br \/>\nTarihin en g\u00fc\u00e7l\u00fc ordular\u0131n\u0131, d\u00fcnyan\u0131n en b\u00fcy\u00fck imparatorluklar\u0131n\u0131 kurduk.<br \/>\nYer alt\u0131 yer\u00fcst\u00fc zenginliklerimiz, tarihi, stratejik, demokratik imk\u00e2nlar\u0131m\u0131z d\u00fc\u015fmanlar\u0131m\u0131z\u0131 k\u0131skand\u0131racak kadar g\u00fc\u00e7l\u00fc\u2026<br \/>\nBu imk\u00e2nlar\u0131 hakk\u0131yla de\u011ferlendirebilirsek hem b\u00f6lge, hem d\u00fcnya bar\u0131\u015f\u0131na y\u00f6n verecek \u0131\u015f\u0131kl\u0131, p\u0131r\u0131lt\u0131l\u0131 bir \u00fclke olabiliriz.<br \/>\nKom\u00fcnizmin \u00e7\u00f6k\u00fc\u015f\u00fcyle birlikte bu b\u00f6lgede kurulan T\u00fcrk devletleri bizim liderli\u011fimizi bekliyor.<br \/>\nO halde neden bir ve b\u00fct\u00fcn de\u011filiz?<br \/>\nBaz\u0131 \u0130nsanlar\u0131m\u0131z ni\u00e7in devlete kar\u015f\u0131 gelme yolunu se\u00e7iyor?<br \/>\nKuzeyden, bat\u0131dan, g\u00fcneyden, do\u011fudan tam bir ate\u015f \u00e7emberi i\u00e7erisindeyiz!<br \/>\nRusya\u2019n\u0131n da\u011f\u0131lmas\u0131na ra\u011fmen kuzeyimiz yine Demirperde\u2026<br \/>\nBat\u0131 kom\u015fumuz bir T\u00fcrk d\u00fc\u015fmanl\u0131\u011f\u0131 cezbesinde&#8230;<br \/>\nAyaklar\u0131 hen\u00fcz yere basmayan g\u00fcney ve do\u011fu kom\u015fular\u0131m\u0131z karde\u015f kavgas\u0131nda&#8230;<br \/>\nCenab-\u0131 Allah Kur\u2019an-\u0131 Kerim\u2019de;<br \/>\n&#8220;Birbirinizle ihtilafa d\u00fc\u015ferek \u00e7eki\u015fip durmay\u0131n. Aksi halde ba\u015far\u0131s\u0131zl\u0131\u011fa d\u00fc\u015fersiniz. G\u00fcc\u00fcn\u00fcz, kuvvetiniz kaybolup gider&#8230;&#8221;. Buyuruyor.<br \/>\nYine ba\u015fka bir Ayet-i Kerimede:<br \/>\n&#8220;\u0130nanmayanlar bile birbirlerinin yard\u0131mc\u0131lar\u0131d\u0131rlar. \u015eayet siz b\u00f6yle yapmazsan\u0131z, yery\u00fcz\u00fcnde b\u00fcy\u00fck bir fitne ve karga\u015fa ortaya \u00e7\u0131kar.&#8221; buyrulmaktad\u0131r.<br \/>\nD\u00fcnya y\u00fcr\u00fcyor&#8230;<br \/>\nY\u00fcr\u00fcyen, ilerleyen d\u00fcnyada durmak, \u00e7a\u011f\u0131n ve ihtiya\u00e7lar\u0131n gerisinde kalmakt\u0131r.<br \/>\n\u0130slam dini fitneyi yasaklam\u0131\u015f bir dindir.<br \/>\nBizi birbirimizle kavgaya g\u00f6t\u00fcrecek hi\u00e7bir problemimiz yoktur.<br \/>\nMenfaatimiz kavgada de\u011fil, birbirimizi sevmededir.<br \/>\nGe\u00e7mi\u015fimizin ve gelece\u011fimizin s\u0131rt\u0131m\u0131za y\u00fckledi\u011fi a\u011f\u0131r sorumluluklar\u0131 iktidar ve muhalafetle birlikte \u00e7\u00f6zmeliyiz.<br \/>\nBu bizim ger\u00e7ek kurtulu\u015fumuzun ba\u015flang\u0131c\u0131 olacakt\u0131r.<br \/>\nHo\u015f\u00e7a kal\u0131n\u0131z.<\/p>\n","protected":false},"excerpt":{"rendered":"<p>Ter\u00f6rs\u00fcz T\u00fcrkiye s\u00f6ylemlerine ra\u011fmen Suriye ve Irak&#8217;ta Amerikan u\u015faklar\u0131 PKK ve PYD ile sava\u015f\u0131m\u0131z devam ederken, \u00fclkemiz \u00e7epe\u00e7evre d\u00fc\u015fmanlar\u0131m\u0131z taraf\u0131ndan \u00e7evrilmi\u015fken, hala ter\u00f6r \u00f6rg\u00fctleri taraf\u0131ndan \u015fehit edilen kahraman askerlerimizle ilgili cenaze t\u00f6renleri y\u00fcreklerimizi yakmaya devam ederken baz\u0131 muhalefet partilerinin bu devlet d\u00fc\u015fmanl\u0131\u011f\u0131 niye? Kuzeyden g\u00fcneye, do\u011fudan bat\u0131ya \u00fclkemizin d\u00f6rt bir yan\u0131nda KINALI KUZULARIMIZIN, ANA KUZULARIMIZIN [&hellip;]<\/p>\n","protected":false},"author":11,"featured_media":119985,"comment_status":"open","ping_status":"open","sticky":false,"template":"","format":"standard","meta":{"footnotes":""},"categories":[21],"tags":[],"class_list":["post-121861","post","type-post","status-publish","format-standard","has-post-thumbnail","hentry","category-gazi-mert"],"views":483,"_links":{"self":[{"href":"https:\/\/mersingazetesi.com\/index.php\/wp-json\/wp\/v2\/posts\/121861","targetHints":{"allow":["GET"]}}],"collection":[{"href":"https:\/\/mersingazetesi.com\/index.php\/wp-json\/wp\/v2\/posts"}],"about":[{"href":"https:\/\/mersingazetesi.com\/index.php\/wp-json\/wp\/v2\/types\/post"}],"author":[{"embeddable":true,"href":"https:\/\/mersingazetesi.com\/index.php\/wp-json\/wp\/v2\/users\/11"}],"replies":[{"embeddable":true,"href":"https:\/\/mersingazetesi.com\/index.php\/wp-json\/wp\/v2\/comments?post=121861"}],"version-history":[{"count":1,"href":"https:\/\/mersingazetesi.com\/index.php\/wp-json\/wp\/v2\/posts\/121861\/revisions"}],"predecessor-version":[{"id":121862,"href":"https:\/\/mersingazetesi.com\/index.php\/wp-json\/wp\/v2\/posts\/121861\/revisions\/121862"}],"wp:featuredmedia":[{"embeddable":true,"href":"https:\/\/mersingazetesi.com\/index.php\/wp-json\/wp\/v2\/media\/119985"}],"wp:attachment":[{"href":"https:\/\/mersingazetesi.com\/index.php\/wp-json\/wp\/v2\/media?parent=121861"}],"wp:term":[{"taxonomy":"category","embeddable":true,"href":"https:\/\/mersingazetesi.com\/index.php\/wp-json\/wp\/v2\/categories?post=121861"},{"taxonomy":"post_tag","embeddable":true,"href":"https:\/\/mersingazetesi.com\/index.php\/wp-json\/wp\/v2\/tags?post=121861"}],"curies":[{"name":"wp","href":"https:\/\/api.w.org\/{rel}","templated":true}]}}