{"id":121819,"date":"2026-01-08T15:46:04","date_gmt":"2026-01-08T12:46:04","guid":{"rendered":"https:\/\/mersingazetesi.com\/?p=121819"},"modified":"2026-01-08T15:51:55","modified_gmt":"2026-01-08T12:51:55","slug":"14-projenin-12si-kil-cakil-kum-cikarma-amacli-mersinde-acele-kamulastirma","status":"publish","type":"post","link":"https:\/\/mersingazetesi.com\/index.php\/2026\/01\/08\/14-projenin-12si-kil-cakil-kum-cikarma-amacli-mersinde-acele-kamulastirma\/","title":{"rendered":"\u201814 PROJEN\u0130N 12\u2019S\u0130 K\u0130L, \u00c7AKIL, KUM \u00c7IKARMA AMA\u00c7LI!\u2019 MERS\u0130N\u2019DE ACELE KAMULA\u015eTIRMA!"},"content":{"rendered":"<p>Cumhurba\u015fkanl\u0131\u011f\u0131 taraf\u0131ndan al\u0131nan bir\u00e7ok \u015fehirdeki ta\u015f\u0131nmazlara ili\u015fkin acele kamula\u015ft\u0131rma kararlar\u0131 Resm\u00ee Gazete\u2019de yay\u0131mland\u0131.<br \/>\nMezitli Devlet Hastanesi Ba\u011flant\u0131 Yolu Projesi kapsam\u0131nda g\u00fczerg\u00e2ha rastlayan kesimde \u2018Araziye Girilerek Yol Yap\u0131m \u00c7al\u0131\u015fmalar\u0131\u2019n\u0131n tamamlanmas\u0131 amac\u0131yla ihtiya\u00e7 duyulan ta\u015f\u0131nmazlar ile \u00fczerlerindeki m\u00fc\u015ftemilat\u0131n Karayollar\u0131 Genel M\u00fcd\u00fcrl\u00fc\u011f\u00fc taraf\u0131ndan \u2018Acele Kamula\u015ft\u0131r\u0131lmas\u0131 Karar\u0131\u2019 Resmi Gazete&#8217;de yay\u0131mland\u0131.<br \/>\nYine di\u011fer yandan Mersin-Adana Devlet Yolu Projesi (D-400) kapsam\u0131nda g\u00fczerg\u00e2ha rastlayan kesimde \u2018Araziye Girilerek Yol Yap\u0131m \u00c7al\u0131\u015fmalar\u0131\u2019n\u0131n tamamlanmas\u0131 amac\u0131yla ihtiya\u00e7 duyulan ta\u015f\u0131nmazlar ile \u00fczerlerindeki m\u00fc\u015ftemilat\u0131n Karayollar\u0131 Genel M\u00fcd\u00fcrl\u00fc\u011f\u00fc taraf\u0131ndan \u2018Acele Kamula\u015ft\u0131r\u0131lmas\u0131 Karar\u0131\u2019 da Resmi Gazete&#8217;de yay\u0131mland\u0131.<\/p>\n<p>Resm\u00ee Gazete\u2019de yay\u0131mlanan kararlarla aralar\u0131nda Mersin\u2019in de oldu\u011fu 7 ilde yol projeleri, turizm yat\u0131r\u0131mlar\u0131, OSB altyap\u0131s\u0131 ve sa\u011fl\u0131k projeleri kapsam\u0131nda \u00e7ok say\u0131da ta\u015f\u0131nmaz\u0131n acele kamula\u015ft\u0131r\u0131lmas\u0131na karar verildi.<\/p>\n<p>\u201cTAR\u0130H B\u00d6YLE H\u00dcK\u00dcM VERECEK!\u201d<\/p>\n<p>Ara\u015ft\u0131rmac\u0131-Yazar Abdullah Ayan al\u0131nan kararlar haricinde dikkat \u00e7eken de\u011ferlendirmede bulundu. Ayan tarihin bu d\u00f6nemi veriler \u0131\u015f\u0131\u011f\u0131nda b\u00f6yle de\u011ferlendirip h\u00fck\u00fcm verece\u011fini vurgulayarak, \u201cMersin il geneli 31 Aral\u0131k 2025-7 Ocak 2026 aras\u0131 bir hafta i\u00e7inde \u00c7ED s\u00fcreci ba\u015flat\u0131lan 14 projenin 12&#8217;si kil, \u00e7ak\u0131l, kum vb. \u00e7\u0131karma ama\u00e7l\u0131.\u201d dedi. (Haber Merkezi)<\/p>\n","protected":false},"excerpt":{"rendered":"<p>Mersin\u2019in de oldu\u011fu 7 ilde yol projeleri, turizm yat\u0131r\u0131mlar\u0131, OSB altyap\u0131s\u0131 ve sa\u011fl\u0131k projeleri kapsam\u0131nda \u00e7ok say\u0131da ta\u015f\u0131nmaz\u0131n acele kamula\u015ft\u0131r\u0131lmas\u0131na karar verildi!<\/p>\n","protected":false},"author":2,"featured_media":121821,"comment_status":"open","ping_status":"open","sticky":false,"template":"","format":"standard","meta":{"footnotes":""},"categories":[8,9],"tags":[],"class_list":["post-121819","post","type-post","status-publish","format-standard","has-post-thumbnail","hentry","category-mersin","category-siyaset"],"views":3003,"_links":{"self":[{"href":"https:\/\/mersingazetesi.com\/index.php\/wp-json\/wp\/v2\/posts\/121819","targetHints":{"allow":["GET"]}}],"collection":[{"href":"https:\/\/mersingazetesi.com\/index.php\/wp-json\/wp\/v2\/posts"}],"about":[{"href":"https:\/\/mersingazetesi.com\/index.php\/wp-json\/wp\/v2\/types\/post"}],"author":[{"embeddable":true,"href":"https:\/\/mersingazetesi.com\/index.php\/wp-json\/wp\/v2\/users\/2"}],"replies":[{"embeddable":true,"href":"https:\/\/mersingazetesi.com\/index.php\/wp-json\/wp\/v2\/comments?post=121819"}],"version-history":[{"count":2,"href":"https:\/\/mersingazetesi.com\/index.php\/wp-json\/wp\/v2\/posts\/121819\/revisions"}],"predecessor-version":[{"id":121823,"href":"https:\/\/mersingazetesi.com\/index.php\/wp-json\/wp\/v2\/posts\/121819\/revisions\/121823"}],"wp:featuredmedia":[{"embeddable":true,"href":"https:\/\/mersingazetesi.com\/index.php\/wp-json\/wp\/v2\/media\/121821"}],"wp:attachment":[{"href":"https:\/\/mersingazetesi.com\/index.php\/wp-json\/wp\/v2\/media?parent=121819"}],"wp:term":[{"taxonomy":"category","embeddable":true,"href":"https:\/\/mersingazetesi.com\/index.php\/wp-json\/wp\/v2\/categories?post=121819"},{"taxonomy":"post_tag","embeddable":true,"href":"https:\/\/mersingazetesi.com\/index.php\/wp-json\/wp\/v2\/tags?post=121819"}],"curies":[{"name":"wp","href":"https:\/\/api.w.org\/{rel}","templated":true}]}}