{"id":121420,"date":"2026-01-04T15:53:48","date_gmt":"2026-01-04T12:53:48","guid":{"rendered":"https:\/\/mersingazetesi.com\/?p=121420"},"modified":"2026-01-04T15:53:48","modified_gmt":"2026-01-04T12:53:48","slug":"2025-yilinda-akpnin-istikrar-tablosu-vatandasin-artan-borcu","status":"publish","type":"post","link":"https:\/\/mersingazetesi.com\/index.php\/2026\/01\/04\/2025-yilinda-akpnin-istikrar-tablosu-vatandasin-artan-borcu\/","title":{"rendered":"2025 YILINDA AKP&#8217;N\u0130N \u0130ST\u0130KRAR TABLOSU: VATANDA\u015eIN ARTAN BORCU"},"content":{"rendered":"<p class=\"v1x_s6\"><span class=\"v1x_s4\">CHP Mersin Milletvekili G\u00fclcan K\u0131\u015f<\/span><span class=\"v1x_s5\">, Hazine ve Maliye Bakan\u0131\u00a0<\/span><a><span class=\"v1x_s4\">Mehmet \u015eim\u015fek<\/span><\/a><span class=\"v1x_s5\">&#8216;in &#8220;ekonomi do\u011fru yolda&#8221; ve &#8220;istikrara kavu\u015fuyor&#8221; y\u00f6n\u00fcndeki a\u00e7\u0131klamalar\u0131n\u0131, 2025 y\u0131l\u0131 bor\u00e7, faiz ve icra verileriyle de\u011ferlendirdi. K\u0131\u015f, &#8220;S\u00f6ylenenle ya\u015fanan aras\u0131nda derin bir u\u00e7urum var. Rakamlar, ekonominin de\u011fil; borcun ve faiz y\u00fck\u00fcn\u00fcn b\u00fcy\u00fcd\u00fc\u011f\u00fcn\u00fc g\u00f6steriyor&#8221; dedi.<\/span><\/p>\n<p class=\"v1x_s6\">\n<p class=\"v1x_s7\"><span class=\"v1x_s4\">&#8220;&#8216;T\u00fcrkiye ekonomisi do\u011fru yolda&#8217; deniyor ama bor\u00e7 y\u00fczde 49 art\u0131yor&#8221;<\/span><\/p>\n<p class=\"v1x_s6\"><span class=\"v1x_s5\">Hazine ve Maliye Bakan\u0131 Mehmet \u015eim\u015fek&#8217;in\u00a0<\/span><span class=\"v1x_s8\">&#8220;T\u00fcrkiye ekonomisi do\u011fru yolda, uygulad\u0131\u011f\u0131m\u0131z politikalar sonu\u00e7 vermeye ba\u015flad\u0131&#8221;<\/span><span class=\"v1x_s5\">\u00a0s\u00f6zlerini hat\u0131rlatan G\u00fclcan K\u0131\u015f, \u015fu soruyu y\u00f6neltti:<\/span><\/p>\n<p class=\"v1x_s6\"><span class=\"v1x_s5\">&#8220;E\u011fer ekonomi ger\u00e7ekten do\u011fru yoldaysa, vatanda\u015f\u0131n borcu 2025 y\u0131l\u0131nda neden y\u00fczde 49 artt\u0131?&#8221;<\/span><\/p>\n<p class=\"v1x_s6\"><span class=\"v1x_s5\">CHP\u00a0<\/span><span class=\"v1x_s5\">ekonomi<\/span><span class=\"v1x_s5\">\u00a0verilerine g\u00f6re, vatanda\u015flar\u0131n bireysel kredi ve kredi kart\u0131 bor\u00e7lar\u0131 2025 y\u0131l\u0131nda\u00a0<\/span><span class=\"v1x_s4\">1 trilyon 921 milyar lira artarak yakla\u015f\u0131k 6 trilyon liraya<\/span><span class=\"v1x_s5\">\u00a0ula\u015ft\u0131. Bu art\u0131\u015f, ayn\u0131 d\u00f6nemde a\u00e7\u0131klanan\u00a0<\/span><span class=\"v1x_s4\">y\u00fczde 31 civar\u0131ndaki enflasyonun \u00e7ok \u00fczerinde<\/span><span class=\"v1x_s5\">\u00a0ger\u00e7ekle\u015fti.<\/span><\/p>\n<p class=\"v1x_s6\"><span class=\"v1x_s5\">K\u0131\u015f, bu tabloya i\u015faret ederek, &#8220;Bu art\u0131\u015f refah\u0131n de\u011fil, ge\u00e7inememenin sonucudur&#8221; dedi.<\/span><\/p>\n<p class=\"v1x_s6\">\n<p class=\"v1x_s7\"><span class=\"v1x_s4\">&#8220;&#8216;Ekonomi istikrara kavu\u015fuyor&#8217; ama faiz y\u00fck\u00fc 1,2 trilyonu a\u015ft\u0131&#8221;<\/span><\/p>\n<p class=\"v1x_s6\"><span class=\"v1x_s5\">\u015eim\u015fek&#8217;in\u00a0<\/span><span class=\"v1x_s8\">&#8220;T\u00fcrkiye ekonomisi istikrara kavu\u015fuyor&#8221;<\/span><span class=\"v1x_s5\">\u00a0a\u00e7\u0131klamas\u0131n\u0131 da de\u011ferlendiren CHP&#8217;li K\u0131\u015f, istikrar s\u00f6ylemiyle faiz rakamlar\u0131n\u0131n yan yana durmad\u0131\u011f\u0131n\u0131 vurgulad\u0131.<\/span><\/p>\n<p class=\"v1x_s6\"><span class=\"v1x_s5\">2025\u00a0<\/span><span class=\"v1x_s5\">y\u0131l<\/span><span class=\"v1x_s5\">\u0131n\u0131n ilk 11 ay\u0131nda vatanda\u015flar\u0131n bankalara:<\/span><span class=\"v1x_s5\">\u00a0<\/span><span class=\"v1x_s4\">649,6 milyar lira bireysel kredi faizi<\/span><span class=\"v1x_s5\">,<\/span><span class=\"v1x_s5\">\u00a0<\/span><span class=\"v1x_s4\">453,4 milyar\u00a0<\/span><span class=\"v1x_s4\">lira<\/span><span class=\"v1x_s4\">\u00a0kredi kart\u0131 faizi<\/span><span class=\"v1x_s5\">\u00a0<\/span><span class=\"v1x_s5\">olmak \u00fczere\u00a0<\/span><span class=\"v1x_s4\">toplam 1 trilyon 103 milyar lira faiz \u00f6dedi\u011fini<\/span><span class=\"v1x_s5\">\u00a0hat\u0131rlatan K\u0131\u015f, y\u0131l\u0131n tamam\u0131nda bu tutar\u0131n\u00a0<\/span><span class=\"v1x_s4\">1 trilyon 200 milyar liray\u0131 a\u015ft\u0131\u011f\u0131n\u0131n tahmin edildi\u011fini<\/span><span class=\"v1x_s5\">\u00a0s\u00f6yledi.<\/span><\/p>\n<p class=\"v1x_s6\"><span class=\"v1x_s5\">&#8220;E\u011fer bu ekonomi istikrara kavu\u015fmu\u015fsa, neden vatanda\u015f kazand\u0131\u011f\u0131n\u0131 borcun faizine veriyor? Bu istikrar de\u011fil, bor\u00e7 sarmal\u0131d\u0131r.&#8221;<\/span><\/p>\n<p class=\"v1x_s6\">\n<p class=\"v1x_s7\"><span class=\"v1x_s4\">&#8220;Maa\u015flar yerinde say\u0131yor, kredi kart\u0131 ikinci maa\u015fa d\u00f6n\u00fc\u015ft\u00fc&#8221;<\/span><\/p>\n<p class=\"v1x_s6\"><span class=\"v1x_s5\">Bor\u00e7 art\u0131\u015f\u0131n\u0131n temel nedeninin\u00a0<\/span><span class=\"v1x_s4\">gelirlerin bask\u0131lanmas\u0131<\/span><span class=\"v1x_s5\">\u00a0oldu\u011funu vurgulayan G\u00fclcan K\u0131\u015f, \u015funlar\u0131 s\u00f6yledi:<\/span><\/p>\n<p class=\"v1x_s6\"><span class=\"v1x_s5\">&#8220;Asgari \u00fccretlinin, emeklinin maa\u015f\u0131 ay bitmeden t\u00fckeniyor. Gelir artmay\u0131nca kredi kart\u0131 fiilen ikinci maa\u015f haline geliyor. \u0130nsanlar market al\u0131\u015fveri\u015fini, faturay\u0131, ilac\u0131 kartla \u00f6demek zorunda kal\u0131yor.&#8221;<\/span><\/p>\n<p class=\"v1x_s6\"><span class=\"v1x_s5\">2025 y\u0131l\u0131nda kredi kart\u0131 bor\u00e7lar\u0131n\u0131n\u00a0<\/span><span class=\"v1x_s4\">y\u00fczde 52,6<\/span><span class=\"v1x_s5\">, bireysel kredilerin ise\u00a0<\/span><span class=\"v1x_s4\">y\u00fczde 45,4<\/span><span class=\"v1x_s5\">\u00a0oran\u0131nda artt\u0131\u011f\u0131n\u0131 belirten K\u0131\u015f, bu art\u0131\u015f\u0131n borcun kal\u0131c\u0131la\u015ft\u0131\u011f\u0131n\u0131 g\u00f6sterdi\u011fini ifade etti.<\/span><\/p>\n<p class=\"v1x_s6\">\n<p class=\"v1x_s7\"><span class=\"v1x_s4\">&#8220;\u0130stikrar anlat\u0131l\u0131yor, icra dosyalar\u0131 patl\u0131yor&#8221;<\/span><\/p>\n<p class=\"v1x_s6\"><span class=\"v1x_s5\">Ekonomideki s\u0131k\u0131\u015fman\u0131n adliye koridorlar\u0131na yans\u0131d\u0131\u011f\u0131n\u0131 belirten CHP&#8217;li K\u0131\u015f,\u00a0<\/span><span class=\"v1x_s4\">2025 y\u0131l\u0131nda icra dairelerine 10 milyon 710 bin yeni dosya geldi\u011fini<\/span><span class=\"v1x_s5\">, derdest dosya say\u0131s\u0131n\u0131n ise\u00a0<\/span><span class=\"v1x_s4\">24 milyona yakla\u015ft\u0131\u011f\u0131n\u0131<\/span><span class=\"v1x_s5\">\u00a0hat\u0131rlatt\u0131.<\/span><span class=\"v1x_s5\">\u00a0<\/span><span class=\"v1x_s5\">&#8220;\u0130cra dosyalar\u0131 art\u0131yorsa, orada istikrar de\u011fil, ge\u00e7im krizi vard\u0131r.&#8221;<\/span><\/p>\n<p class=\"v1x_s6\">\n<p class=\"v1x_s7\"><span class=\"v1x_s4\">Mersin&#8217;den ger\u00e7ek tablo: &#8220;Esnaf bor\u00e7la d\u00f6n\u00fcyor, \u00e7ift\u00e7i faizle \u00fcretiyor&#8221;<\/span><\/p>\n<p class=\"v1x_s6\"><span class=\"v1x_s5\">Mersin \u00f6zelinde\u00a0<\/span><span class=\"v1x_s5\">tabloyun<\/span><span class=\"v1x_s5\">\u00a0daha da a\u011f\u0131r oldu\u011funu vurgulayan G\u00fclcan K\u0131\u015f, k\u00fc\u00e7\u00fck esnaf\u0131n kredi kart\u0131 ve ticari kredilerle ayakta durmaya \u00e7al\u0131\u015ft\u0131\u011f\u0131n\u0131,\u00a0<\/span><span class=\"v1x_s4\">KOB\u0130 bor\u00e7lar\u0131n\u0131n 6 trilyon liray\u0131 a\u015ft\u0131\u011f\u0131n\u0131<\/span><span class=\"v1x_s5\">\u00a0s\u00f6yledi.<\/span><\/p>\n<p class=\"v1x_s6\"><span class=\"v1x_s5\">Tar\u0131m kenti Mersin&#8217;de \u00e7ift\u00e7inin bankalara olan borcunun\u00a0<\/span><span class=\"v1x_s4\">1 trilyon 179 milyar liraya<\/span><span class=\"v1x_s5\">\u00a0y\u00fckseldi\u011fini belirten K\u0131\u015f, tar\u0131m sekt\u00f6r\u00fcnde bat\u0131k bor\u00e7lardaki art\u0131\u015f\u0131n\u00a0<\/span><span class=\"v1x_s4\">y\u00fczde 236&#8217;ya ula\u015ft\u0131\u011f\u0131n\u0131<\/span><span class=\"v1x_s5\">\u00a0hat\u0131rlatt\u0131.<\/span><\/p>\n<p class=\"v1x_s6\"><span class=\"v1x_s5\">&#8220;\u00c7ift\u00e7i tarlaya umut de\u011fil, bor\u00e7 ekiyor. Hasat zaman\u0131 kazan\u00e7 de\u011fil, faiz hesab\u0131 yap\u0131l\u0131yor.&#8221;<\/span><\/p>\n<p class=\"v1x_s7\">\n<p class=\"v1x_s7\"><span class=\"v1x_s4\">&#8220;S\u00f6ylemle ger\u00e7ekler aras\u0131ndaki fark b\u00fcy\u00fcyor&#8221;<\/span><\/p>\n<p class=\"v1x_s6\"><span class=\"v1x_s5\">A\u00e7\u0131klamas\u0131n\u0131n sonunda \u015eim\u015fek&#8217;in s\u00f6zleriyle vatanda\u015f\u0131n ya\u015fad\u0131klar\u0131 aras\u0131ndaki fark\u0131n alt\u0131n\u0131 \u00e7izen CHP Mersin Milletvekili G\u00fclcan K\u0131\u015f, \u015fu de\u011ferlendirmeyle bitirdi:<\/span><\/p>\n<p class=\"v1x_s6\"><span class=\"v1x_s5\">&#8220;Bir yanda &#8216;ekonomi do\u011fru yolda&#8217;, &#8216;istikrar sa\u011fland\u0131&#8217; s\u00f6ylemi var.<\/span><span class=\"v1x_s5\">\u00a0<\/span><span class=\"v1x_s5\">Di\u011fer yanda y\u00fczde 49 artan bor\u00e7, 1 trilyonu a\u015fan faiz, milyonlarca icra dosyas\u0131 var.<\/span><span class=\"v1x_s5\">\u00a0<\/span><span class=\"v1x_s5\">Rakamlar yalan s\u00f6ylemez. Bu tablo, AKP&#8217;nin ekonomi politikalar\u0131n\u0131n vatanda\u015f\u0131 bor\u00e7 ve faiz alt\u0131nda b\u0131rakt\u0131\u011f\u0131n\u0131 g\u00f6steriyor.&#8221;<\/span><\/p>\n","protected":false},"excerpt":{"rendered":"<p>CHP Mersin Milletvekili G\u00fclcan K\u0131\u015f, Hazine ve Maliye Bakan\u0131\u00a0Mehmet \u015eim\u015fek&#8216;in &#8220;ekonomi do\u011fru yolda&#8221; ve &#8220;istikrara kavu\u015fuyor&#8221; y\u00f6n\u00fcndeki a\u00e7\u0131klamalar\u0131n\u0131, 2025 y\u0131l\u0131 bor\u00e7, faiz ve icra verileriyle de\u011ferlendirdi. K\u0131\u015f, &#8220;S\u00f6ylenenle ya\u015fanan aras\u0131nda derin bir u\u00e7urum var. Rakamlar, ekonominin de\u011fil; borcun ve faiz y\u00fck\u00fcn\u00fcn b\u00fcy\u00fcd\u00fc\u011f\u00fcn\u00fc g\u00f6steriyor&#8221; dedi. &#8220;&#8216;T\u00fcrkiye ekonomisi do\u011fru yolda&#8217; deniyor ama bor\u00e7 y\u00fczde 49 art\u0131yor&#8221; Hazine [&hellip;]<\/p>\n","protected":false},"author":2,"featured_media":121421,"comment_status":"open","ping_status":"open","sticky":false,"template":"","format":"standard","meta":{"footnotes":""},"categories":[4,9],"tags":[],"class_list":["post-121420","post","type-post","status-publish","format-standard","has-post-thumbnail","hentry","category-ekonomi","category-siyaset"],"views":4373,"_links":{"self":[{"href":"https:\/\/mersingazetesi.com\/index.php\/wp-json\/wp\/v2\/posts\/121420","targetHints":{"allow":["GET"]}}],"collection":[{"href":"https:\/\/mersingazetesi.com\/index.php\/wp-json\/wp\/v2\/posts"}],"about":[{"href":"https:\/\/mersingazetesi.com\/index.php\/wp-json\/wp\/v2\/types\/post"}],"author":[{"embeddable":true,"href":"https:\/\/mersingazetesi.com\/index.php\/wp-json\/wp\/v2\/users\/2"}],"replies":[{"embeddable":true,"href":"https:\/\/mersingazetesi.com\/index.php\/wp-json\/wp\/v2\/comments?post=121420"}],"version-history":[{"count":1,"href":"https:\/\/mersingazetesi.com\/index.php\/wp-json\/wp\/v2\/posts\/121420\/revisions"}],"predecessor-version":[{"id":121422,"href":"https:\/\/mersingazetesi.com\/index.php\/wp-json\/wp\/v2\/posts\/121420\/revisions\/121422"}],"wp:featuredmedia":[{"embeddable":true,"href":"https:\/\/mersingazetesi.com\/index.php\/wp-json\/wp\/v2\/media\/121421"}],"wp:attachment":[{"href":"https:\/\/mersingazetesi.com\/index.php\/wp-json\/wp\/v2\/media?parent=121420"}],"wp:term":[{"taxonomy":"category","embeddable":true,"href":"https:\/\/mersingazetesi.com\/index.php\/wp-json\/wp\/v2\/categories?post=121420"},{"taxonomy":"post_tag","embeddable":true,"href":"https:\/\/mersingazetesi.com\/index.php\/wp-json\/wp\/v2\/tags?post=121420"}],"curies":[{"name":"wp","href":"https:\/\/api.w.org\/{rel}","templated":true}]}}