{"id":121263,"date":"2026-01-02T13:45:15","date_gmt":"2026-01-02T10:45:15","guid":{"rendered":"https:\/\/mersingazetesi.com\/?p=121263"},"modified":"2026-01-02T13:45:26","modified_gmt":"2026-01-02T10:45:26","slug":"chp-tabanindan-acik-cagri-kararliligin-neleri-basarabilecegini-gorduk","status":"publish","type":"post","link":"https:\/\/mersingazetesi.com\/index.php\/2026\/01\/02\/chp-tabanindan-acik-cagri-kararliligin-neleri-basarabilecegini-gorduk\/","title":{"rendered":"CHP TABANINDAN A\u00c7IK \u00c7A\u011eRI:  &#8216;KARARLILI\u011eIN NELER\u0130 BA\u015eARAB\u0130LECE\u011e\u0130N\u0130 G\u00d6RD\u00dcK&#8217;"},"content":{"rendered":"<div>\n<div>\n<div class=\"im\">\n<div>\n<div dir=\"auto\">\n<div dir=\"auto\">CHP&#8217;li vatanda\u015f 4 Ocak Pazar g\u00fcn\u00fc\u00a0 Diyarbak\u0131r\u2019da yap\u0131lmas\u0131 planlanan \u201c\u00d6calan\u2019a \u00d6zg\u00fcrl\u00fck\u201d mitinginin\u00a0 iptal edilmesinin, bireysel duyarl\u0131l\u0131klar\u0131n ve\u00a0 hukuki kararl\u0131l\u0131\u011f\u0131n neleri ba\u015farabilece\u011fini bir kez daha g\u00f6sterdi\u011fini ifade etti.<\/div>\n<div dir=\"auto\"><\/div>\n<div dir=\"auto\">&#8220;KAOS \u015e\u0130MD\u0130L\u0130K ENGELLEND\u0130&#8221;<\/div>\n<div dir=\"auto\"><\/div>\n<div dir=\"auto\">Avukatlar \u0130smail \u00c7evik, \u0130smail Sami \u00c7akmak, Sel\u00e7uk Ulusoy, \u00d6mer Faruk Emina\u011fao\u011flu, \u00d6\u011fretmen Seyfeddin \u00c7elik ve E\u011fitimci-Yazar Suay Karaman\u2019\u0131n, Cumhurba\u015fkanl\u0131\u011f\u0131, \u0130\u00e7i\u015fleri Bakanl\u0131\u011f\u0131 ve Diyarbak\u0131r Valili\u011fi nezdinde yapt\u0131klar\u0131 ba\u015fvurular\u0131n sonu\u00e7 verdi\u011fini s\u00f6yleyen CHP&#8217;li vatanda\u015f, &#8220;Kamu d\u00fczenini, toplumsal bar\u0131\u015f\u0131 ve Cumhuriyet\u2019in temel de\u011ferlerini tehdit eden bir giri\u015fim engellenmi\u015ftir. &#8220;G\u00f6r\u00fclen l\u00fczum \u00fczerine&#8221;,\u00a0 &#8216;hava muhalefeti&#8217; nedeniyle kaos \u015fimdilik\u00a0 engellenmi\u015ftir.\u00a0 Hava muhalefetinin,<\/div>\n<div dir=\"auto\">kurtulu\u015f kurulu\u015f de\u011ferlerimiz\u00a0 oldu\u011fu b\u00f6ylece anla\u015f\u0131lm\u0131\u015ft\u0131r. Ancak ba\u015fvurular\u0131n sonucunun kal\u0131c\u0131l\u0131\u011f\u0131, \u00fcniter yap\u0131y\u0131 kamu d\u00fczenini s\u00fcrekli korumaya y\u00f6nelik olmas\u0131 i\u00e7in, inan\u00e7l\u0131 \u00f6rg\u00fctlenmeler ve\u00a0 m\u00fccadele anlay\u0131\u015f\u0131 gereklili\u011fi ger\u00e7e\u011fini de ortaya koymu\u015ftur.&#8221; \u0130fadelerini kulland\u0131lar.<\/div>\n<div dir=\"auto\"><\/div>\n<div dir=\"auto\">&#8220;CHP GENEL MERKEZ\u0130 ORTAYA S\u0130YASAL \u0130RADE KOYMALIDIR&#8221;<\/div>\n<div dir=\"auto\"><\/div>\n<div dir=\"auto\">Vatanda\u015f \u015f\u00f6yle devam etti;<\/div>\n<div dir=\"auto\">&#8220;E\u011fer CHP, e\u011fer demokratik kitle \u00f6rg\u00fctleri, e\u011fer \u00f6rg\u00fctl\u00fc muhalefet<\/div>\n<div dir=\"auto\">bu s\u00fcrece zaman\u0131nda ve kararl\u0131l\u0131kla sahip \u00e7\u0131ksayd\u0131, bug\u00fcn yaln\u0131zca bir miting de\u011fil, \u00fclkenin \u00f6n\u00fcne s\u00fcr\u00fclmek istenen \u00e7ok daha tehlikeli siyasal senaryolar da g\u00fcndeme gelemezdi, gelmeyecekti. Bu suskunluk ortam\u0131nda Ter\u00f6rs\u00fcz T\u00fcrkiye adl\u0131 ayr\u0131\u015ft\u0131r\u0131c\u0131 pazarl\u0131kl\u0131<\/div>\n<div dir=\"auto\">\u201cihanet komisyonlar\u0131\u201d kurulabilmi\u015f, Cumhuriyet\u2019in kurucu de\u011ferleri<\/div>\n<div dir=\"auto\">tart\u0131\u015fmaya a\u00e7\u0131labilmi\u015ftir. Buradan CHP Genel Merkezi\u2019ne a\u00e7\u0131k ve net bi\u00e7imde sesleniyoruz:<\/div>\n<div dir=\"auto\">Partimiz CHP, tepkileri izleyen de\u011fil; \u00f6n alan, uyaran, \u00f6rg\u00fctleyen ve toplumu harekete ge\u00e7iren bir siyasal irade koymak zorundad\u0131r. Taban\u0131n hassasiyetlerini g\u00f6rmezden gelen, \u00fclke b\u00fct\u00fcnl\u00fc\u011f\u00fc ve hukuk devleti konusunda geciken her tutum, yaln\u0131zca iktidar\u0131n de\u011fil, tarihin de kar\u015f\u0131s\u0131nda sorumluluk do\u011furur. \u00d6rg\u00fctl\u00fc toplumlar\u0131n \u00f6n\u00fcnde hi\u00e7bir g\u00fc\u00e7 duramaz. Ancak \u00f6rg\u00fctler g\u00f6revini yaparsa\u2026 Ancak Genel Merkez taban\u0131n sesini duyarsa\u2026 Ancak Cumhuriyet Halk Partisi,<\/div>\n<div dir=\"auto\">ad\u0131n\u0131n gere\u011fini yerine getirirse \u00fclkede b\u00f6lgede yarat\u0131lacak her t\u00fcrl\u00fc kaoslar \u00f6nlenebilecektir.&#8221;<\/div>\n<div dir=\"auto\"><\/div>\n<div dir=\"auto\">&#8220;YAPAY G\u00dcNDEMLER\u0130N \u00d6N\u00dcNE GE\u00c7\u0130LMEL\u0130&#8221;<\/div>\n<div dir=\"auto\"><\/div>\n<div dir=\"auto\">&#8220;O nedenle, CHP \u00f6rg\u00fctlerini, sendikalar\u0131, meslek odalar\u0131n\u0131 ve t\u00fcm demokratik kitle \u00f6rg\u00fctlerini;<\/div>\n<div dir=\"auto\">Cumhuriyet\u2019e, hukuka, ulusal birli\u011fe ve toplumsal bar\u0131\u015fa a\u00e7\u0131k tehdit olu\u015fturan her giri\u015fime kar\u015f\u0131 gecikmeden, birlikte ve kararl\u0131l\u0131kla hareket etmeye \u00e7a\u011f\u0131r\u0131yoruz. CHP&#8217;nin \u00fcst y\u00f6netimindekiler etnitise ayr\u0131\u015ft\u0131r\u0131c\u0131 politikadan derhal uzakla\u015fmal\u0131, ABD ye ba\u011fl\u0131\u00a0 ter\u00f6r \u00f6rg\u00fct\u00fcn\u00fcn ve ba\u011flant\u0131lar\u0131n\u0131n\u00a0 ger\u00e7ek y\u00fcz\u00fcn\u00fc halka anlatmal\u0131, TBMM&#8217;nin\u00a0 daha fazla BOP&#8217;a alet olmas\u0131n\u0131n ve yapay g\u00fcndem de\u011fi\u015fikliklerinin \u00f6n\u00fcne ge\u00e7meli. Kurulu\u015f felsefesine uygun olarak do\u011fuda g\u00fcneydo\u011fuda da acilen \u00f6rg\u00fctlenmelerini sa\u011flamal\u0131d\u0131r. Bu, CHP taban\u0131n\u0131n a\u00e7\u0131k iradesidir. Bu bir \u00e7a\u011fr\u0131d\u0131r.&#8221;<\/div>\n<\/div>\n<\/div>\n<\/div>\n<\/div>\n<\/div>\n","protected":false},"excerpt":{"rendered":"<p>CHP&#8217;li vatanda\u015f 4 Ocak Pazar g\u00fcn\u00fc\u00a0 Diyarbak\u0131r\u2019da yap\u0131lmas\u0131 planlanan \u201c\u00d6calan\u2019a \u00d6zg\u00fcrl\u00fck\u201d mitinginin\u00a0 iptal edilmesinin, bireysel duyarl\u0131l\u0131klar\u0131n ve\u00a0 hukuki kararl\u0131l\u0131\u011f\u0131n neleri ba\u015farabilece\u011fini bir kez daha g\u00f6sterdi\u011fini ifade etti. &#8220;KAOS \u015e\u0130MD\u0130L\u0130K ENGELLEND\u0130&#8221; Avukatlar \u0130smail \u00c7evik, \u0130smail Sami \u00c7akmak, Sel\u00e7uk Ulusoy, \u00d6mer Faruk Emina\u011fao\u011flu, \u00d6\u011fretmen Seyfeddin \u00c7elik ve E\u011fitimci-Yazar Suay Karaman\u2019\u0131n, Cumhurba\u015fkanl\u0131\u011f\u0131, \u0130\u00e7i\u015fleri Bakanl\u0131\u011f\u0131 ve Diyarbak\u0131r Valili\u011fi nezdinde [&hellip;]<\/p>\n","protected":false},"author":2,"featured_media":121264,"comment_status":"open","ping_status":"open","sticky":false,"template":"","format":"standard","meta":{"footnotes":""},"categories":[9],"tags":[],"class_list":["post-121263","post","type-post","status-publish","format-standard","has-post-thumbnail","hentry","category-siyaset"],"views":2884,"_links":{"self":[{"href":"https:\/\/mersingazetesi.com\/index.php\/wp-json\/wp\/v2\/posts\/121263","targetHints":{"allow":["GET"]}}],"collection":[{"href":"https:\/\/mersingazetesi.com\/index.php\/wp-json\/wp\/v2\/posts"}],"about":[{"href":"https:\/\/mersingazetesi.com\/index.php\/wp-json\/wp\/v2\/types\/post"}],"author":[{"embeddable":true,"href":"https:\/\/mersingazetesi.com\/index.php\/wp-json\/wp\/v2\/users\/2"}],"replies":[{"embeddable":true,"href":"https:\/\/mersingazetesi.com\/index.php\/wp-json\/wp\/v2\/comments?post=121263"}],"version-history":[{"count":3,"href":"https:\/\/mersingazetesi.com\/index.php\/wp-json\/wp\/v2\/posts\/121263\/revisions"}],"predecessor-version":[{"id":121267,"href":"https:\/\/mersingazetesi.com\/index.php\/wp-json\/wp\/v2\/posts\/121263\/revisions\/121267"}],"wp:featuredmedia":[{"embeddable":true,"href":"https:\/\/mersingazetesi.com\/index.php\/wp-json\/wp\/v2\/media\/121264"}],"wp:attachment":[{"href":"https:\/\/mersingazetesi.com\/index.php\/wp-json\/wp\/v2\/media?parent=121263"}],"wp:term":[{"taxonomy":"category","embeddable":true,"href":"https:\/\/mersingazetesi.com\/index.php\/wp-json\/wp\/v2\/categories?post=121263"},{"taxonomy":"post_tag","embeddable":true,"href":"https:\/\/mersingazetesi.com\/index.php\/wp-json\/wp\/v2\/tags?post=121263"}],"curies":[{"name":"wp","href":"https:\/\/api.w.org\/{rel}","templated":true}]}}