{"id":121235,"date":"2026-01-02T10:05:33","date_gmt":"2026-01-02T07:05:33","guid":{"rendered":"https:\/\/mersingazetesi.com\/?p=121235"},"modified":"2026-01-02T10:05:33","modified_gmt":"2026-01-02T07:05:33","slug":"3-aylar","status":"publish","type":"post","link":"https:\/\/mersingazetesi.com\/index.php\/2026\/01\/02\/3-aylar\/","title":{"rendered":"3 AYLAR\u2026"},"content":{"rendered":"<div class=\"gs\">\n<div class=\"\">\n<div id=\":qr\" class=\"ii gt\">\n<div id=\":qs\" class=\"a3s aiL\">\n<div id=\"avWBGd-150\">\n<div dir=\"ltr\">\n<div dir=\"auto\">\u0130slam aleminin sab\u0131rs\u0131zl\u0131kla bekledi\u011fi \u00fc\u00e7 aylar\u0131n i\u00e7indeyiz.<\/div>\n<div dir=\"auto\">Bu y\u0131l 3 aylar 21 Aral\u0131k 2025 Pazar g\u00fcn\u00fc ba\u015flam\u0131\u015ft\u0131.<\/div>\n<div dir=\"auto\">\u00dc\u00e7 aylardan Receb ve \u015e\u00e2ban aylar\u0131n\u0131n tamam\u0131n\u0131n oru\u00e7lu ge\u00e7irilerek Ramazan ay\u0131 ile birle\u015ftirilmesi \u201c\u00fc\u00e7 aylar orucu\u201d olarak adland\u0131r\u0131l\u0131r.<\/div>\n<div dir=\"auto\">Res\u00fbl-i Ekrem\u2019in \u015e\u00e2ban ay\u0131nda di\u011fer aylara oranla daha fazla oru\u00e7 tuttu\u011fu, bazen da tamam\u0131n\u0131 oru\u00e7lu ge\u00e7irdi\u011fi nakledilmektedir.<\/div>\n<div dir=\"auto\">Ancak Res\u00fblullah\u2019\u0131n Receb ve \u015e\u00e2ban aylar\u0131n\u0131 birle\u015ftirerek aral\u0131ks\u0131z oru\u00e7 tuttu\u011funa, b\u00f6ylece \u00fc\u00e7 aylar\u0131 oru\u00e7lu ge\u00e7irdi\u011fine dair herhangi bir bilgiye sahip de\u011filiz.<\/div>\n<div dir=\"auto\">Belirli g\u00fcnler d\u0131\u015f\u0131nda her zaman n\u00e2file oru\u00e7 tutulmas\u0131 m\u00fcmk\u00fcnd\u00fcr; ancak fazileti hakk\u0131nda hadis bulunan ya da belirli zamanlarda tutulmas\u0131 tavsiye edilen n\u00e2file oru\u00e7lar aras\u0131nda \u00fc\u00e7 aylar orucu isminde bir oru\u00e7 mevcut de\u011fildir.<\/div>\n<div dir=\"auto\">2026 y\u0131l\u0131 Ramazan ay\u0131 18 \u015eubat \u00c7a\u015faba g\u00fcn\u00fc ba\u015flayacak,10 Mart per\u015fembe g\u00fcn\u00fc sona erecektir.<\/div>\n<div dir=\"auto\">\u00dc\u00e7 aylar di\u011fer aylara g\u00f6re kutsal kabul edilmi\u015ftir.<\/div>\n<div dir=\"auto\">\u0130sl\u00e2m d\u00fcnyas\u0131nda her y\u0131l manev\u00ee bir iklimin h\u00fck\u00fcm s\u00fcrd\u00fc\u011f\u00fc ve Ramazan bayram\u0131yla sona eren \u00fc\u00e7 aylar, m\u00fcsl\u00fcmanlara din\u00ee hissiyat ve ibadet yo\u011funlu\u011fu e\u015fli\u011finde g\u00fcndelik hayatlar\u0131n\u0131 sorgulama, yenileme ve zenginle\u015ftirme f\u0131rsat\u0131 sunmaktad\u0131r.<\/div>\n<div dir=\"auto\">\u00dc\u00e7 aylar\u0131n faziletine dair Hz. Peygamber\u2019den nakledilen rivayetlerin yan\u0131 s\u0131ra din\u00ee k\u00fclt\u00fcrde m\u00fcbarek say\u0131l\u0131p kutlanan Regaib, Mi\u2018rac, Berat ve Kadir gecelerinin bu aylarda yer almas\u0131 \u00fc\u00e7 aylara ayr\u0131 bir \u00f6nem verilmesine, ibadet, dua, zikir ve hay\u0131rl\u0131 i\u015flerle daha fazla me\u015fgul olunarak din\u00ee duyarl\u0131l\u0131\u011f\u0131n daha yo\u011fun olarak ya\u015fanmas\u0131na zemin haz\u0131rlam\u0131\u015ft\u0131r.<\/div>\n<div dir=\"auto\">\u00dc\u00e7 aylar tabiri miladi takvime ait aylar i\u00e7in de\u011fil, Hicri takvime g\u00f6re s\u00f6ylenen bir tabirdir.<\/div>\n<div dir=\"auto\">Hicri takvim; Peygamberimiz (SAV)\u2019in Mekke\u2019den hicreti ile ba\u015flayan tarihtir.<\/div>\n<div dir=\"auto\">\u00dc\u00e7 aylar; Hicri takvimin Recep, \u015eaban, Ramazan aylar\u0131na verilen isimdir.<\/div>\n<div dir=\"auto\">M\u00fcsl\u00fcmanlar i\u00e7in bir\u00e7ok m\u00fcjdeyi bar\u0131nd\u0131ran \u00fc\u00e7 aylara Allah\u2019\u0131n Resul\u00fc de b\u00fcy\u00fck \u00f6nem vermi\u015fti.<\/div>\n<div dir=\"auto\">Hadis-i \u015feriflerde Efendimizin \u00fc\u00e7 aylar\u0131n ba\u015flang\u0131c\u0131nda \u015fu duay\u0131 s\u0131k\u00e7a okudu\u011fu rivayet edilmi\u015ftir; \u201cAllah\u2019\u0131m Receb ve \u015eaban\u2019\u0131 bize bereketli k\u0131l ve bizi Ramazan\u2019a erdir.\u201d<\/div>\n<div dir=\"auto\">3 aylar\u0131 i\u00e7ine alan Recep, \u015eaban ve Ramazan aylar\u0131 di\u011fer dokuz ay\u0131n s\u00fcreleri, ay\u0131n hareketlerine g\u00f6re belirlenmektedir.<\/div>\n<div dir=\"auto\">Kameri aylar\u0131n s\u00fcresi, \u015fems\u00ee aylar\u0131n s\u00fcresine nazaran de\u011fi\u015fiklik arz eder.<\/div>\n<div dir=\"auto\">Kamer\u00ee sene, \u015fems\u00ee seneden on bir g\u00fcn daha k\u0131sad\u0131r.<\/div>\n<div dir=\"auto\">Ayr\u0131ca kamer\u00ee aylar\u0131n di\u011fer bir \u00f6zelli\u011fi \u015fems\u00ee aylarda oldu\u011fu gibi senenin ayn\u0131 mevsimine de\u011fil, de\u011fi\u015fik mevsimlerine tesad\u00fcf etmesidir.<\/div>\n<div dir=\"auto\">Mesela, kamer\u00ee bir ay olan Ramazan ay\u0131, senenin mevsimlerini dola\u015f\u0131r.<\/div>\n<div dir=\"auto\">Hicr\u00ee ve kamer\u00ee aylar aras\u0131nda k\u00fc\u00e7\u00fck \u00f6nem ta\u015f\u0131yan ve \u201c\u00fc\u00e7 aylar\u201d diye adland\u0131r\u0131lan Receb, \u015eaban ve Ramazan aylar\u0131 m\u00fcbarek aylar olarak kabul edilirler.<\/div>\n<div dir=\"auto\">Bu aylar\u0131n M\u00fcsl\u00fcmanlarca \u00f6nemli \u00f6l\u00e7\u00fcde de\u011fer kazanmas\u0131n\u0131n sebepleri aras\u0131nda Hz. Peygamber (s.a.s)`in bu aylar hakk\u0131nda verdi\u011fi haberler g\u00f6sterilebilir.<\/div>\n<div dir=\"auto\">Ras\u00fbl\u00fcllah (s.a.s) bir hadis-i \u015ferifinde; \u201cRecep Allah`\u0131n ay\u0131, \u015eaban benim ay\u0131m ve Ramazan \u00fcmmetimin ay\u0131d\u0131r\u201d buyurmu\u015ftur.<\/div>\n<div dir=\"auto\">\u00dc\u00e7 aylar\u0131n de\u011ferini ifade eden di\u011fer bir \u00f6nemli \u00f6zellik ise be\u015f m\u00fcbarek kandil gecesinden d\u00f6rd\u00fcn\u00fcn bu aylar i\u00e7inde olmas\u0131d\u0131r.<\/div>\n<div dir=\"auto\">Regaib gecesi, Recep ay\u0131n\u0131n ilk cuma gecesine, Mirac gecesi, Recep ay\u0131n\u0131n yirmi yedinci gecesine, Berat gecesi, \u015eaban ay\u0131n\u0131n on be\u015finci gecesine, Kadir gecesi ise Ramazan ay\u0131n\u0131n yirmi yedinci gecesine rastlar.<\/div>\n<div dir=\"auto\">Hz. Peygamber (s.a.s) \u015eaban ay\u0131nda \u00e7ok oru\u00e7 tutard\u0131.<\/div>\n<div dir=\"auto\">Hz. Ai\u015fe, Ras\u00fbl\u00fcllah (s.a.s)`\u0131n bu aydaki orucu hakk\u0131nda \u015f\u00f6yle der: \u201c\u015eaban ay\u0131ndaki kadar \u00e7ok oru\u00e7lu oldu\u011fu bir ay g\u00f6rmedim\u201d Ramazan ay\u0131n\u0131n fazileti ise \u00e7ok daha y\u00fccedir.<\/div>\n<div dir=\"auto\">Peygamber Efendimiz (s.a.s) \u015f\u00f6yle buyurmaktad\u0131r: \u201cRamazan geldi\u011finde Cennet kap\u0131lar\u0131 a\u00e7\u0131l\u0131r, Cehennem kap\u0131lar\u0131 kapan\u0131r, \u015feytanlar da ba\u011flan\u0131r\u201d<\/div>\n<div dir=\"auto\">Receb ve \u015eaban aylar\u0131, rahmet ay\u0131 olan Ramazan\u0131 kar\u015f\u0131layan aylar olup Ramazan ay\u0131n\u0131n m\u00fcjdecisidir.<\/div>\n<div dir=\"auto\">Yukar\u0131da belirtti\u011fim \u015fekliyle; Bu \u00fc\u00e7 aydan Recep ay\u0131 hicri aylar\u0131n yedincisi ve \u00fc\u00e7 aylar\u0131n birincisidir.<\/div>\n<div dir=\"auto\">Peygamber efendimiz Recep ay\u0131 ile \u0130lgili \u015f\u00f6yle buyurmu\u015ftur: \u201cRecep, Allah-\u00fc Tealan\u0131n ay\u0131d\u0131r. Recep ay\u0131na ikram edene, sayg\u0131 g\u00f6sterene, Allah\u00fc Teala d\u00fcnyada ve ahirette ikram eder\u201d<\/div>\n<div dir=\"auto\">\u0130nan\u0131\u015f\u0131m\u0131za g\u00f6re Recep ay\u0131n\u0131n her gecesi k\u0131ymetlidir. Esasen Recep ay\u0131 Hz. \u00c2dem Peygamberden bu yana k\u0131ymetli bir ay kabul edilmekte ve her \u00fcmmet bu aya sayg\u0131 g\u00f6stermekteydi.<\/div>\n<div dir=\"auto\">\u015eaban ay\u0131 hicri aylar\u0131n sekizincisi ve \u00fc\u00e7 aylardan ikincisidir.<\/div>\n<div dir=\"auto\">\u015eaban ay\u0131 ile ilgili olarak da Peygamberimiz: \u201cHer kim \u015eaban-i \u015eerifte \u00fc\u00e7 g\u00fcn oru\u00e7 tutarsa, Hak Teala, Cennet-i \u00e2l\u00e2\u2019dan ona bir yer haz\u0131rlar\u201d buyurmaktad\u0131r.<\/div>\n<div dir=\"auto\">Ramazan ay\u0131 ise Hicri aylar\u0131n dokuzuncusu ve \u00fc\u00e7 aylar\u0131n sonuncusu ve farz olan Oru\u00e7\u2019un tutuldu\u011fu ayd\u0131r.<\/div>\n<div dir=\"auto\">Ramazan ay\u0131 Kur-an-\u0131 Kerim\u2019de de zikredilmektedir.<\/div>\n<div dir=\"auto\">Peygamberimiz: \u201cKim Ramazan-\u0131 \u015eerif ve kurban bayram\u0131 gecelerini ihya ederse; kalplerin \u00f6ld\u00fc\u011f\u00fc g\u00fcn, onun kalbi \u00f6lmez\u201d buyurmaktad\u0131r.<\/div>\n<div dir=\"auto\">Ba\u015fka bir Hadis-i \u015eerifte de; \u201c\u015eayet \u00fcmmetimden olanlar, Ramazan\u2019da bulunan hay\u0131rlar\u0131 hakk\u0131yla bilselerdi, b\u00fct\u00fcn y\u0131l\u0131n Ramazan olmas\u0131n\u0131 isterlerdi\u201d buyruluyor.<\/div>\n<div dir=\"auto\">Bu \u00fc\u00e7 ayda ibadet etmek, sadaka vermek, oru\u00e7 tutmak, Cenab-\u0131 Allah kat\u0131nda insanlar\u0131n ba\u011f\u0131\u015flanaca\u011f\u0131 \u00fcmidini ta\u015f\u0131maktad\u0131r.<\/div>\n<div dir=\"auto\">\u00c7\u00fcnk\u00fc insanl\u0131k i\u00e7in Rahmet olan Hadiseler bu aylarda meydana gelmi\u015ftir.<\/div>\n<div dir=\"auto\">Ramazan ay\u0131 \u00fc\u00e7 aylar\u0131n i\u00e7indedir ve \u00fc\u00e7 aylar Ramazan ay\u0131 ile b\u00fct\u00fcnle\u015fmi\u015ftir.<\/div>\n<div dir=\"auto\">\u0130\u00e7inde bulundu\u011fumuz \u00fc\u00e7 aylar\u0131n \u00fclkemize, milletimize ve t\u00fcm \u0130slam \u00e2lemine hay\u0131rlar getirmesi dileklerimizle\u2026<\/div>\n<div dir=\"auto\">Ho\u015f\u00e7a kal\u0131n\u0131z<\/div>\n<\/div>\n<div class=\"yj6qo\"><\/div>\n<div class=\"adL\"><\/div>\n<\/div>\n<\/div>\n<\/div>\n<div id=\"avWBGd-151\" class=\"WhmR8e\" data-hash=\"0\"><\/div>\n<\/div>\n<\/div>\n","protected":false},"excerpt":{"rendered":"<p>\u0130slam aleminin sab\u0131rs\u0131zl\u0131kla bekledi\u011fi \u00fc\u00e7 aylar\u0131n i\u00e7indeyiz. Bu y\u0131l 3 aylar 21 Aral\u0131k 2025 Pazar g\u00fcn\u00fc ba\u015flam\u0131\u015ft\u0131. \u00dc\u00e7 aylardan Receb ve \u015e\u00e2ban aylar\u0131n\u0131n tamam\u0131n\u0131n oru\u00e7lu ge\u00e7irilerek Ramazan ay\u0131 ile birle\u015ftirilmesi \u201c\u00fc\u00e7 aylar orucu\u201d olarak adland\u0131r\u0131l\u0131r. Res\u00fbl-i Ekrem\u2019in \u015e\u00e2ban ay\u0131nda di\u011fer aylara oranla daha fazla oru\u00e7 tuttu\u011fu, bazen da tamam\u0131n\u0131 oru\u00e7lu ge\u00e7irdi\u011fi nakledilmektedir. Ancak Res\u00fblullah\u2019\u0131n Receb [&hellip;]<\/p>\n","protected":false},"author":11,"featured_media":119985,"comment_status":"open","ping_status":"open","sticky":false,"template":"","format":"standard","meta":{"footnotes":""},"categories":[21],"tags":[],"class_list":["post-121235","post","type-post","status-publish","format-standard","has-post-thumbnail","hentry","category-gazi-mert"],"views":201,"_links":{"self":[{"href":"https:\/\/mersingazetesi.com\/index.php\/wp-json\/wp\/v2\/posts\/121235","targetHints":{"allow":["GET"]}}],"collection":[{"href":"https:\/\/mersingazetesi.com\/index.php\/wp-json\/wp\/v2\/posts"}],"about":[{"href":"https:\/\/mersingazetesi.com\/index.php\/wp-json\/wp\/v2\/types\/post"}],"author":[{"embeddable":true,"href":"https:\/\/mersingazetesi.com\/index.php\/wp-json\/wp\/v2\/users\/11"}],"replies":[{"embeddable":true,"href":"https:\/\/mersingazetesi.com\/index.php\/wp-json\/wp\/v2\/comments?post=121235"}],"version-history":[{"count":1,"href":"https:\/\/mersingazetesi.com\/index.php\/wp-json\/wp\/v2\/posts\/121235\/revisions"}],"predecessor-version":[{"id":121236,"href":"https:\/\/mersingazetesi.com\/index.php\/wp-json\/wp\/v2\/posts\/121235\/revisions\/121236"}],"wp:featuredmedia":[{"embeddable":true,"href":"https:\/\/mersingazetesi.com\/index.php\/wp-json\/wp\/v2\/media\/119985"}],"wp:attachment":[{"href":"https:\/\/mersingazetesi.com\/index.php\/wp-json\/wp\/v2\/media?parent=121235"}],"wp:term":[{"taxonomy":"category","embeddable":true,"href":"https:\/\/mersingazetesi.com\/index.php\/wp-json\/wp\/v2\/categories?post=121235"},{"taxonomy":"post_tag","embeddable":true,"href":"https:\/\/mersingazetesi.com\/index.php\/wp-json\/wp\/v2\/tags?post=121235"}],"curies":[{"name":"wp","href":"https:\/\/api.w.org\/{rel}","templated":true}]}}