{"id":120946,"date":"2025-12-30T13:58:00","date_gmt":"2025-12-30T10:58:00","guid":{"rendered":"https:\/\/mersingazetesi.com\/?p=120946"},"modified":"2025-12-30T13:58:00","modified_gmt":"2025-12-30T10:58:00","slug":"terorsuz-turkiye-savas-ve-baris-anlayisimiz","status":"publish","type":"post","link":"https:\/\/mersingazetesi.com\/index.php\/2025\/12\/30\/terorsuz-turkiye-savas-ve-baris-anlayisimiz\/","title":{"rendered":"TER\u00d6RS\u00dcZ T\u00dcRK\u0130YE, SAVA\u015e VE BARI\u015e ANLAYI\u015eIMIZ\u2026"},"content":{"rendered":"<div class=\"gs\">\n<div class=\"\">\n<div id=\":1d2\" class=\"ii gt\">\n<div id=\":1d1\" class=\"a3s aiL\">\n<div id=\"avWBGd-222\">\n<div dir=\"ltr\">Ter\u00f6rs\u00fcz T\u00fcrkiye ile ilgili \u00e7al\u0131\u015fmalar devam ederken Dea\u015f ter\u00f6r \u00f6rg\u00fct\u00fc Yalova\u2019da 3 kahraman polisimizi \u015fehit etmi\u015ftir.<br \/>\n\u015eehit d\u00fc\u015fen kahraman polis memurlar\u0131m\u0131z \u0130lker Pehlivan, Turgut K\u00fcl\u00fcnk ve Yasin Ko\u00e7yi\u011fit i\u00e7in Yalova Emniyet M\u00fcd\u00fcrl\u00fc\u011f\u00fcnde t\u00f6ren d\u00fczenlenmi\u015f kahraman polislerimiz dualarla ebediyete u\u011furlanm\u0131\u015ft\u0131r.<br \/>\n\u015eehitlerimize Allahtan rahmet diler, kederli ailelerine ve milletimize ba\u015f sa\u011fl\u0131\u011f\u0131 dileriz.<br \/>\nAyr\u0131ca \u00e7at\u0131\u015fmada yaralanan polis memurlar\u0131m\u0131za da Allahtan \u015fifalar dileriz.<br \/>\n\u00dclkemizde ter\u00f6r olaylar\u0131n\u0131n son bulmas\u0131 i\u00e7in yap\u0131lan \u00e7al\u0131\u015fmalar\u0131n olumlu sonu\u00e7lanmas\u0131 en b\u00fcy\u00fck temennimizdir.<br \/>\n\u0130srail\u2019in Filistin\u2019de \u00f6zellikle Gazze\u2019de soyk\u0131r\u0131m\u0131 devam ederkenT\u00fcrk askeri Mehmet\u00e7iklerimiz d\u00fcnyan\u0131n bir \u00e7ok yerinde \u00f6zellikle Irak ve Suriye\u2019de ter\u00f6r odaklar\u0131n\u0131 yok etmek ve kal\u0131c\u0131 bir bar\u0131\u015f\u0131 sa\u011flamak i\u00e7in sava\u015f\u0131yor\u2026<br \/>\nSava\u015f\u0131m\u0131z T\u00fcrkiye i\u00e7inde de ter\u00f6rs\u00fcz T\u00fcrkiye imaj\u0131 ile devam ediyor\u2026<br \/>\nTer\u00f6ristler yok edilinceye kadar sava\u015f\u0131m\u0131z devam edecek\u2026<br \/>\n\u0130\u015fin en ac\u0131kl\u0131 y\u00f6n\u00fc bu sava\u015f\u0131m\u0131z devam ederken bir tak\u0131m vatan haini ter\u00f6r yanda\u015flar\u0131n\u0131n Devlete ve H\u00fck\u00fcmet&#8217;e kar\u015f\u0131 tak\u0131nd\u0131klar\u0131 tav\u0131r\u2026<br \/>\nBu ak\u0131l yoksunu ki\u015filer hala T\u00fcrkiye\u2019den ba\u015fka gidecek bir yerimizin olmad\u0131\u011f\u0131n\u0131n fark\u0131nda de\u011filler\u2026<br \/>\nAyn\u0131 gemide seyahat ederken gemiden bir delik a\u00e7ma pe\u015findeler\u2026<br \/>\nGe\u00e7mi\u015f olaylar\u0131 \u015f\u00f6yle bir hat\u0131rlayal\u0131m:<br \/>\nGe\u00e7ti\u011fimiz y\u0131llarda \u0130\u015e\u0130D taraf\u0131ndan Musul\u2019da al\u0131konulan\/esir al\u0131nan 49 Konsolosluk \u00e7al\u0131\u015fan\u0131 101 g\u00fcn sonra ba\u015far\u0131l\u0131 bir operasyon sonunda kurtar\u0131lm\u0131\u015ft\u0131\u2026<br \/>\nBa\u015fta Cumhurba\u015fkan\u0131m\u0131z, Ba\u015fbakan\u0131m\u0131z, Genel Kurmay Ba\u015fkanl\u0131\u011f\u0131m\u0131z, H\u00fckumetimiz, Milli \u0130stihbarat Te\u015fkilat\u0131m\u0131z olmak \u00fczere operasyonda eme\u011fi ge\u00e7en isimsiz kahramanlar\u0131 tekrar tebrik ediyoruz\u2026<br \/>\nO g\u00fcnden bug\u00fcne meydana gelen olaylar\u0131 bir sinama \u015feridi gibi g\u00f6z\u00fcn\u00fcz\u00fcn \u00f6n\u00fcnden ge\u00e7iriniz\u2026<br \/>\n\u0130slam \u00dclkelerinden olan kom\u015fular\u0131m\u0131z Irak, Suriye ve M\u0131s\u0131r\u2019da i\u00e7 sava\u015flar nedeniyle kan g\u00f6vdeyi g\u00f6t\u00fcr\u00fcyor\u2026<br \/>\nT\u00fcrk askerleri bu kanl\u0131 sava\u015flar\u0131n i\u00e7inde bar\u0131\u015f\u0131 sa\u011flama pe\u015finde\u2026<br \/>\nG\u00fcn ge\u00e7miyor ki; Kundaktaki \u00e7ocuklar, anneler, babalar, ya\u015fl\u0131 dedeler, nineler karde\u015f kur\u015funlar\u0131na hedef olmas\u0131n\u2026<br \/>\nGe\u00e7ti\u011fimiz y\u0131llarda da Suriye\u2019de 2000\u2019e yak\u0131n masum insan Kimyasal Gaz kullan\u0131larak \u015fehit edilmi\u015fti\u2026<br \/>\nYine ge\u00e7ti\u011fimiz y\u0131llarda M\u0131s\u0131r\u2019da 1000\u2019lerce ki\u015fi Adeviyye Meydan\u0131nda keskin ni\u015fanc\u0131lar\u0131n nokta at\u0131\u015flar\u0131yla \u015fehit edilmi\u015fti\u2026<br \/>\nT\u0131pk\u0131 17 ya\u015f\u0131ndaki Esma gibi\u2026<br \/>\nCami\u2019lere s\u0131\u011f\u0131nan insanlar cami i\u00e7inde \u015fehit edilmi\u015flerdi\u2026<br \/>\nCamiler yak\u0131lm\u0131\u015ft\u0131\u2026<br \/>\nAfganistan\u2019da, Pakistan\u2019da, Bosna-Hersekte\u2026 \u015eehit edilen y\u00fcz binlerce masum insan\u2026<br \/>\nAkan kan hep M\u00fcsl\u00fcman kan\u0131\u2026<br \/>\nT\u0131pk\u0131 kad\u0131n ve bebek katili \u0130sraillilerin Gazzede 70 binin \u00fczerinde M\u00fcsl\u00fcman\u0131 \u015fehit ettikleri gibi\u2026<br \/>\nBirle\u015fmi\u015f Milletler, Amerika Birle\u015fik Devletleri, Rusya, \u00c7in ve bat\u0131 \u00fclkeleri olaylar\u0131 ya tahrik ediyor ya da olaylar kar\u015f\u0131s\u0131nda duyars\u0131z kal\u0131yor\u2026<br \/>\nBundan \u00f6nceki y\u0131llarda; Afganistan\u2019da, Pakistan\u2019da, Libya\u2019da, Irak\u2019ta, M\u0131s\u0131r\u2019da ve pek \u00e7ok \u0130slam \u00fclkesinde neler oldu\u011funu hepimiz biliyoruz\u2026<br \/>\nY\u0131llar y\u0131l\u0131 \u0130srail, Filistinlilere kan kusturuyor\u2026<br \/>\nAfganistan\u2019da M\u00fcsl\u00fcman kan\u0131 akmaya devam ediyor\u2026<br \/>\nYa T\u00fcrkiye\u2019mizin durumu?<br \/>\nGe\u00e7ti\u011fimiz y\u0131llarda GEZ\u0130 olaylar\u0131n\u0131 bahane ederek \u0130htilal Provas\u0131 yapanlara alet olan on binlerce insan\u0131m\u0131z acaba kom\u015fular\u0131m\u0131z\u0131n durumunu g\u00f6rerek bu ac\u0131kl\u0131 durumdan ders alm\u0131yorlar m\u0131?<br \/>\nErgenekon davalar\u0131\u2026 Balyoz davalar\u0131\u20261960 \u0130htilali\u202612 Eyl\u00fcl darbesi\u202628 \u015eubat Postmodern darbe.\u2026<br \/>\n\u0130nternet mail adresime mail g\u00f6ndererek FET\u00d6 olaylar\u0131n\u0131, \u0130\u015e\u0130D olaylar\u0131n\u0131, Suriye olaylar\u0131n\u0131, M\u0131s\u0131r olaylar\u0131n\u0131 ve \u00fclkemizde 1960 \u0130htilalini sorgulayan,12 Eyl\u00fcl darbesi \u00fczerine fikir beyan eden, 28 \u015eubatla ilgili bilgi veren okuyucular\u0131m benden \u201cSava\u015f\u201d ve \u201cBar\u0131\u015f\u201d \u00fczerine yaz\u0131 yazmam\u0131 istiyorlar\u2026<br \/>\nBana gelen mail\u2019lerin bir k\u0131sm\u0131nda \u00f6zetle deniyor ki;<br \/>\n\u201c\u0130slam \u00fclkelerinde as\u0131rlard\u0131r i\u00e7 sava\u015flar oluyor.<br \/>\nTarihte Emeviler ve Abbasilerde i\u00e7 sava\u015flar vard\u0131.<br \/>\nG\u00fcn\u00fcm\u00fczde \u015fu anda Suriye\u2019de, Irakta, M\u0131s\u0131r\u2019da da i\u00e7 sava\u015f var.<br \/>\nBizde; 1960 ihtil\u00e2lini \u201cKans\u0131z \u0130htilal\u201d diye niteleyenler Rahmetli Adnan Menderes, Hasan Polatkan ve Fatin R\u00fc\u015ft\u00fc Zorlu\u2019yu idam ettiler\u2026<br \/>\nBu T\u00fcrk Milletiyle sava\u015f de\u011fil midir?<br \/>\nBar\u0131\u015f bunun neresindedir?<br \/>\nYa 12 Eyl\u00fcl?<br \/>\nKenan Evren ve arkada\u015flar\u0131n\u0131n durunu\u2026Kenan Evrenin apoletleri s\u00f6k\u00fcld\u00fc ve ER stat\u00fcs\u00fcne getirildi\u2026<br \/>\nYa 28 \u015eubat\u2026<br \/>\n\u00c7evik Bir ve arkada\u015flar\u0131n\u0131n yarg\u0131 \u00f6n\u00fcnde hesap vermesi\u2026\u2026<br \/>\nBar\u0131\u015f ve sava\u015f hakk\u0131nda \u0130sl\u00e2miyet\u2019in g\u00f6r\u00fc\u015fleri nedir?<br \/>\nM\u00fcsl\u00fcmanl\u0131kta sava\u015flar sald\u0131r\u0131 i\u00e7in mi yoksa bar\u0131\u015f i\u00e7in mi yap\u0131lm\u0131\u015ft\u0131r?<br \/>\nSava\u015f kan d\u00f6kmek de\u011fil midir?<br \/>\n\u00d6yleyse bar\u0131\u015f bunun neresindedir?<br \/>\nM\u00fcsl\u00fcman T\u00fcrkler sava\u015fta kan d\u00f6kmemi\u015f midir?<br \/>\nBedir, Uhut, Hendek, Ni\u011fbolu, Kosova, Varna sava\u015flar\u0131nda, Malazgirt\u2019te, \u0130stikl\u00e2l Sava\u015f\u0131\u2019nda 28 \u015eubatta,12 Eyl\u00fclde, 27 May\u0131sta kan d\u00f6k\u00fclmemi\u015f midir?<br \/>\nKur\u2019an sava\u015f\u0131 te\u015fvik mi etmektedir?<br \/>\nBar\u0131\u015f hakk\u0131nda Ayet &#8211; Hadis var m\u0131d\u0131r?<br \/>\n2026 y\u0131l\u0131na girdi\u011fimiz \u015fu g\u00fcnlerde bar\u0131\u015f hakk\u0131nda \u0130sl\u00e2m\u2019\u0131n g\u00f6r\u00fc\u015f\u00fc Irakta, Libya&#8217;da, M\u0131s\u0131r&#8217;da, Suriye\u2019de ve d\u00fcnyadaki ya\u015fananlara ters d\u00fc\u015fm\u00fcyor mu?\u201d<br \/>\n\u0130\u015fte okuyucular\u0131mdan gelen son g\u00fcnlerin g\u00fcndemiyle ilgili, Sava\u015f ve Bar\u0131\u015f hakk\u0131nda \u00f6zetlemeye \u00e7al\u0131\u015ft\u0131\u011f\u0131m sorulanlar&#8230;<br \/>\n\u0130sl\u00e2m dininin insanlar\u0131 ula\u015ft\u0131rmak istedi\u011fi en \u00f6nemli hedeflerden birisi bar\u0131\u015f i\u00e7inde ya\u015famakt\u0131r.<br \/>\n\u0130sl\u00e2miyet bar\u0131\u015f dinidir.<br \/>\n\u0130sl\u00e2m kelimesinin bir anlam\u0131 da bar\u0131\u015f halinde olmakt\u0131r.<br \/>\nM\u00fcsl\u00fcmanl\u0131\u011f\u0131 benimseyen, \u0130sl\u00e2m\u2019a inanan, \u0130sl\u00e2m\u2019\u0131n emirlerini yerine getirmek i\u00e7in \u00e7aba sarf eden kimseler; Her t\u00fcrl\u00fc \u015fartlarda do\u011fru bildi\u011fine karar vermeli, \u00f6nce Allah\u2019la, sonra kendisiyle, en sonunda toplumla ve insanl\u0131kla bar\u0131\u015f halinde olmal\u0131d\u0131r.<br \/>\n&#8211;\u201cAllah\u2019a kar\u015f\u0131 bar\u0131\u015f halinde olmak\u201d demek;<br \/>\nOnun g\u00f6nderdi\u011fi emirleri tutmak, yasaklar\u0131ndan ka\u00e7\u0131nmak, Peygamberleri \u2019ne, kitaplar\u0131na inanmak, onun g\u00f6sterdi\u011fi yoldan y\u00fcr\u00fcmek demektir.<br \/>\nAllah\u2019a inanan, onun emretti\u011fi \u015fekilde ya\u015fayan, g\u00f6nl\u00fcnde Allah inanc\u0131 olan insanlarla birlik olan, Allah dostlar\u0131na destek veren, Allah\u2019a kar\u015f\u0131 bar\u0131\u015f halinde olan insand\u0131r.<br \/>\n&#8211;\u201cKendine kar\u015f\u0131 bar\u0131\u015f halinde olmak\u201d demek;<br \/>\nDengeli ve d\u00fcr\u00fcst bir hayat s\u00fcrmek demektir.<br \/>\nAllah\u2019\u0131n kendisine emanet olarak verdi\u011fi v\u00fccudunu; \u0130\u00e7ki-kumar gibi k\u00f6t\u00fc al\u0131\u015fkanl\u0131klarla y\u0131pratmamas\u0131n\u0131n gereklili\u011fini bilmektir.<br \/>\n\u00d6l\u00e7\u00fcl\u00fc ya\u015fayan, yapaca\u011f\u0131 g\u00f6revin kutsall\u0131\u011f\u0131na inanarak insanlar\u0131m\u0131zdan destek isteyen ve destekleyece\u011fi ki\u015filerde g\u00fcven- inan\u00e7, d\u00fcr\u00fcstl\u00fck arayan, do\u011fruluk prensibinin kutsall\u0131\u011f\u0131n\u0131 kendi i\u00e7 d\u00fcnyas\u0131nda ya\u015fatan insan, kendine kar\u015f\u0131 bar\u0131\u015f halinde olan insanlard\u0131r.<br \/>\n&#8211;\u201c\u0130nsanlara kar\u015f\u0131 bar\u0131\u015f halinde olmak\u201d demek;<br \/>\n\u00c7evreye k\u00f6t\u00fc \u00f6rnek olabilecek davran\u0131\u015flardan ka\u00e7\u0131nmak, herhangi bir mevki ve makama geldi\u011fi veya getirildi\u011fi zaman topluma yararl\u0131 i\u015fler yapmak, devletten ald\u0131\u011f\u0131 her kuru\u015fun hakk\u0131n\u0131 al\u0131n teriyle \u00f6demek, l\u00e2y\u0131k olmad\u0131\u011f\u0131 g\u00f6revlere talip olmamakt\u0131r.<br \/>\nBir g\u00f6reve talip olaca\u011f\u0131 zaman yapabileceklerini vaat etmek, de\u011fi\u015fik vaatlerle i\u015fba\u015f\u0131na geldi\u011fi zaman d\u00fcr\u00fcst-adil hareket etmek, insanlarla karde\u015f gibi ya\u015famaya \u00e7al\u0131\u015fmak demektir.<br \/>\nElinden, dilinden ve davran\u0131\u015flar\u0131ndan insanlar\u0131n emin oldu\u011fu kimse;<br \/>\nD\u00fcr\u00fcst, g\u00fcvenilir, namuslu insand\u0131r.<br \/>\nG\u00f6nl\u00fcnde vatan, millet, bayrak sevgisi yatan kimse;<br \/>\n\u0130nsanl\u0131\u011fa kar\u015f\u0131 bar\u0131\u015f halinde olan kimsedir.<br \/>\nAllah\u2019\u0131n emirlerine inanan ve hatta y\u00f6netime talip olan insan;<br \/>\nYalanc\u0131l\u0131k, sahtek\u00e2rl\u0131k, r\u00fc\u015fvet, yolsuzluk, karaborsa, zimmet, iltimas gibi halk\u0131m\u0131z\u0131n benimsemedi\u011fi davran\u0131\u015flardan ka\u00e7\u0131nmal\u0131d\u0131r.<br \/>\nKin ve intikam, huzursuzluk, karamsarl\u0131k ve h\u0131r\u00e7\u0131nl\u0131k gibi zaaflardan kurtulmal\u0131, herkesle bar\u0131\u015f\u0131k olmal\u0131d\u0131r.<br \/>\n\u0130\u00e7 huzura ermek ve vicdanen huzurlu olmak ancak bu suretle m\u00fcmk\u00fcn olur.<br \/>\nKom\u015fu \u00fclkelerimizden Suriye\u2019de, Irak ve M\u0131s\u0131r\u2019da ya\u015fanan olaylar tamamen \u0130slam\u2019\u0131n BARI\u015e \u00f6l\u00e7\u00fclerine ters d\u00fc\u015fen bir durum\u2026<br \/>\n\u00dclkemizde; 27 May\u0131s 1960 ihtil\u00e2li,12 Eyl\u00fcl darbesi, 28 \u015eubat darbesi ve 28 \u015eubat kararlar\u0131 BARI\u015e ad\u0131na ger\u00e7ekten d\u00fc\u015f\u00fcnd\u00fcr\u00fcc\u00fc\u2026<br \/>\nAyn\u0131 \u00fclkenin insanlar\u0131\u2026<br \/>\nBilmem ki bar\u0131\u015f bunun neresinde?<br \/>\nM\u00fcsl\u00fcmanlar\u0131n M\u00fcsl\u00fcman olmayanlarla m\u00fcnasebetlerinde bile esas olan \u201cBARI\u015e\u201dt\u0131r. \u0130sl\u00e2miyet\u2019te sava\u015f, kan d\u00f6kmek i\u00e7in de\u011fil, \u0130sl\u00e2miyet\u2019i tebli\u011f ve M\u00fcsl\u00fcmanlar\u0131n emniyetini sa\u011flamak i\u00e7in yap\u0131l\u0131r.<br \/>\n\u201c-M\u00fcsl\u00fcmanlar\u0131 ve M\u00fcsl\u00fcmanlar\u0131n topraklar\u0131n\u0131 d\u00fc\u015fman\u0131n taarruzundan korumak ve esaret alt\u0131na girmemek \u201d,<br \/>\n\u201c-\u0130nsanlar aras\u0131nda g\u00fcvenli\u011fi kurarak din ve vicdan h\u00fcrriyetini sa\u011flamak\u201d,<br \/>\n\u201c-Zay\u0131flar\u0131 ve g\u00fc\u00e7s\u00fczleri zalimlerin zulm\u00fcnden kurtarmak\u201d \u0130sl\u00e2miyet\u2019te sava\u015f\u0131n hakl\u0131 gerek\u00e7eleridir.<br \/>\nBunlar \u201cme\u015fru m\u00fcdafaa\u201d ile izah edilebilecek sebeplerdir.<br \/>\n\u201cAsr-\u0131 saadet\u201d ve bunu takip eden \u201cH\u00fclefa-i Ra\u015fid\u00een\u201d devirlerinde yap\u0131lan sava\u015flar\u0131n hepsi nefs-i m\u00fcdafaa sava\u015flar\u0131d\u0131r.<br \/>\n\u201cBedir\u201d, \u201cUnut\u201d, \u201cHendek\u201d ve di\u011ferleri hep savunma sava\u015flar\u0131d\u0131r.<br \/>\nM\u00fcsl\u00fcman milletimizin tarihteki sava\u015flar\u0131 da bu espriye uygundur.<br \/>\nNi\u011fbolu, Kosova ve Varna\u2019dan \u0130stikl\u00e2l Sava\u015f\u0131m\u0131za kadar b\u00fct\u00fcn sava\u015flar\u0131m\u0131zda \u201cme\u015fru m\u00fcdafaa\u201d hakl\u0131 sebebi vard\u0131r.<br \/>\nMalazgirt Zaferi\u2019nden sonra ma\u011fl\u00fbp ordu ve kumandan\u0131na bar\u0131\u015f eli uzat\u0131lm\u0131\u015f, \u0130stanbul\u2019un Fethi\u2019nden sonra Bizans halk\u0131na milletimizin tarihi m\u00fcsamahas\u0131 sergilenmi\u015f, 30 A\u011fustos Zaferi\u2019nden sonra istil\u00e2c\u0131 ordunun kumandan\u0131na g\u00fcler y\u00fcz g\u00f6sterilmi\u015ftir.<br \/>\nCenab-\u0131 Allah Bakara Suresi&#8217;nin 208. ayetinde inananlara sulh \u00e7a\u011fr\u0131s\u0131 yapmakta ve \u015f\u00f6yle buyurmaktad\u0131r:<br \/>\n\u201cEy iman edenler! Hep birden bar\u0131\u015fa girin.\u201d<br \/>\nAyn\u0131 sure\u2019nin 224\u2032\u00fcnc\u00fc ayetinde de bar\u0131\u015f emri te\u2019yid edilmektedir:<br \/>\n\u201c-M\u00fcsl\u00fcmanlar\u0131n aras\u0131n\u0131 d\u00fczeltmeniz, g\u00fcnahtan sak\u0131nman\u0131z ve iyi olman\u0131z i\u00e7in Allah\u2019a yapt\u0131\u011f\u0131n\u0131z yeminleri engel k\u0131lmay\u0131n. Allah her \u015feyi i\u015fitir ve bilir.\u201d<br \/>\n\u201cSulh hay\u0131rd\u0131r\u201d ayetinde ise, her i\u015fimizde \u201csulhu\u201d tercih etmemiz bildirilmektedir.<br \/>\nBu sebepte; \u201cYurtta ve cihanda sulh\u201d dinimizin de emridir.<br \/>\nYurtta ve cihanda sulh halinde olmak, g\u00fc\u00e7l\u00fc bulunmaya ba\u011fl\u0131d\u0131r.<br \/>\nSulh ve s\u00fck\u00fbn istiyorsak, devlet olarak g\u00fc\u00e7l\u00fc olmaya mecburuz.<br \/>\n\u201cG\u00fc\u00e7l\u00fc devlet\u201d olmak, d\u0131\u015far\u0131dan yap\u0131lacak sald\u0131r\u0131lar i\u00e7in cayd\u0131r\u0131c\u0131 bir sebeptir.<br \/>\n\u0130\u00e7erde ve d\u0131\u015far\u0131da bar\u0131\u015f istiyorsak, \u201cen g\u00fc\u00e7l\u00fc\u201d olmaya mecburuz.<br \/>\n\u201cG\u00fcc\u00fcn\u00fcz yetti\u011fi kadar kuvvet haz\u0131rlay\u0131n\u0131z\u201d ayeti bunu emreder.<br \/>\n\u201cD\u00fc\u015fmana d\u00fc\u015fman\u0131n sil\u00e2h\u0131 ile mukabele ediniz.\u201d Hadis-i \u015eerifi bunu tavsiye buyurur.<br \/>\nBu sebeple cephede de, cephe gerisinde de g\u00fc\u00e7l\u00fc olmal\u0131, sulh ve s\u00fck\u00fbnu sa\u011flamak \u00fczere her zaman haz\u0131rl\u0131kl\u0131 bulunmal\u0131y\u0131z.<br \/>\nEn etkili bar\u0131\u015f, kuvvetli olmakt\u0131r.<br \/>\nBar\u0131\u015f\u0131 prensip edinen Peygamberimiz, ya\u015fay\u0131\u015f\u0131nda hep sulh istemi\u015f, fakat bunu sa\u011flamak \u00fczere hep sava\u015fa haz\u0131r olmu\u015ftur.<br \/>\nBiz de Peygamberi \u00f6rnek edinen bir millet olarak bar\u0131\u015fa talip olmal\u0131, ancak bunu sa\u011flamak \u00fczere g\u00fc\u00e7l\u00fc bulunmal\u0131y\u0131z.<br \/>\nZira inand\u0131\u011f\u0131m\u0131z M\u00fcsl\u00fcmanl\u0131k, kendi i\u00e7 d\u00fcnyam\u0131zda da \u00e7evremize kar\u015f\u0131 da daima \u201cBARI\u015e\u201d halinde olmam\u0131z\u0131 emreden bir dindir.<br \/>\nBiz T\u00fcrk milleti olarak bug\u00fcnlere kolay gelmedik. Bar\u0131\u015f i\u00e7in sava\u015f\u0131rken pek \u00e7ok insan\u0131m\u0131z cephede kolunu, baca\u011f\u0131n\u0131 kaybetmi\u015f, \u015fehit d\u00fc\u015fm\u00fc\u015ft\u00fcr.<br \/>\nRus ordular\u0131n\u0131n, Ha\u00e7l\u0131 ordular\u0131n\u0131n, Yunan ordular\u0131n\u0131n yapt\u0131\u011f\u0131 zul\u00fcm nesilden nesil\u2019e anlat\u0131la gelmi\u015ftir.<br \/>\n\u00d6yleyse \u0130slam \u00fclkeleri i\u00e7inde ve \u00fclkemizdeki bu ayr\u0131l\u0131k niye?<br \/>\nKom\u015fular\u0131m\u0131z Irak\u2019ta, Suriye\u2019de, M\u0131s\u0131r\u2019da bu ihtil\u00e2ller, bu kar\u0131\u015f\u0131kl\u0131klar niye?<br \/>\nYa bizdeki kar\u0131\u015f\u0131kl\u0131klar?<br \/>\nArt\u0131k millet olarak, siyaset\u00e7i olarak, insan olarak, cemiyet olarak, aile olarak toparlanmaya, birlik-beraberlik i\u00e7inde, bar\u0131\u015f i\u00e7inde ya\u015famaya mecburuz.<br \/>\nKur\u2019\u00e2n-\u0131 Kerim\u2019de;<br \/>\n\u201cBirbirinizle ihtilafa d\u00fc\u015ferek \u00e7eki\u015fip durmay\u0131n. Aksi halde ba\u015far\u0131s\u0131zl\u0131\u011fa d\u00fc\u015fersiniz. G\u00fcc\u00fcn\u00fcz, kuvvetiniz kaybolup gider,\u201d buyrulmaktad\u0131r.<br \/>\nYine:<br \/>\n\u201c\u0130nanmayanlar bile birbirlerine yard\u0131mc\u0131d\u0131rlar\u2026 \u015eayet siz b\u00f6yle yapmazsan\u0131z yery\u00fcz\u00fcnde b\u00fcy\u00fck bir fitne ve karga\u015fa ortaya \u00e7\u0131kar\u201d buyruluyor\u2026<br \/>\nPeygamberimiz de:<br \/>\n\u201cSak\u0131n benden sonra ihtilafa d\u00fc\u015fmeyiniz\u201d buyuruyor.<br \/>\nAyet ve Hadisler bizlere bir mesaj vermektedir.<br \/>\nAkl\u0131 ba\u015f\u0131nda olan herkes bir konuda karar verirken bu mesajlar\u0131 iyi d\u00fc\u015f\u00fcnmesi laz\u0131md\u0131r. D\u00fcnya y\u00fcr\u00fcyor\u2026<br \/>\nY\u00fcr\u00fcyen ve ilerleyen d\u00fcnyada d\u00fc\u015fmanca davranmak, bar\u0131\u015f halinde ya\u015famamak bizleri \u00e7a\u011f\u0131n ve ihtiya\u00e7lar\u0131n gerisine g\u00f6t\u00fcrecektir.<br \/>\n\u0130slam \u00dclkeleri olarak, T\u00fcrk Milleti olarak, iktidar ve muhalefet partileri olarak menfaatimiz ayr\u0131l\u0131kta, kavgada de\u011fil, birle\u015fmede ve bar\u0131\u015ftad\u0131r.<br \/>\n2026 y\u0131lana girdi\u011fimiz \u015fu g\u00fcnlerde \u0130slam \u00dclkeleri olarak her \u015feyin en do\u011frusunu yapmal\u0131, verece\u011fimiz en do\u011fru kararlarla \u00fclkelerimizin gelece\u011fini, kendi gelece\u011fimizi, \u00e7ocuklar\u0131m\u0131z\u0131n ve torunlar\u0131m\u0131z\u0131n gelece\u011fini kendimiz belirlemeliyiz.<br \/>\n\u0130slam&#8217;\u0131n sava\u015f ve bar\u0131\u015f anlay\u0131\u015f\u0131na kar\u015f\u0131 Yahudi \u0130sraillilerin ABD i\u015fbirli\u011fi ile yapt\u0131\u011f\u0131 katliamlar\u0131 lanetliyor ve \u0130slam \u00fclkelerini g\u00f6reve \u00e7a\u011f\u0131r\u0131yoruz.<br \/>\nTer\u00f6rs\u00fcz T\u00fcrkiye\u2019nin ger\u00e7ekle\u015fmesi ve \u0130slam&#8217;\u0131n bar\u0131\u015f \u00e7a\u011fr\u0131s\u0131n\u0131n hayata ge\u00e7irilmesi en b\u00fcy\u00fck temennimizdir.<br \/>\nHo\u015f\u00e7a kal\u0131n\u0131z.<\/div>\n<div class=\"yj6qo\"><\/div>\n<div class=\"adL\"><\/div>\n<\/div>\n<\/div>\n<\/div>\n<div id=\"avWBGd-223\" class=\"WhmR8e\" data-hash=\"0\"><\/div>\n<\/div>\n<\/div>\n","protected":false},"excerpt":{"rendered":"<p>Ter\u00f6rs\u00fcz T\u00fcrkiye ile ilgili \u00e7al\u0131\u015fmalar devam ederken Dea\u015f ter\u00f6r \u00f6rg\u00fct\u00fc Yalova\u2019da 3 kahraman polisimizi \u015fehit etmi\u015ftir. \u015eehit d\u00fc\u015fen kahraman polis memurlar\u0131m\u0131z \u0130lker Pehlivan, Turgut K\u00fcl\u00fcnk ve Yasin Ko\u00e7yi\u011fit i\u00e7in Yalova Emniyet M\u00fcd\u00fcrl\u00fc\u011f\u00fcnde t\u00f6ren d\u00fczenlenmi\u015f kahraman polislerimiz dualarla ebediyete u\u011furlanm\u0131\u015ft\u0131r. \u015eehitlerimize Allahtan rahmet diler, kederli ailelerine ve milletimize ba\u015f sa\u011fl\u0131\u011f\u0131 dileriz. Ayr\u0131ca \u00e7at\u0131\u015fmada yaralanan polis memurlar\u0131m\u0131za [&hellip;]<\/p>\n","protected":false},"author":11,"featured_media":119985,"comment_status":"open","ping_status":"open","sticky":false,"template":"","format":"standard","meta":{"footnotes":""},"categories":[21],"tags":[],"class_list":["post-120946","post","type-post","status-publish","format-standard","has-post-thumbnail","hentry","category-gazi-mert"],"views":285,"_links":{"self":[{"href":"https:\/\/mersingazetesi.com\/index.php\/wp-json\/wp\/v2\/posts\/120946","targetHints":{"allow":["GET"]}}],"collection":[{"href":"https:\/\/mersingazetesi.com\/index.php\/wp-json\/wp\/v2\/posts"}],"about":[{"href":"https:\/\/mersingazetesi.com\/index.php\/wp-json\/wp\/v2\/types\/post"}],"author":[{"embeddable":true,"href":"https:\/\/mersingazetesi.com\/index.php\/wp-json\/wp\/v2\/users\/11"}],"replies":[{"embeddable":true,"href":"https:\/\/mersingazetesi.com\/index.php\/wp-json\/wp\/v2\/comments?post=120946"}],"version-history":[{"count":1,"href":"https:\/\/mersingazetesi.com\/index.php\/wp-json\/wp\/v2\/posts\/120946\/revisions"}],"predecessor-version":[{"id":120947,"href":"https:\/\/mersingazetesi.com\/index.php\/wp-json\/wp\/v2\/posts\/120946\/revisions\/120947"}],"wp:featuredmedia":[{"embeddable":true,"href":"https:\/\/mersingazetesi.com\/index.php\/wp-json\/wp\/v2\/media\/119985"}],"wp:attachment":[{"href":"https:\/\/mersingazetesi.com\/index.php\/wp-json\/wp\/v2\/media?parent=120946"}],"wp:term":[{"taxonomy":"category","embeddable":true,"href":"https:\/\/mersingazetesi.com\/index.php\/wp-json\/wp\/v2\/categories?post=120946"},{"taxonomy":"post_tag","embeddable":true,"href":"https:\/\/mersingazetesi.com\/index.php\/wp-json\/wp\/v2\/tags?post=120946"}],"curies":[{"name":"wp","href":"https:\/\/api.w.org\/{rel}","templated":true}]}}