{"id":120774,"date":"2025-12-29T09:34:46","date_gmt":"2025-12-29T06:34:46","guid":{"rendered":"https:\/\/mersingazetesi.com\/?p=120774"},"modified":"2025-12-29T09:34:46","modified_gmt":"2025-12-29T06:34:46","slug":"folklor-halk-oyunlar-hikayesi-danisman-son-bolum-3","status":"publish","type":"post","link":"https:\/\/mersingazetesi.com\/index.php\/2025\/12\/29\/folklor-halk-oyunlar-hikayesi-danisman-son-bolum-3\/","title":{"rendered":"FOLKL\u00d6R: HALK OYUNLAR H\u0130KAYES\u0130; DANI\u015eMAN (son b\u00f6l\u00fcm) ( 3 )"},"content":{"rendered":"<div class=\"gs\">\n<div class=\"\">\n<div id=\":n2\" class=\"ii gt\">\n<div id=\":n1\" class=\"a3s aiL\">\n<div id=\"avWBGd-23\">\n<div dir=\"ltr\">\n<div dir=\"auto\">Kilimin hammaddesi koyun y\u00fcn\u00fc ve pamuk ipli\u011fi idi.<\/div>\n<div dir=\"auto\">Y\u00f6r\u00fckler kilim dokuyacaklar\u0131 y\u00fcn\u00fc koyunlardan k\u0131rpar, s\u0131cak su ile y\u0131kar ve g\u00fcne\u015fte kuruturdu.<\/div>\n<div dir=\"auto\">Kilim dokuma tezg\u00e2h\u0131n\u0131n eni 2 metre, boyu 2,5 \u2013 3 metre aras\u0131nda de\u011fi\u015fir ve a\u011fa\u00e7tan yap\u0131l\u0131rd\u0131.<\/div>\n<div dir=\"auto\">Y\u00fcnler genelde k\u00f6k boya ile boyan\u0131rd\u0131.<\/div>\n<div dir=\"auto\">Kilimlerdeki motifler \u015fekillerini ve isimlerini do\u011fadaki canl\u0131lardan al\u0131rd\u0131.<\/div>\n<div dir=\"auto\">El sanatlar\u0131ndan T\u00fclbentte boncuk \u00f6r\u00fcc\u00fcl\u00fc\u011f\u00fc i\u00e7in firkete, t\u0131\u011f ve \u015fi\u015f kullan\u0131l\u0131rd\u0131.<\/div>\n<div dir=\"auto\">Boncuk \u00f6rme \u00f6rnekleri; \u0130simlerini genel olarak do\u011fadan al\u0131rd\u0131.<\/div>\n<div dir=\"auto\">Bu \u00f6rneklerin baz\u0131lar\u0131 \u015funlard\u0131;<\/div>\n<div dir=\"auto\">Deli dut burcu, domates, s\u00fcp\u00fcrge, papatya, sarho\u015f baca\u011f\u0131, ak\u0131ll\u0131 dut burcu, y\u0131ld\u0131z, yemi\u015f yapra\u011f\u0131, dar\u0131 s\u00f6me\u011fi, karpuz dilimi, tesbih\u2026<\/div>\n<div dir=\"auto\">\u015eenliklerin 6\u2032nc\u0131 g\u00fcn\u00fcnde sergi ve sat\u0131\u015flara devam edilir, erkekler Karamano\u011fullar\u0131 taraf\u0131ndan yapt\u0131r\u0131lm\u0131\u015f olan Anamur merkezindeki Ak Cami\u2019ye Cuma namaz\u0131 k\u0131lmaya giderler, onlarla birlikte \u015fehir merkezine gelenler deniz feneri, Anamurium antik kenti ve Mamure kalesini gezerlerdi.<\/div>\n<div dir=\"auto\">Akcami; Karamano\u011fullar\u0131 taraf\u0131ndan yapt\u0131r\u0131lm\u0131\u015f tarihi bir cami idi.<\/div>\n<div dir=\"auto\">Minaresi Akdeniz y\u00f6resinde pek g\u00f6r\u00fclmeyen yivli minare \u015feklindeydi.<\/div>\n<div dir=\"auto\">Deniz feneri; 1911 y\u0131l\u0131nda Frans\u0131zlar taraf\u0131ndan yap\u0131lm\u0131\u015ft\u0131.<\/div>\n<div dir=\"auto\">T\u00fcrkiye\u2019nin g\u00fcney b\u00f6lgelerinin en u\u00e7 noktas\u0131nda, K\u0131br\u0131s\u2019a en yak\u0131n yerde Anamur burnunda bulunmaktayd\u0131.<\/div>\n<div dir=\"auto\">Yap\u0131l\u0131\u015f amac\u0131; deniz yolunu tercih eden yolcu ve t\u00fcccarlar\u0131n gemilerinin y\u00f6n bulmalar\u0131na yard\u0131mc\u0131 olmakt\u0131.<\/div>\n<div dir=\"auto\">Anemurium antik kenti; Milattan \u00f6nce IV. Y\u00fczy\u0131lda yap\u0131lan i\u00e7erisinde kale, su yollar\u0131, su kemerleri, tiyatro, odeon, paleestra, hamamlar, kiliseler, mezarlar bulunan T\u00fcrkiye\u2019nin \u00fc\u00e7\u00fcnc\u00fc b\u00fcy\u00fck \u00f6ren yeriydi.<\/div>\n<div dir=\"auto\">Mamure kalesi; Ge\u00e7 Roma d\u00f6neminde yap\u0131lan Bizans, Arap, Sel\u00e7uklu d\u00f6nemlerinde kullan\u0131lan, i\u00e7inde camii ve sarn\u0131\u00e7lar bulunan Osmanc\u0131k filminin \u00e7ekildi\u011fi bir kaleydi.<\/div>\n<div dir=\"auto\">\u015eenliklerin son g\u00fcn\u00fcnde veda haz\u0131rl\u0131klar\u0131, veda t\u00f6renleri yap\u0131l\u0131rd\u0131.<\/div>\n<div dir=\"auto\">Ku\u015fluk vakti veda yeme\u011fi verilir, \u00f6\u011fleye do\u011fru \u015fenliklerin e\u015fya ve malzemeleri toplan\u0131r, \u00e7ad\u0131rlar s\u00f6k\u00fcl\u00fcr, ate\u015fler s\u00f6nd\u00fcr\u00fcl\u00fcr, ate\u015flerin \u00fczeri toprak ile \u00f6rt\u00fcl\u00fcr, \u00e7evre temizli\u011fi yap\u0131l\u0131rd\u0131.<\/div>\n<div dir=\"auto\">Her t\u00fcrl\u00fc haz\u0131rl\u0131klar tamamland\u0131ktan sonra y\u00f6r\u00fckler e\u015fyalar\u0131n\u0131 develere y\u00fcklerler, Anamurlu, Bozyaz\u0131l\u0131 yerli halk ile vedala\u015f\u0131l\u0131rd\u0131.<\/div>\n<div dir=\"auto\">Bir hafta boyunca \u00e7ad\u0131rlarda yat\u0131p g\u00fcnd\u00fczleri yerli halk ile birlikte e\u011flenen y\u00f6r\u00fckler y\u00fckseklikleri 2000 metreye ula\u015fan Toros Da\u011flar\u0131n\u0131n muhtelif yerlerine giderken Anamur\u2019un 14 km kuzeybat\u0131s\u0131nda bulunan K\u00f6\u015fekb\u00fck\u00fc ma\u011faras\u0131 yak\u0131nlar\u0131ndan\u2026<\/div>\n<div dir=\"auto\">Kuzeyinde bulunan 1500 m uzakl\u0131ktaki Bu\u011fu Ma\u011faras\u0131 yak\u0131nlar\u0131ndan\u2026<\/div>\n<div dir=\"auto\">Dragon \u00c7ay\u0131 \u00fczerinde Anamur&#8217;a 16 km uzakl\u0131kta Alak\u00f6pr\u00fc\u2019den\u2026<\/div>\n<div dir=\"auto\">P\u0131narlar \u015felalesinden ve Dragon \u00e7ay\u0131n\u0131n\u00a0<a role=\"link\" href=\"https:\/\/l.facebook.com\/l.php?u=http%3A%2F%2F25.km%2F%3Ffbclid%3DIwZXh0bgNhZW0CMTAAYnJpZBExeFNmVUZrQjd5dk5yejVDUnNydGMGYXBwX2lkEDIyMjAzOTE3ODgyMDA4OTIAAR75J6L1A3Y6BxYbCZIIJTvtdCfWi4u0e6t6ce9nGE4pE09h7tGF_w0H-soUEA_aem_tsUGeqtdrSZHHrgqpTNo_g&amp;h=AT0GLuh3EhcuXRy726Mxj_TSmL0l_PrlV9ePYX8zcONZRjV58zIbJNZ5jnj4ptAmg35sJJQdgzWHDpbu0Q229BRPeF6ng-exVb3N89xTJe7OQd10nCxK78m2wut92JN2M0jq8AdrcoyudjYn&amp;__tn__=-UK-R&amp;c[0]=AT1Dw0VfJDCZEJ7BlWtZxaEhCk4mVmGcLdrJqJgazD2nqF0voDrT8W3ZBDOhSZmNxE0NGW07UhyPIvNZFiRvLl1N0qhjL02TZbWZ_6Ecy4LjjPzPf7Z9dghVJjw\" target=\"_blank\" rel=\"nofollow noopener noreferrer\" data-saferedirecturl=\"https:\/\/www.google.com\/url?q=https:\/\/l.facebook.com\/l.php?u%3Dhttp%253A%252F%252F25.km%252F%253Ffbclid%253DIwZXh0bgNhZW0CMTAAYnJpZBExeFNmVUZrQjd5dk5yejVDUnNydGMGYXBwX2lkEDIyMjAzOTE3ODgyMDA4OTIAAR75J6L1A3Y6BxYbCZIIJTvtdCfWi4u0e6t6ce9nGE4pE09h7tGF_w0H-soUEA_aem_tsUGeqtdrSZHHrgqpTNo_g%26h%3DAT0GLuh3EhcuXRy726Mxj_TSmL0l_PrlV9ePYX8zcONZRjV58zIbJNZ5jnj4ptAmg35sJJQdgzWHDpbu0Q229BRPeF6ng-exVb3N89xTJe7OQd10nCxK78m2wut92JN2M0jq8AdrcoyudjYn%26__tn__%3D-UK-R%26c%5B0%5D%3DAT1Dw0VfJDCZEJ7BlWtZxaEhCk4mVmGcLdrJqJgazD2nqF0voDrT8W3ZBDOhSZmNxE0NGW07UhyPIvNZFiRvLl1N0qhjL02TZbWZ_6Ecy4LjjPzPf7Z9dghVJjw&amp;source=gmail&amp;ust=1767074118800000&amp;usg=AOvVaw3IooBdYG4EFteRZQv3tre-\">25.km<\/a>\u2019sinde sarp kayalar aras\u0131nda bulunan 950 m uzunlu\u011fundaki kanyon yak\u0131nlar\u0131ndan ge\u00e7erek Elbalak, G\u00f6zl\u00fcg\u00f6l, K\u0131rkkuyu, Dakuzoluk, Akp\u0131nar, Abanoz, Ka\u015f Pazar\u0131 yaylalar\u0131na giderlerdi.<\/div>\n<div dir=\"auto\">Ba\u015fbakanl\u0131k ar\u015fiv belgelerinin Osmanl\u0131 \u0130mparatorlu\u011funda oymak, a\u015firet ve cemaatler b\u00f6l\u00fcm\u00fcnde belirtildi\u011fi \u015fekliyle Anamur yaylalar\u0131na giden Y\u00f6r\u00fcklerin baz\u0131lar\u0131 \u015funlard\u0131;<\/div>\n<div dir=\"auto\">Karab\u00f6c\u00fcl\u00fc, Karalar, Karal\u0131, K\u00fc\u00e7\u00fckl\u00fc, Aslangazili, Bay\u0131r, Bay\u0131rl\u0131, Beyre, Beyreli, G\u00f6lgeli, G\u00f6lgelio\u011flu, Hac\u0131lar, K\u0131z\u0131lalili, Kurutlar, K\u0131z\u0131lca, Tekeliler, Y\u0131vak\u00fc\u00e7\u00fck, Y\u0131valar, Yayc\u0131lar, konar-g\u00f6\u00e7erleri, T\u00fcrkmen y\u00f6r\u00fckan taifeleri ve g\u00f6\u00e7er-evli y\u00f6r\u00fckan taifeleri\u2026<\/div>\n<div dir=\"auto\">Dan\u0131\u015fman D\u00fczl\u00fc\u011f\u00fcndeki \u015fenliklerden d\u00f6nen y\u00f6r\u00fckler, yaylalarda bulunan y\u00f6r\u00fcklerin aras\u0131na kar\u0131\u015ft\u0131klar\u0131 zaman yap\u0131lan e\u011flenceleri, yar\u0131\u015fmalar\u0131, yemekleri, sergileri birbir anlat\u0131rlar; Bu anlat\u0131lanlar yaz boyu yaylalarda dilden dile dola\u015f\u0131rd\u0131.<\/div>\n<div dir=\"auto\">Anamur ve Bozyaz\u0131 \u2018 dan Dan\u0131\u015fman D\u00fczl\u00fc\u011f\u00fcne giden yerli halk ile Anamur&#8217;da az\u0131nl\u0131k halde ya\u015fayan Rumlar da bu \u015fenlikleri y\u0131l boyunca \u00e7evresindekilere anlat\u0131rlard\u0131.<\/div>\n<div dir=\"auto\">Dan\u0131\u015fman d\u00fczl\u00fc\u011f\u00fcnde y\u0131llar y\u0131l\u0131 devam eden e\u011flenceler en sonunda t\u00fcrk\u00fc haline gelmi\u015f hem y\u00f6r\u00fckler aras\u0131nda hem Anamur ve Bozyaz\u0131&#8217;da ya\u015fayan yerli halk aras\u0131nda hem de Anamur&#8217;da ya\u015fayan Rumlar aras\u0131nda s\u00f6ylenmeye ba\u015flanm\u0131\u015ft\u0131.<\/div>\n<div dir=\"auto\">Dan\u0131\u015fman t\u00fcrk\u00fcs\u00fc k\u0131sa zamanda civar il ve il\u00e7elerde de s\u00f6ylenir olmu\u015ftu.<\/div>\n<div dir=\"auto\">Dan\u0131\u015fman t\u00fcrk\u00fcs\u00fc zamanla davul, klarnet, kabak kemani \u00e7alg\u0131lar\u0131 e\u015fli\u011finde grup halinde s\u00f6ylenip oynanmaya ba\u015flanm\u0131\u015ft\u0131.<\/div>\n<div dir=\"auto\">D\u00fc\u011f\u00fcnlerde, \u00f6zel g\u00fcnlerde hem \u00e7al\u0131nan hem s\u00f6ylenen Dan\u0131\u015fman Anamur y\u00f6resinde halk oyunlar\u0131n\u0131n ayr\u0131lmaz bir par\u00e7as\u0131 haline gelmi\u015fti.<\/div>\n<div dir=\"auto\">Dan\u0131\u015fman\u0131n en belirgin \u00f6zelli\u011fi y\u00f6reye has k\u0131yafetleridir.<\/div>\n<div dir=\"auto\">\u015eu anda halk oyunlar\u0131 i\u00e7in haz\u0131rlanan k\u0131yafetleri Anamur ve Bozyaz\u0131 halk\u0131 g\u00fcnl\u00fck k\u0131yafet alarak giyerlerdi.<\/div>\n<div dir=\"auto\">Bug\u00fcn halk aras\u0131nda unutulmaya y\u00fcz tutmu\u015f bu k\u0131yafetlerin bir k\u0131sm\u0131 erkek k\u0131yafeti bir k\u0131sm\u0131 kad\u0131n k\u0131yafeti idi.<\/div>\n<div dir=\"auto\">Uzun kollu yelek, yar\u0131m kollu dize kadar uzanan g\u00f6ynek, topu\u011fa kadar uzanan don, aras\u0131 bol olarak dikilen \u015falvar, koyun y\u00fcn\u00fcnden yap\u0131lan ceket, diz \u00fcst\u00fc bol diz alt\u0131 dar pantolon g\u00fcnl\u00fck hayatta giyilmekte idi.<\/div>\n<div dir=\"auto\">Bunlar erkek k\u0131yafetleri idi.<\/div>\n<div dir=\"auto\">Kad\u0131nlar ise k\u0131sa kollu, diz veya topu\u011fa kadar uzanan fistan, kolu dirse\u011fe kadar uzanan g\u00f6ynek, yazman\u0131n \u00fczerine \u00fcstl\u00fck ve gelinlerin giydi\u011fi ipekli emprimeyi g\u00fcnl\u00fck hayatta devaml\u0131 giyerlerdi.<\/div>\n<div dir=\"auto\">Bu giysiler \u015fimdi Dan\u0131\u015fman ve Anamur\u2019un di\u011fer halk oyunlar\u0131nda giyilmektedir.<\/div>\n<div dir=\"auto\">DANI\u015eMAN OYUNUNUN S\u00d6ZLER\u0130 \u015e\u00d6YLED\u0130R:<\/div>\n<div dir=\"auto\">\u0130ndim gittim Dan\u0131\u015fman\u0131n d\u00fcz\u00fcne<\/div>\n<div dir=\"auto\">Lanet olsun \u00e7irkinlerin y\u00fcz\u00fcne haydi\u2026<\/div>\n<div dir=\"auto\">Haydi, haydi atamaz oldum<\/div>\n<div dir=\"auto\">Dan\u0131\u015fman\u2019\u0131n c\u00fcmb\u00fc\u015f\u00fcnden yatamaz oldum<\/div>\n<div dir=\"auto\">Ay\u015fe gelin yeni gelmi\u015f yayladan<\/div>\n<div dir=\"auto\">Ho\u015f geldine varamad\u0131m haydadan<\/div>\n<div dir=\"auto\">Haydi, haydi atamaz oldum<\/div>\n<div dir=\"auto\">Dan\u0131\u015fman\u0131n c\u00fcmb\u00fc\u015f\u00fcnden yatamaz oldum<\/div>\n<div dir=\"auto\">G\u00fcn g\u00f6r\u00fcnmez menengicin dal\u0131ndan<\/div>\n<div dir=\"auto\">Kimse bilmez ben garibin halindan haydi\u2026<\/div>\n<div dir=\"auto\">Haydi, haydi atl\u0131 da geliyor<\/div>\n<div dir=\"auto\">\u015eu k\u0131z\u0131n n\u00e2meleri de tatl\u0131 da geliyor haydi\u2026<\/div>\n<div dir=\"auto\">Evlerine varamad\u0131m k\u00f6pekten<\/div>\n<div dir=\"auto\">Al u\u00e7kuru \u00e7\u00f6zemedim g\u00f6bekten haydi\u2026<\/div>\n<div dir=\"auto\">Haydi, haydi atamaz oldum<\/div>\n<div dir=\"auto\">Dan\u0131\u015fman\u0131n c\u00fcmb\u00fc\u015f\u00fcnden yatamaz oldum.<\/div>\n<div dir=\"auto\">Son.<\/div>\n<\/div>\n<div class=\"yj6qo\"><\/div>\n<div class=\"adL\"><\/div>\n<\/div>\n<\/div>\n<\/div>\n<div id=\"avWBGd-24\" class=\"WhmR8e\" data-hash=\"0\"><\/div>\n<\/div>\n<\/div>\n","protected":false},"excerpt":{"rendered":"<p>Kilimin hammaddesi koyun y\u00fcn\u00fc ve pamuk ipli\u011fi idi. Y\u00f6r\u00fckler kilim dokuyacaklar\u0131 y\u00fcn\u00fc koyunlardan k\u0131rpar, s\u0131cak su ile y\u0131kar ve g\u00fcne\u015fte kuruturdu. Kilim dokuma tezg\u00e2h\u0131n\u0131n eni 2 metre, boyu 2,5 \u2013 3 metre aras\u0131nda de\u011fi\u015fir ve a\u011fa\u00e7tan yap\u0131l\u0131rd\u0131. Y\u00fcnler genelde k\u00f6k boya ile boyan\u0131rd\u0131. Kilimlerdeki motifler \u015fekillerini ve isimlerini do\u011fadaki canl\u0131lardan al\u0131rd\u0131. El sanatlar\u0131ndan T\u00fclbentte boncuk [&hellip;]<\/p>\n","protected":false},"author":11,"featured_media":119985,"comment_status":"open","ping_status":"open","sticky":false,"template":"","format":"standard","meta":{"footnotes":""},"categories":[21],"tags":[],"class_list":["post-120774","post","type-post","status-publish","format-standard","has-post-thumbnail","hentry","category-gazi-mert"],"views":156,"_links":{"self":[{"href":"https:\/\/mersingazetesi.com\/index.php\/wp-json\/wp\/v2\/posts\/120774","targetHints":{"allow":["GET"]}}],"collection":[{"href":"https:\/\/mersingazetesi.com\/index.php\/wp-json\/wp\/v2\/posts"}],"about":[{"href":"https:\/\/mersingazetesi.com\/index.php\/wp-json\/wp\/v2\/types\/post"}],"author":[{"embeddable":true,"href":"https:\/\/mersingazetesi.com\/index.php\/wp-json\/wp\/v2\/users\/11"}],"replies":[{"embeddable":true,"href":"https:\/\/mersingazetesi.com\/index.php\/wp-json\/wp\/v2\/comments?post=120774"}],"version-history":[{"count":1,"href":"https:\/\/mersingazetesi.com\/index.php\/wp-json\/wp\/v2\/posts\/120774\/revisions"}],"predecessor-version":[{"id":120775,"href":"https:\/\/mersingazetesi.com\/index.php\/wp-json\/wp\/v2\/posts\/120774\/revisions\/120775"}],"wp:featuredmedia":[{"embeddable":true,"href":"https:\/\/mersingazetesi.com\/index.php\/wp-json\/wp\/v2\/media\/119985"}],"wp:attachment":[{"href":"https:\/\/mersingazetesi.com\/index.php\/wp-json\/wp\/v2\/media?parent=120774"}],"wp:term":[{"taxonomy":"category","embeddable":true,"href":"https:\/\/mersingazetesi.com\/index.php\/wp-json\/wp\/v2\/categories?post=120774"},{"taxonomy":"post_tag","embeddable":true,"href":"https:\/\/mersingazetesi.com\/index.php\/wp-json\/wp\/v2\/tags?post=120774"}],"curies":[{"name":"wp","href":"https:\/\/api.w.org\/{rel}","templated":true}]}}