{"id":120353,"date":"2025-12-24T14:05:08","date_gmt":"2025-12-24T11:05:08","guid":{"rendered":"https:\/\/mersingazetesi.com\/?p=120353"},"modified":"2025-12-24T14:05:08","modified_gmt":"2025-12-24T11:05:08","slug":"milyonlarca-kisi-aclik-siniri-altinda-yasamaya-mahkum-edildi","status":"publish","type":"post","link":"https:\/\/mersingazetesi.com\/index.php\/2025\/12\/24\/milyonlarca-kisi-aclik-siniri-altinda-yasamaya-mahkum-edildi\/","title":{"rendered":"&#8216;M\u0130LYONLARCA K\u0130\u015e\u0130 A\u00c7LIK SINIRI ALTINDA YA\u015eAMAYA MAHKUM ED\u0130LD\u0130!&#8217;"},"content":{"rendered":"<div dir=\"ltr\">Emek Partisi Mersin il \u00f6rg\u00fct\u00fc a\u00e7\u0131klanan asgari \u00fccrete tepki g\u00f6sterdi. \u00d6zg\u00fcr \u00c7ocuk Park\u0131&#8217;nda toplanan emek\u00e7iler ad\u0131na a\u00e7\u0131klamay\u0131\u00a0\u0130l Ba\u015fkan\u0131 Sedat Ba\u015fkavak okudu.\u00a0Ba\u015fkavak, \u00c7al\u0131\u015fma ve Sosyal G\u00fcvenlik Bakan\u0131 Vedat I\u015f\u0131khan&#8217;\u0131n, 1 Ocak 2026\u2019dan itibaren ge\u00e7erli olacak asgari \u00fccreti y\u00fczde 27 art\u0131\u015fla 28 bin 75 lira olarak a\u00e7\u0131klad\u0131\u011f\u0131n\u0131 ifade ederke, &#8220;A\u00e7l\u0131k s\u0131n\u0131r\u0131n\u0131n 30 bin liraya, yoksulluk s\u0131n\u0131r\u0131n\u0131n 100 bin liraya dayand\u0131\u011f\u0131 ko\u015fullarda a\u00e7\u0131klanan asgari \u00fccret milyonlarca i\u015f\u00e7i ve ailesini a\u00e7l\u0131k s\u0131n\u0131r\u0131n\u0131n alt\u0131nda sefalete mahkum etmek demektir. T\u00dc\u0130K Kas\u0131m ay\u0131 y\u0131ll\u0131k enflasyonu\u00a0y\u00fczde\u00a031,07 a\u00e7\u0131klad\u0131. Ba\u011f\u0131ms\u0131z ara\u015ft\u0131rma grubu ENAG ise y\u0131ll\u0131k enflasyonu y\u00fczde\u00a056,82 olarak a\u00e7\u0131klad\u0131. Asgari \u00fccret a\u00e7l\u0131k s\u0131n\u0131r\u0131n\u0131n alt\u0131nda, zam ise enflasyonun alt\u0131nda ama \u00c7al\u0131\u015fma Bakan\u0131 televizyonlardan g\u00f6z\u00fcm\u00fcze baka baka &#8220;\u00e7al\u0131\u015fanlar\u0131 enflasyona ezdirmedik&#8221; diyor. Dakikada 40 bin 227 lira harcayan saray, i\u015f\u00e7i ve ailesine 1 ay boyunca 28 bin lira ile ya\u015famay\u0131 dayat\u0131yor.&#8221; dedi.<\/div>\n<div dir=\"ltr\"><\/div>\n<div dir=\"ltr\"><\/div>\n<div dir=\"ltr\">&#8220;Biz \u00e7al\u0131\u015f\u0131yoruz onlar yiyorlar!&#8221;<\/div>\n<div dir=\"ltr\"><\/div>\n<div dir=\"ltr\"><\/div>\n<div dir=\"ltr\">\u00a0Asgari \u00fccretli sofras\u0131nda eti g\u00f6remezken, saray\u0131n milyonlar harcad\u0131\u011f\u0131n\u0131 vurgulayan\u00a0Ba\u015fkavak, &#8220;Orta Vadeli Programda, \u00fccretleri d\u00fc\u015f\u00fck tutarak enflasyonu d\u00fc\u015f\u00fcrme hedefi koyan saray rejimi &#8220;\u00fccretler artarsa enflasyon artar&#8221; diyor. \u0130\u015f\u00e7ilere de &#8220;aman enflasyon artmas\u0131n da \u00fccretlere de zam yap\u0131lmas\u0131n&#8221; dedirtmek istiyor. Sofras\u0131nda kuru ekmek, odas\u0131nda \u0131s\u0131nmak, kiras\u0131n\u0131 \u00f6demekten ba\u015fka derdi olmayan i\u015f\u00e7iler kuru ekmekten ba\u015fka ne t\u00fcketiyor da efnlasyon artacak.\u00a0Toplam harcamalar\u0131n\u00a0y\u00fczde 50&#8217;sini\u00a0ailesiyle birlikte 8 milyon zengin yaparken, di\u011fer yar\u0131s\u0131 80 milyon a\u00e7, yoksul kitlelere kal\u0131yor. Biz \u00e7al\u0131\u015f\u0131yoruz onlar yiyorlar. Biz a\u00e7l\u0131k \u00fccretinin bile alt\u0131nda \u00e7al\u0131\u015f\u0131rken, sermaye s\u0131n\u0131f\u0131 ve temsilcileri servetlerine servet kat\u0131yorlar. Sendikalar, Asgari \u00dccret Tespit Komisyonunun yap\u0131s\u0131n\u0131 yeni ke\u015ffetmi\u015f gibi kat\u0131lm\u0131yoruz diyerek, kenara \u00e7ekiliyorlar. insanca ya\u015fayacak bir \u00fccret i\u00e7in i\u015f\u00e7ileri birle\u015ftirmek ve m\u00fccadele etmek yerine, milyonlarca i\u015f\u00e7i ve ailesini sermaye s\u0131n\u0131f\u0131 kar\u015f\u0131s\u0131nda yaln\u0131z ve g\u00fc\u00e7s\u00fcz b\u0131rak\u0131yorlar. Saray rejimi ve sermaye s\u0131n\u0131f\u0131 da sendikalar\u0131n verdi\u011fi bu f\u0131rsattan faydalanarak i\u015f\u00e7ileri a\u00e7l\u0131k s\u0131n\u0131r\u0131 alt\u0131nda bir asgari \u00fccrete mahkum ediyorlar. \u0130\u015f\u00e7iye, kamu emek\u00e7isine insanca ya\u015fayacak bir zam yok. 16 bin 800 lira maa\u015f ile a\u00e7l\u0131\u011fa ve sefalete mahkum edilen emekliye zaten yok. Okullarda \u00e7ocuklara 1 \u00f6\u011f\u00fcn \u00fccretsiz, sa\u011fl\u0131kl\u0131 yemek yok. \u00c7ift\u00e7iye ve tar\u0131ma destek yok. B\u00fct\u00e7esinde kad\u0131na ayr\u0131lan kaynak yok. K\u0131sacas\u0131, emek verip ter d\u00f6kene yok ama sermayeye var.&#8221; \u015feklinde konu\u015ftu.<\/div>\n<div dir=\"ltr\"><\/div>\n<div dir=\"ltr\">&#8220;\u0130\u015f\u00e7i emek\u00e7ilerin \u00fczerindeki vergi y\u00fck\u00fcn\u00fc artt\u0131r\u0131yorlar!&#8221;<\/div>\n<div dir=\"ltr\"><\/div>\n<div dir=\"ltr\">\u0130ktidar\u0131n, kimin yan\u0131nda durdu\u011funun g\u00f6r\u00fcld\u00fc\u011f\u00fcn\u00fc belirten Ba\u015fkavak, &#8220;Gitmedi\u011fimiz yol, ge\u00e7medi\u011fimiz k\u00f6pr\u00fc, u\u00e7mad\u0131\u011f\u0131m\u0131z havaalan\u0131, yatmad\u0131\u011f\u0131m\u0131z hastane i\u00e7in holding patronlar\u0131na milyarlar\u0131 \u00f6deyen AKP iktidar\u0131 patronlardan yanad\u0131r. \u0130\u015fte onun i\u00e7in 2026 b\u00fct\u00e7esinde patronlar\u0131n \u00f6deyece\u011fi 3,6 trilyon lira vergiden istisna ve muafiyet uygulamas\u0131 ile vazge\u00e7ilirken, i\u015f\u00e7i emek\u00e7ilerin \u00fczerindeki vergi y\u00fck\u00fcn\u00fc de artt\u0131r\u0131yorlar. Emek g\u00fcc\u00fc her ge\u00e7en y\u0131l her g\u00fcn ucuzlad\u0131. MESEM&#8217;ler eliyle \u00e7ocuklar\u0131m\u0131z\u0131n asgari \u00fccretin \u00fc\u00e7te birine k\u00f6le gibi \u00e7al\u0131\u015ft\u0131r\u0131larak can verdi\u011fi, i\u015f cinayetlerinde \u00fc\u00e7er be\u015fer onar canlar\u0131m\u0131z\u0131n yitti\u011fi, a\u00e7l\u0131k s\u0131n\u0131r\u0131n\u0131n alt\u0131nda \u00fccretlere mahkum edildi\u011fimiz bir cehennemdeyiz. Bu a\u00e7l\u0131k, bu sefalet, bu i\u015f cinayetleri kabul edilemez. \u0130\u015f\u00e7i s\u0131n\u0131f\u0131 ve t\u00fcm emek\u00e7iler olarak sessiz kald\u0131k\u00e7a bu d\u00fczen ve sefalet ko\u015fullar\u0131 devam edecek.\u00a0\u0130\u015f\u00e7ilerin a\u00e7l\u0131\u011fa mahk\u00fbm edilmesini, eme\u011fin ucuzlat\u0131lmas\u0131n\u0131, sermayenin k\u00e2r\u0131 i\u00e7in halk\u0131n yoksulla\u015ft\u0131r\u0131lmas\u0131n\u0131 kabul etmiyoruz. Asgari \u00fccret, insanca ya\u015fama ko\u015fullar\u0131nda bir ge\u00e7imi esas almal\u0131, y\u0131lda en az d\u00f6rt kez g\u00fcncellenmeli ve toplu pazarl\u0131k mekanizmalar\u0131 g\u00fc\u00e7lendirilmelidir. \u0130\u015f\u00e7ilerin \u00e7o\u011funlu\u011funun \u00f6zrg\u00fcts\u00fczl\u00fc\u011f\u00fc patronlara cesaret vermektedir. \u00d6rg\u00fctlenmenin \u00f6n\u00fcndeki engeller kald\u0131r\u0131lmal\u0131d\u0131r. Barajs\u0131z sendika, yasaks\u0131z grev, g\u00fcvenceli i\u015f yasa tasar\u0131s\u0131 Meclis Genel Kurulu\u2019na getirilerek yasala\u015ft\u0131r\u0131lmal\u0131d\u0131r. \u0130\u015f\u00e7i s\u0131n\u0131f\u0131n\u0131n ve emek\u00e7ilerin kurtulu\u015fu; birlikte, \u00f6rg\u00fctl\u00fc ve kararl\u0131 bir m\u00fccadeleyi b\u00fcy\u00fctmekle m\u00fcmk\u00fcnd\u00fcr. T\u00fcm i\u015f\u00e7i ve emek\u00e7ileri, sefalet d\u00fczenine kar\u015f\u0131 omuz omuza m\u00fccadeleye \u00e7a\u011f\u0131r\u0131yoruz.\u201d ifadelerini kulland\u0131.<\/div>\n","protected":false},"excerpt":{"rendered":"<p>Emek Partisi Mersin il \u00f6rg\u00fct\u00fc a\u00e7\u0131klanan asgari \u00fccrete tepki g\u00f6sterdi. \u00d6zg\u00fcr \u00c7ocuk Park\u0131&#8217;nda toplanan emek\u00e7iler ad\u0131na a\u00e7\u0131klamay\u0131\u00a0\u0130l Ba\u015fkan\u0131 Sedat Ba\u015fkavak okudu.\u00a0Ba\u015fkavak, \u00c7al\u0131\u015fma ve Sosyal G\u00fcvenlik Bakan\u0131 Vedat I\u015f\u0131khan&#8217;\u0131n, 1 Ocak 2026\u2019dan itibaren ge\u00e7erli olacak asgari \u00fccreti y\u00fczde 27 art\u0131\u015fla 28 bin 75 lira olarak a\u00e7\u0131klad\u0131\u011f\u0131n\u0131 ifade ederke, &#8220;A\u00e7l\u0131k s\u0131n\u0131r\u0131n\u0131n 30 bin liraya, yoksulluk s\u0131n\u0131r\u0131n\u0131n 100 [&hellip;]<\/p>\n","protected":false},"author":2,"featured_media":120354,"comment_status":"open","ping_status":"open","sticky":false,"template":"","format":"standard","meta":{"footnotes":""},"categories":[4,8,9],"tags":[],"class_list":["post-120353","post","type-post","status-publish","format-standard","has-post-thumbnail","hentry","category-ekonomi","category-mersin","category-siyaset"],"views":2007,"_links":{"self":[{"href":"https:\/\/mersingazetesi.com\/index.php\/wp-json\/wp\/v2\/posts\/120353","targetHints":{"allow":["GET"]}}],"collection":[{"href":"https:\/\/mersingazetesi.com\/index.php\/wp-json\/wp\/v2\/posts"}],"about":[{"href":"https:\/\/mersingazetesi.com\/index.php\/wp-json\/wp\/v2\/types\/post"}],"author":[{"embeddable":true,"href":"https:\/\/mersingazetesi.com\/index.php\/wp-json\/wp\/v2\/users\/2"}],"replies":[{"embeddable":true,"href":"https:\/\/mersingazetesi.com\/index.php\/wp-json\/wp\/v2\/comments?post=120353"}],"version-history":[{"count":1,"href":"https:\/\/mersingazetesi.com\/index.php\/wp-json\/wp\/v2\/posts\/120353\/revisions"}],"predecessor-version":[{"id":120355,"href":"https:\/\/mersingazetesi.com\/index.php\/wp-json\/wp\/v2\/posts\/120353\/revisions\/120355"}],"wp:featuredmedia":[{"embeddable":true,"href":"https:\/\/mersingazetesi.com\/index.php\/wp-json\/wp\/v2\/media\/120354"}],"wp:attachment":[{"href":"https:\/\/mersingazetesi.com\/index.php\/wp-json\/wp\/v2\/media?parent=120353"}],"wp:term":[{"taxonomy":"category","embeddable":true,"href":"https:\/\/mersingazetesi.com\/index.php\/wp-json\/wp\/v2\/categories?post=120353"},{"taxonomy":"post_tag","embeddable":true,"href":"https:\/\/mersingazetesi.com\/index.php\/wp-json\/wp\/v2\/tags?post=120353"}],"curies":[{"name":"wp","href":"https:\/\/api.w.org\/{rel}","templated":true}]}}