{"id":120326,"date":"2025-12-24T12:02:51","date_gmt":"2025-12-24T09:02:51","guid":{"rendered":"https:\/\/mersingazetesi.com\/?p=120326"},"modified":"2025-12-24T12:02:51","modified_gmt":"2025-12-24T09:02:51","slug":"folklor-halk-oyunlar-hikayesi-anamur-yollari-3","status":"publish","type":"post","link":"https:\/\/mersingazetesi.com\/index.php\/2025\/12\/24\/folklor-halk-oyunlar-hikayesi-anamur-yollari-3\/","title":{"rendered":"FOLKL\u00d6R: HALK OYUNLAR H\u0130KAYES\u0130; ANAMUR YOLLARI ( 3 )"},"content":{"rendered":"<div class=\"gs\">\n<div class=\"\">\n<div id=\":p1\" class=\"ii gt\">\n<div id=\":ni\" class=\"a3s aiL\">\n<div id=\"avWBGd-87\">\n<div dir=\"ltr\">\n<div dir=\"auto\">Ahmet\u2019in \u0130stanbul\u2019da Selimiye k\u0131\u015flas\u0131nda askerlik yapmaya ba\u015flamas\u0131ndan iki ay sonra Balkan Sava\u015f\u0131 \u00e7\u0131km\u0131\u015f, Balkan Devletlerinden Bulgaristan, Yunanistan, S\u0131rbistan ve Karaba\u011f h\u00fck\u00fcmetleri T\u00fcrklere kar\u015f\u0131 topyek\u00fbn sava\u015f ilan etmi\u015flerdi.<\/div>\n<div dir=\"auto\">Yap\u0131lan \u00e7etin sava\u015flar sonucu 3 \u2013 4 cephede T\u00fcrkler yenilgiye u\u011fram\u0131\u015flard\u0131.<\/div>\n<div dir=\"auto\">29 Ekim 1912\u2032de\u00a0Bulgarlara yenilen T\u00fcrkler \u00c7atalca&#8217;ya \u00e7ekilmi\u015flerdi.<\/div>\n<div dir=\"auto\">Ahmet \u00c7avu\u015f da \u00c7atalca&#8217;ya kadar \u00e7ekilen T\u00fcrk askerlerinin aras\u0131nda idi.<\/div>\n<div dir=\"auto\">L\u00fcleburgaz Sava\u015flar\u0131 denilen ve \u00c7atalca\u2019ya \u00e7ekilmek zorunda kal\u0131nan 29 Ekim yenilgisinde T\u00fcrkler sadece Bulgarlara yenilmemi\u015f a\u00e7l\u0131k ve \u00e7amura da ma\u011flup olmu\u015ftu.<\/div>\n<div dir=\"auto\">Ahmet \u00c7avu\u015f haftalarca potinini bile \u00e7\u0131karmam\u0131\u015f di\u011fer askerlerle birlikte gece g\u00fcnd\u00fcz a\u00e7 susuz kahramanca m\u00fccadele etmi\u015fti.<\/div>\n<div dir=\"auto\">Balkan Devletlerinden Bulgarlar\u0131n hedefi \u0130stanbul\u2019u ele ge\u00e7irip bo\u011fazlara hakim olmakt\u0131.<\/div>\n<div dir=\"auto\">17 Kas\u0131m 1912\u2032de Bulgarlar \u0130stanbul\u2019u almak i\u00e7in yeni bir taarruz ba\u015flatm\u0131\u015flard\u0131.<\/div>\n<div dir=\"auto\">Her t\u00fcrl\u00fc zor \u015fartlara, a\u00e7l\u0131\u011fa susuzlu\u011fa ra\u011fmen T\u00fcrk ordusu haz\u0131rl\u0131kl\u0131yd\u0131.<\/div>\n<div dir=\"auto\">20 g\u00fcnd\u00fcr t\u00fcneller kaz\u0131lmakta, tuzaklar haz\u0131rlanmaktayd\u0131.<\/div>\n<div dir=\"auto\">Top \u2013 t\u00fcfek sesleri, Allah Allah nidalar\u0131 aras\u0131nda Ahmet \u00c7avu\u015f bir oraya, bir buraya ko\u015fu\u015fturmaktayd\u0131.<\/div>\n<div dir=\"auto\">Elindeki dolma t\u00fcfek ile \u00fczerlerine el bombas\u0131 ve kur\u015fun ya\u011fd\u0131ran Bulgar askerlerine ate\u015f etmekte, att\u0131\u011f\u0131 her kur\u015funun hedefine vard\u0131\u011f\u0131na inanmaktayd\u0131.<\/div>\n<div dir=\"auto\">Bir ara i\u00e7inde gizlendikleri s\u0131\u011f\u0131na\u011f\u0131n hemen yan\u0131 ba\u015f\u0131na bir el bombas\u0131 d\u00fc\u015fm\u00fc\u015f Ahmet \u00c7avu\u015f arkada\u015flar\u0131n\u0131n \u015fa\u015fk\u0131n bak\u0131\u015flar\u0131 aras\u0131nda patlamaya haz\u0131r el bombas\u0131n\u0131 Bulgar askerlerinin \u00fczerine f\u0131rlatm\u0131\u015ft\u0131.<\/div>\n<div dir=\"auto\">\u0130\u015fte o anda d\u00fc\u015fman top\u00e7usunun att\u0131\u011f\u0131 bir top, s\u0131\u011f\u0131na\u011f\u0131n yak\u0131n\u0131na d\u00fc\u015fm\u00fc\u015f f\u0131rlayan \u015farapnel par\u00e7alar\u0131 Ahmet \u00c7avu\u015fun sol aya\u011f\u0131n\u0131n bald\u0131r\u0131na saplanm\u0131\u015f, sa\u011f aya\u011f\u0131n\u0131n dizden a\u015fa\u011f\u0131s\u0131n\u0131 par\u00e7alam\u0131\u015ft\u0131.<\/div>\n<div dir=\"auto\">G\u00f6r\u00fclmemi\u015f bir direni\u015fle kar\u015f\u0131la\u015fan Bulgarlar geride 10.000 \u00f6l\u00fc b\u0131rakarak sava\u015f alan\u0131n\u0131 terk etmi\u015flerdi.<\/div>\n<div dir=\"auto\">T\u00fcrk askerleri b\u00fcy\u00fck bir zafer kazanm\u0131\u015f ancak y\u00fczlerce \u015fehit vermi\u015f, y\u00fczlerce yaral\u0131y\u0131 hastaneye kald\u0131rm\u0131\u015flard\u0131.<\/div>\n<div dir=\"auto\">Hastahane ge\u00e7ici olarak kurulan bir Sahra hastahanesi idi.<\/div>\n<div dir=\"auto\">Ahmet \u00c7avu\u015f yaral\u0131lar aras\u0131nda idi. K\u0131sa s\u00fcrede her iki baca\u011f\u0131 kangren olmu\u015f, ameliyat sonunda sol aya\u011f\u0131 dizinden bir kar\u0131\u015f yukar\u0131s\u0131ndan, sa\u011f aya\u011f\u0131 ise dizinden kesilmi\u015fti.<\/div>\n<div dir=\"auto\">Sahra hastanesinde aylarca tedavi g\u00f6ren Ahmet \u00c7avu\u015fun tek tesellisi G\u00fclizar\u2019\u0131n verdi\u011fi ve avucunun i\u00e7inden hi\u00e7 ay\u0131rmad\u0131\u011f\u0131 kana b\u00fcr\u00fcnm\u00fc\u015f i\u015flemeli beyaz mendil idi.<\/div>\n<div dir=\"auto\">Onunla yat\u0131yor, onunla kalk\u0131yor, onunla konu\u015fuyordu.<\/div>\n<div dir=\"auto\">Sahra hastanesinde her iki baca\u011f\u0131na takma ayaklar tak\u0131lm\u0131\u015f ve ellerine iki asa verilmi\u015fti.<\/div>\n<div dir=\"auto\">Balkan Sava\u015flar\u0131 sona ermi\u015f, Ahmet \u00c7avu\u015f terhis olmu\u015f, memleketine gitmek \u00fczere Haydarpa\u015fa istasyonundan trene bindirilmi\u015fti.<\/div>\n<div dir=\"auto\">Aktarmal\u0131 tren yolculu\u011fu ile Adana\u2019ya gelmi\u015fti.<\/div>\n<div dir=\"auto\">Adana\u2019da askeri birli\u011fin verdi\u011fi bir kat\u0131r ve rehberiyle haftalarca s\u00fcren yolculuktan sonra Anamur\u2019a askerlik \u015fubesine teslim edilmi\u015fti.<\/div>\n<div dir=\"auto\">Yine bir binek at\u0131 ve rehberiyle kayrak \u00e7ak\u0131ll\u0131 yollardan K\u0131z\u0131lca k\u00f6y\u00fcne gelen Ahmet \u00c7avu\u015f gece vakti evlerinin kap\u0131s\u0131n\u0131 \u00e7alm\u0131\u015ft\u0131.<\/div>\n<div dir=\"auto\">Bu kavu\u015fman\u0131n \u00fcz\u00fcnt\u00fcs\u00fcne dayanamayaca\u011f\u0131n\u0131 hisseden rehber er, at\u0131na atlad\u0131\u011f\u0131 gibi geri d\u00f6nm\u00fc\u015f, Ahmet \u00c7avu\u015f evinin kap\u0131s\u0131nda yaln\u0131z kalm\u0131\u015ft\u0131.<\/div>\n<div dir=\"auto\">Anne Dudu Gelin y\u0131llar y\u0131l\u0131 Ahmet\u2019ten haber alamaman\u0131n \u00fcz\u00fcnt\u00fcs\u00fc ile yan\u0131p tutu\u015fmaktayd\u0131.<\/div>\n<div dir=\"auto\">Durdane Ana yatalak oldu\u011fu i\u00e7in ev i\u015flerinde gelinine hi\u00e7 yard\u0131mc\u0131 olamamaktayd\u0131.<\/div>\n<div dir=\"auto\">Baba Musa rahats\u0131z oldu\u011fu i\u00e7in sadece o\u011flaklar\u0131n bak\u0131m\u0131n\u0131 \u00fcstlenmi\u015fti.<\/div>\n<div dir=\"auto\">Dudu Gelinin sa\u00e7lar\u0131 a\u011farm\u0131\u015f neredeyse beli b\u00fck\u00fclecek hale gelmi\u015fti.<\/div>\n<div dir=\"auto\">Ak\u015fam vakti ke\u00e7i ve o\u011flaklar\u0131 a\u011f\u0131la katm\u0131\u015f, Durdane Anaya ve kocas\u0131 Musa\u2019ya yiyecek bir \u015feyler haz\u0131rlam\u0131\u015f, onlar uyuduktan sonra kendisi de yatm\u0131\u015f uyumak \u00fczereydi.<\/div>\n<div dir=\"auto\">Kap\u0131 \u00e7al\u0131nd\u0131\u011f\u0131 zaman bir an \u015fa\u015f\u0131rm\u0131\u015ft\u0131. Kom\u015fular\u0131 olamazd\u0131. Bu saatte kendilerini arayacak pek kom\u015fusu yoktu.<\/div>\n<div dir=\"auto\">Kap\u0131y\u0131 a\u00e7t\u0131. Bir de ne g\u00f6rs\u00fcn? Askere giden o\u011flu Ahmet kap\u0131da durmuyor mu?<\/div>\n<div dir=\"auto\">Baba uyanm\u0131\u015f, Durdane Ana\u2019y\u0131 da uyand\u0131rm\u0131\u015flard\u0131.<\/div>\n<div dir=\"auto\">H\u00fcz\u00fcn ve sevin\u00e7 birbirine kar\u0131\u015fm\u0131\u015ft\u0131.<\/div>\n<div dir=\"auto\">O\u011fullar\u0131n\u0131n takma bacakla kar\u015f\u0131lar\u0131na \u00e7\u0131kmas\u0131 aileyi peri\u015fan etmi\u015fti. Ahmet annesine yavuklusu G\u00fclizar\u2019\u0131 sormu\u015f, annesinin G\u00fclizar ile ilgili anlatt\u0131klar\u0131n\u0131 duyunca y\u0131k\u0131lm\u0131\u015f, sabaha kadar kendine gelememi\u015fti.<\/div>\n<div dir=\"auto\">G\u00fclizar Ahmet\u2019in askere gidi\u015finden sonra iki g\u00f6z\u00fc iki \u00e7e\u015fme her ak\u015fam \u00fczeri biteviye sayfantlar\u0131n\u0131n \u00f6n\u00fcndeki ard\u0131\u00e7 a\u011fac\u0131n\u0131n dibinde g\u00fcne\u015fin bat\u0131\u015f\u0131n\u0131 izlemekte idi.<\/div>\n<div dir=\"auto\">Geyik avlama mevsiminde g\u00fcnlerden bir g\u00fcn Anamur\u2019dan gelen avc\u0131lar\u0131n yolu K\u0131z\u0131lca k\u00f6y\u00fcne d\u00fc\u015fm\u00fc\u015ft\u00fc.<\/div>\n<div dir=\"auto\">Avc\u0131lar ard\u0131\u00e7 a\u011fac\u0131n\u0131n dibinde tek ba\u015f\u0131na oturan g\u00f6z\u00fc ya\u015fl\u0131 G\u00fclizar\u2019\u0131 g\u00f6rm\u00fc\u015fler, g\u00fczelli\u011fine hayran kalm\u0131\u015flard\u0131.<\/div>\n<div dir=\"auto\">Av d\u00f6n\u00fc\u015f\u00fc Anamur\u2019da ve Bozyaz\u0131\u2019da dilden dile G\u00fclizar\u2019\u0131n g\u00fczelli\u011fi konu\u015fulur olmu\u015ftu.<\/div>\n<div dir=\"auto\">0 d\u00f6nemde uzak k\u00f6ylerden k\u0131z istemek pek al\u0131\u015f\u0131lm\u0131\u015f bir durum de\u011fildi.<\/div>\n<div dir=\"auto\">Ancak Bozyaz\u0131 ve Anamur\u2019da G\u00fclizar hakk\u0131nda o kadar \u00e7ok \u015fey s\u00f6yleniyordu ki\u2026<\/div>\n<div dir=\"auto\">Yine o d\u00f6nemde bedelli askerlik sebebiyle baz\u0131 gen\u00e7ler bedel paras\u0131n\u0131 \u00f6deyip askere gitmiyordu.<\/div>\n<div dir=\"auto\">Babas\u0131n\u0131n bedel paras\u0131n\u0131 \u00f6dedi\u011fi bir bey o\u011flu G\u00fclizar\u2019\u0131n g\u00fczelliklerini duymu\u015f ve ikinci av mevsiminde avc\u0131lar\u0131n pe\u015fine tak\u0131lm\u0131\u015f K\u0131z\u0131lca K\u00f6y\u00fcne gitmi\u015fti.<\/div>\n<div dir=\"auto\">Uzaktan G\u00fclizar\u2019\u0131 g\u00f6ren bey o\u011flu ona \u00e2\u015f\u0131k olmu\u015f ve av d\u00f6n\u00fc\u015f\u00fc durumu ailesine anlatm\u0131\u015ft\u0131.<\/div>\n<div dir=\"auto\">\u2026 ve Balkan Sava\u015flar\u0131nda yavuklusunun \u015fehit oldu\u011funu tahmin eden G\u00fclizar Anamur\u2019a gelin gitmi\u015fti.<\/div>\n<div dir=\"auto\">( devam edecek )<\/div>\n<\/div>\n<div class=\"yj6qo\"><\/div>\n<div class=\"adL\"><\/div>\n<\/div>\n<\/div>\n<\/div>\n<div id=\"avWBGd-88\" class=\"WhmR8e\" data-hash=\"0\"><\/div>\n<\/div>\n<\/div>\n","protected":false},"excerpt":{"rendered":"<p>Ahmet\u2019in \u0130stanbul\u2019da Selimiye k\u0131\u015flas\u0131nda askerlik yapmaya ba\u015flamas\u0131ndan iki ay sonra Balkan Sava\u015f\u0131 \u00e7\u0131km\u0131\u015f, Balkan Devletlerinden Bulgaristan, Yunanistan, S\u0131rbistan ve Karaba\u011f h\u00fck\u00fcmetleri T\u00fcrklere kar\u015f\u0131 topyek\u00fbn sava\u015f ilan etmi\u015flerdi. Yap\u0131lan \u00e7etin sava\u015flar sonucu 3 \u2013 4 cephede T\u00fcrkler yenilgiye u\u011fram\u0131\u015flard\u0131. 29 Ekim 1912\u2032de\u00a0Bulgarlara yenilen T\u00fcrkler \u00c7atalca&#8217;ya \u00e7ekilmi\u015flerdi. Ahmet \u00c7avu\u015f da \u00c7atalca&#8217;ya kadar \u00e7ekilen T\u00fcrk askerlerinin aras\u0131nda idi. [&hellip;]<\/p>\n","protected":false},"author":11,"featured_media":119985,"comment_status":"open","ping_status":"open","sticky":false,"template":"","format":"standard","meta":{"footnotes":""},"categories":[21],"tags":[],"class_list":["post-120326","post","type-post","status-publish","format-standard","has-post-thumbnail","hentry","category-gazi-mert"],"views":202,"_links":{"self":[{"href":"https:\/\/mersingazetesi.com\/index.php\/wp-json\/wp\/v2\/posts\/120326","targetHints":{"allow":["GET"]}}],"collection":[{"href":"https:\/\/mersingazetesi.com\/index.php\/wp-json\/wp\/v2\/posts"}],"about":[{"href":"https:\/\/mersingazetesi.com\/index.php\/wp-json\/wp\/v2\/types\/post"}],"author":[{"embeddable":true,"href":"https:\/\/mersingazetesi.com\/index.php\/wp-json\/wp\/v2\/users\/11"}],"replies":[{"embeddable":true,"href":"https:\/\/mersingazetesi.com\/index.php\/wp-json\/wp\/v2\/comments?post=120326"}],"version-history":[{"count":1,"href":"https:\/\/mersingazetesi.com\/index.php\/wp-json\/wp\/v2\/posts\/120326\/revisions"}],"predecessor-version":[{"id":120327,"href":"https:\/\/mersingazetesi.com\/index.php\/wp-json\/wp\/v2\/posts\/120326\/revisions\/120327"}],"wp:featuredmedia":[{"embeddable":true,"href":"https:\/\/mersingazetesi.com\/index.php\/wp-json\/wp\/v2\/media\/119985"}],"wp:attachment":[{"href":"https:\/\/mersingazetesi.com\/index.php\/wp-json\/wp\/v2\/media?parent=120326"}],"wp:term":[{"taxonomy":"category","embeddable":true,"href":"https:\/\/mersingazetesi.com\/index.php\/wp-json\/wp\/v2\/categories?post=120326"},{"taxonomy":"post_tag","embeddable":true,"href":"https:\/\/mersingazetesi.com\/index.php\/wp-json\/wp\/v2\/tags?post=120326"}],"curies":[{"name":"wp","href":"https:\/\/api.w.org\/{rel}","templated":true}]}}