{"id":119787,"date":"2025-12-19T09:48:30","date_gmt":"2025-12-19T06:48:30","guid":{"rendered":"https:\/\/mersingazetesi.com\/?p=119787"},"modified":"2025-12-19T09:48:30","modified_gmt":"2025-12-19T06:48:30","slug":"folklor-halk-oyunlari-hikayesi-gok-karga-1","status":"publish","type":"post","link":"https:\/\/mersingazetesi.com\/index.php\/2025\/12\/19\/folklor-halk-oyunlari-hikayesi-gok-karga-1\/","title":{"rendered":"FOLKLOR: HALK OYUNLARI H\u0130KAYES\u0130: G\u00d6K KARGA ( 1 )"},"content":{"rendered":"<div class=\"gs\">\n<div class=\"\">\n<div id=\":ps\" class=\"ii gt\">\n<div id=\":pr\" class=\"a3s aiL\">\n<div id=\"avWBGd-23\">\n<div dir=\"ltr\">\n<div dir=\"auto\">Anadolu\u2019da g\u00f6\u00e7ebe hayat\u0131 ya\u015fayan ve bir yerde durmay\u0131p devaml\u0131 yer de\u011fi\u015ftiren T\u00fcrk kabilelerine Y\u00f6r\u00fck denilmektedir.<\/div>\n<div dir=\"auto\">Y\u00f6r\u00fck\u2019ler; Balkar da\u011flar\u0131nda, Geyik da\u011flar\u0131nda, Bey da\u011flar\u0131nda, Akda\u011flar\u2019da Anamur- Bozyaz\u0131 \u00e7evresindeki Alamusa, Karagedik, Day\u0131l\u0131 Sarm\u0131\u015f, Elmakuzu da\u011flar\u0131nda ilkbahar, yaz, sonbahar mevsimlerini ya\u015farlard\u0131.<\/div>\n<div dir=\"auto\">Akdeniz b\u00f6lgesinde Fethiye\u2019de ya\u015fayan Y\u00f6r\u00fck\u2019ler yaz\u0131n Albey, Akda\u011f, Girdev yaylalar\u0131na\u2026<\/div>\n<div dir=\"auto\">Antalya-Alanya aras\u0131nda ya\u015fayan Y\u00f6r\u00fck\u2019ler Geyiktepesi \u00e7evresindeki Karaboynuz\u2019a, \u00c7ar\u015f\u0131r, E\u011frig\u00f6l, Kar\u0131ng\u00f6l, \u00c7akallar, \u00c7amur yaylalar\u0131na, Baran, Feslikan\u2019a \u2026<\/div>\n<div dir=\"auto\">Anamur\u2019da ya\u015fayan Y\u00f6r\u00fck\u2019ler Abanoz, Akp\u0131nar, Ka\u015f, K\u0131rkkuyu, G\u00f6zl\u00fcg\u00f6l, Elbalak, Be\u015fkuyu, Ka\u015fpazar\u0131 yaylalar\u0131na \u2026<\/div>\n<div dir=\"auto\">Bozyaz\u0131\u2019da ya\u015fayan Y\u00f6r\u00fck\u2019ler; Bardat Pazar\u0131, Ard\u0131\u00e7p\u0131nar\u0131, Ard\u0131\u00e7 Alan\u0131, Elmakuzu, \u00c7o\u011foluk, Tersakan, Devrent yayla\u2019lar\u0131na giderlerdi.<\/div>\n<div dir=\"auto\">Y\u00f6r\u00fck g\u00f6\u00e7erler; b\u00fct\u00fcn y\u0131l boyunca \u00e7ad\u0131rlarda ya\u015fay\u0131p koyun, ke\u00e7i beslerler ilkbaharda sahillerden yaylalara, sonbaharda yaylalardan sahillere g\u00f6\u00e7 ederlerdi.<\/div>\n<div dir=\"auto\">Yayla g\u00f6\u00e7leri g\u00f6r\u00fclmeye de\u011ferdi.<\/div>\n<div dir=\"auto\">Y\u00f6r\u00fck\u2019ler at\u0131n\u0131n kuskununu, devesinin havudunu, e\u015fe\u011finin palan\u0131n\u0131 \u00e7eker, \u00e7uval\u0131n\u0131, haran\u0131\u2019s\u0131n\u0131, senidini, sayaca\u011f\u0131n\u0131, kap-kaca\u011f\u0131n\u0131, yiyecek \u2013 i\u00e7eceklerini develere y\u00fckler, \u00e7ebi\u00e7lerini, yazm\u0131\u015flar\u0131n\u0131, tekelerini, toklular\u0131n\u0131, \u00f6k\u00fczlerini, tosunlar\u0131n\u0131 \u00f6n\u00fcne katar yaylan\u0131n yolunu tutarlard\u0131.<\/div>\n<div dir=\"auto\">Yollarda kuzu ve o\u011flaklar\u0131n annelerini emmesini sa\u011flar, fazla emmemeleri i\u00e7in s\u00fct sa\u011far, sa\u011fd\u0131klar\u0131 s\u00fct\u00fc yo\u011furt-peynir yapmak yerine da\u011fa d\u00f6kerlerdi.<\/div>\n<div dir=\"auto\">Yaylalarda sa\u011fd\u0131klar\u0131 s\u00fctten k\u0131\u015fl\u0131k peynir, ya\u011f, \u00e7\u00f6kelek yapar, yann\u0131klarda bi\u015f\u015fek ile ayran yap\u0131p \u00e7om\u00e7a ile tas\u2019a koyup i\u00e7erlerdi.<\/div>\n<div dir=\"auto\">E\u011firtme\u00e7 e\u011firir, \u00e7ulfall\u0131k\u2019ta \u00e7ul \u2013 kilim, heybe \u2013 \u00e7uval dokur, yufka ekmek a\u00e7arlard\u0131.<\/div>\n<div dir=\"auto\">\u015eu anda Anamur ve Bozyaz\u0131 y\u00f6resinde halk oyunlar\u0131 olarak \u00e7al\u0131p s\u00f6ylenen G\u00f6k Karga t\u00fcrk\u00fcs\u00fc 18\u2032nci y\u00fczy\u0131l\u0131n ikinci yar\u0131s\u0131nda buralarda ya\u015fayan y\u00f6r\u00fck\u2019lerin ya\u015fant\u0131lar\u0131ndan \u00e7\u0131km\u0131\u015ft\u0131.<\/div>\n<div dir=\"auto\">O d\u00f6nemlerde Anamur \u2013 Bozyaz\u0131 tek yerle\u015fim yeriydi.<\/div>\n<div dir=\"auto\">Kom\u015fu il\u00e7e Ermenek gibi beyliklerle idare ediliyordu.<\/div>\n<div dir=\"auto\">Her iki il\u00e7e \u2019de de konar \u2013 g\u00f6\u00e7er Y\u00f6r\u00fck&#8217;ler ya\u015f\u0131yordu.<\/div>\n<div dir=\"auto\">Her sene oldu\u011fu gibi yine bir ilkbahar mevsiminde Anamur \u2013 Bozyaz\u0131 y\u00f6resinde ya\u015fayan Y\u00f6r\u00fck T\u00fcrkmen\u2019ler deniz seviyesinden 1200 m y\u00fckseklikte bulunan Ermenek\u2019e ba\u011fl\u0131 Kazanc\u0131 yak\u0131nlar\u0131nda bug\u00fcnk\u00fc ad\u0131yla Elbalak yaylas\u0131 \u00e7evresinde konaklam\u0131\u015flard\u0131.<\/div>\n<div dir=\"auto\">Y\u00f6r\u00fck\u2019ler \u0131s\u0131n\u0131n y\u00fckselmesi ile birlikte buralara gelmek i\u00e7in yola \u00e7\u0131km\u0131\u015ft\u0131.<\/div>\n<div dir=\"auto\">\u00c7ad\u0131rlar, un \u00e7uvallar\u0131, kap-kacaklar, yiyecek-i\u00e7ecekler, giysilerin bulundu\u011fu Ala\u00e7uvallar Beserek\u2019lere, Gayal\u0131k\u2019lara, Maya ve Daylak\u2019lara y\u00fcklenmi\u015fti.<\/div>\n<div dir=\"auto\">2000\u2032in \u00fczerinde ke\u00e7i ve o\u011flak, oban\u0131n gen\u00e7leri taraf\u0131ndan \u00e7oktan yayla yolunu tutmu\u015ftu.<\/div>\n<div dir=\"auto\">5 adet iri ya\u011f\u0131z k\u00f6pek adeta hayvanlara \u00e7obanl\u0131k yap\u0131yordu.<\/div>\n<div dir=\"auto\">Sabah\u0131n alacakaranl\u0131\u011f\u0131nda yola \u00e7\u0131kan Y\u00f6r\u00fck obas\u0131 P\u0131narlar yak\u0131n\u0131nda konaklam\u0131\u015f bir g\u00fcn bu civarda kalm\u0131\u015ft\u0131.<\/div>\n<div dir=\"auto\">Yine \u015fafakla yola \u00e7\u0131kan oba Ka\u015f \u2013 Abanoz aras\u0131nda konaklam\u0131\u015f bir gecede orada kalm\u0131\u015flard\u0131.<\/div>\n<div dir=\"auto\">Halkal\u0131 \u2013 Kervanalan\u0131 aras\u0131nda, Akp\u0131nar- \u00c7and\u0131ralan\u0131 aras\u0131nda, K\u0131rkkuyu \u2013 Dokuzoluk aras\u0131nda birer g\u00fcn konaklayan Y\u00f6r\u00fck obas\u0131n\u0131n son dura\u011f\u0131 Elbalak yaylas\u0131 olmu\u015ftu.<\/div>\n<div dir=\"auto\">O y\u0131l Y\u00f6r\u00fck\u2019lerin ba\u015f\u0131 Salih dede idi.<\/div>\n<div dir=\"auto\">Salih dedenin o\u011fullar\u0131 Selim, Abdurrahman, Durmu\u015f, H\u00fcseyin ile k\u0131zlar\u0131 Asiye, Raziye ve damatlar\u0131 Mehmet, \u0130smail bir oraya bir buraya ko\u015fu\u015fturuyor; Bir k\u0131sm\u0131 a\u011f\u0131l yapmaya \u00e7al\u0131\u015f\u0131rken di\u011ferleri \u00e7ad\u0131rlar\u0131 kuruyordu.<\/div>\n<div dir=\"auto\">Elbalak yaylas\u0131na gelen Y\u00f6r\u00fck obas\u0131 sadece Salih dedelerde de\u011fildi.<\/div>\n<div dir=\"auto\">Ge\u00e7en y\u0131l\u0131n obaba\u015f\u0131 Sar\u0131 \u0130brahim ile bir \u00f6nceki y\u0131l\u0131n obaba\u015f\u0131 H\u00fcsmen day\u0131n\u0131n e\u015f ve \u00e7ocuklar\u0131, torunlar\u0131 da oban\u0131n aras\u0131ndayd\u0131.<\/div>\n<div dir=\"auto\">Onlarda en az Salih dedenin ev halk\u0131 kadar kalabal\u0131klard\u0131.<\/div>\n<div dir=\"auto\">Onlar da Y\u00fcr\u00fck obas\u0131n\u0131n bir par\u00e7as\u0131yd\u0131.<\/div>\n<div dir=\"auto\">Y\u00f6r\u00fck k\u00fclt\u00fcr\u00fcn\u00fcn t\u00fcm \u00f6zellikleri \u00e7ad\u0131rlarda g\u00f6r\u00fclmekteydi.<\/div>\n<div dir=\"auto\">D\u0131\u015ftan g\u00f6r\u00fcn\u00fc\u015f\u00fc sade olmas\u0131na ra\u011fmen i\u00e7lerinde d\u00fczenli bir yerle\u015fim vard\u0131.<\/div>\n<div dir=\"auto\">Ba\u015f dire\u011fe Kur\u2019an-\u0131 Kerim ve silahlar as\u0131l\u0131rd\u0131.<\/div>\n<div dir=\"auto\">Kap\u0131n\u0131n yan\u0131ndaki dire\u011fe mutfak e\u015fyalar\u0131, orta dire\u011fe fener as\u0131l\u0131rd\u0131.<\/div>\n<div dir=\"auto\">\u00c7ad\u0131r\u0131 ikiye b\u00f6len perdenin kenarlar\u0131na ise e\u015fya ve erzak sand\u0131klar\u0131yla i\u00e7erisinde k\u0131yafetlerin bulundu\u011fu Ala\u00e7uval\u2019lar dizilirdi.<\/div>\n<div dir=\"auto\">Yiyecek torbalar\u0131 \u00e7ad\u0131r\u0131n rutubet almayan ve pek g\u00f6ze \u00e7arpmayan yerlerine konurdu.<\/div>\n<div dir=\"auto\">Kap\u0131ya g\u00f6re sol taraf erkeklere, sa\u011f taraf kad\u0131nlara ayr\u0131l\u0131rd\u0131.<\/div>\n<div dir=\"auto\">Yakla\u015f\u0131k 10\u2032a yak\u0131n \u00e7ad\u0131r kurulmu\u015f, yeterince a\u011f\u0131l yap\u0131lm\u0131\u015ft\u0131.<\/div>\n<div dir=\"auto\">Dadalo\u011flu\u2019nun:<\/div>\n<div dir=\"auto\">Ey da\u011flar s\u00f6z\u00fcm\u00fcz\u00fcn do\u011frusu b\u00f6yle<\/div>\n<div dir=\"auto\">Noksan\u0131m varsa gel bana s\u00f6yle<\/div>\n<div dir=\"auto\">T\u00fcrkmen\u2019e bir at, yayla, bir davar ile<\/div>\n<div dir=\"auto\">Ala dilber, so\u011fuk su, mor \u00e7emenler gerek<\/div>\n<div dir=\"auto\">m\u0131sralar\u0131na uygun bi\u00e7imde r\u00fczgarlar\u0131n \u0131sl\u0131k \u00e7ald\u0131\u011f\u0131, burcu \u2013 burcu kekik kokan da\u011flarda, vadilerde, goyaklarda, mor \u00e7emenler aras\u0131nda 10\u2032larca y\u0131ld\u0131r Y\u00f6r\u00fck\u2019ler ilkbahar, yaz, sonbahar\u2019\u0131 buralarda ge\u00e7iriyorlard\u0131.<\/div>\n<div dir=\"auto\">Art\u0131k Elbalak yaylas\u0131 onlar\u0131n yaylak yurduydu.<\/div>\n<div dir=\"auto\">( devam edecek )<\/div>\n<\/div>\n<div class=\"yj6qo\"><\/div>\n<div class=\"adL\"><\/div>\n<\/div>\n<\/div>\n<\/div>\n<div id=\"avWBGd-24\" class=\"WhmR8e\" data-hash=\"0\"><\/div>\n<\/div>\n<\/div>\n","protected":false},"excerpt":{"rendered":"<p>Anadolu\u2019da g\u00f6\u00e7ebe hayat\u0131 ya\u015fayan ve bir yerde durmay\u0131p devaml\u0131 yer de\u011fi\u015ftiren T\u00fcrk kabilelerine Y\u00f6r\u00fck denilmektedir. Y\u00f6r\u00fck\u2019ler; Balkar da\u011flar\u0131nda, Geyik da\u011flar\u0131nda, Bey da\u011flar\u0131nda, Akda\u011flar\u2019da Anamur- Bozyaz\u0131 \u00e7evresindeki Alamusa, Karagedik, Day\u0131l\u0131 Sarm\u0131\u015f, Elmakuzu da\u011flar\u0131nda ilkbahar, yaz, sonbahar mevsimlerini ya\u015farlard\u0131. Akdeniz b\u00f6lgesinde Fethiye\u2019de ya\u015fayan Y\u00f6r\u00fck\u2019ler yaz\u0131n Albey, Akda\u011f, Girdev yaylalar\u0131na\u2026 Antalya-Alanya aras\u0131nda ya\u015fayan Y\u00f6r\u00fck\u2019ler Geyiktepesi \u00e7evresindeki Karaboynuz\u2019a, \u00c7ar\u015f\u0131r, [&hellip;]<\/p>\n","protected":false},"author":11,"featured_media":117662,"comment_status":"open","ping_status":"open","sticky":false,"template":"","format":"standard","meta":{"footnotes":""},"categories":[21],"tags":[],"class_list":["post-119787","post","type-post","status-publish","format-standard","has-post-thumbnail","hentry","category-gazi-mert"],"views":82,"_links":{"self":[{"href":"https:\/\/mersingazetesi.com\/index.php\/wp-json\/wp\/v2\/posts\/119787","targetHints":{"allow":["GET"]}}],"collection":[{"href":"https:\/\/mersingazetesi.com\/index.php\/wp-json\/wp\/v2\/posts"}],"about":[{"href":"https:\/\/mersingazetesi.com\/index.php\/wp-json\/wp\/v2\/types\/post"}],"author":[{"embeddable":true,"href":"https:\/\/mersingazetesi.com\/index.php\/wp-json\/wp\/v2\/users\/11"}],"replies":[{"embeddable":true,"href":"https:\/\/mersingazetesi.com\/index.php\/wp-json\/wp\/v2\/comments?post=119787"}],"version-history":[{"count":2,"href":"https:\/\/mersingazetesi.com\/index.php\/wp-json\/wp\/v2\/posts\/119787\/revisions"}],"predecessor-version":[{"id":119789,"href":"https:\/\/mersingazetesi.com\/index.php\/wp-json\/wp\/v2\/posts\/119787\/revisions\/119789"}],"wp:featuredmedia":[{"embeddable":true,"href":"https:\/\/mersingazetesi.com\/index.php\/wp-json\/wp\/v2\/media\/117662"}],"wp:attachment":[{"href":"https:\/\/mersingazetesi.com\/index.php\/wp-json\/wp\/v2\/media?parent=119787"}],"wp:term":[{"taxonomy":"category","embeddable":true,"href":"https:\/\/mersingazetesi.com\/index.php\/wp-json\/wp\/v2\/categories?post=119787"},{"taxonomy":"post_tag","embeddable":true,"href":"https:\/\/mersingazetesi.com\/index.php\/wp-json\/wp\/v2\/tags?post=119787"}],"curies":[{"name":"wp","href":"https:\/\/api.w.org\/{rel}","templated":true}]}}