{"id":119673,"date":"2025-12-18T10:04:11","date_gmt":"2025-12-18T07:04:11","guid":{"rendered":"https:\/\/mersingazetesi.com\/?p=119673"},"modified":"2025-12-18T10:04:11","modified_gmt":"2025-12-18T07:04:11","slug":"folklor-halk-oyunlari-hikayesi-gerali-5","status":"publish","type":"post","link":"https:\/\/mersingazetesi.com\/index.php\/2025\/12\/18\/folklor-halk-oyunlari-hikayesi-gerali-5\/","title":{"rendered":"FOLKL\u00d6R: HALK OYUNLARI H\u0130KAYES\u0130: GERAL\u0130 ( 5 )"},"content":{"rendered":"<div class=\"gs\">\n<div class=\"\">\n<div id=\":mt\" class=\"ii gt\">\n<div id=\":mu\" class=\"a3s aiL\">\n<div id=\"avWBGd-23\">\n<div dir=\"ltr\">\n<div dir=\"auto\">Gerali sade bir t\u00f6renle Dudu ile de evlenmi\u015f, ikinci evlili\u011fini yapm\u0131\u015ft\u0131.<\/div>\n<div dir=\"auto\">Bu ikinci evlilik neden ve nas\u0131l olmu\u015ftu?<\/div>\n<div dir=\"auto\">Olay \u00fc\u00e7 ki\u015finin aras\u0131nda ge\u00e7ti\u011fi i\u00e7in neler konu\u015fuldu\u011funu anlamak m\u00fcmk\u00fcn de\u011fildi.<\/div>\n<div dir=\"auto\">Gerali iki e\u015fli olarak hayat\u0131n\u0131 s\u00fcrd\u00fcr\u00fcrken ge\u00e7im s\u0131k\u0131nt\u0131s\u0131 ba\u015flam\u0131\u015f, ilerleyen y\u0131llarda evin ihtiya\u00e7lar\u0131n\u0131 kar\u015f\u0131layamaz duruma gelmi\u015fti.<\/div>\n<div dir=\"auto\">\u015eehir merkezine gider evin ihtiya\u00e7lar\u0131n\u0131 gidermeye \u00e7al\u0131\u015f\u0131rd\u0131.<\/div>\n<div dir=\"auto\">Bir defas\u0131nda e\u015fi Hediye\u2019ye mavi renkte bir fistanl\u0131k alm\u0131\u015f, di\u011fer e\u015fi Dudu\u2019ya da i\u00e7 \u00e7ama\u015f\u0131rlar\u0131 getirmi\u015fti.<\/div>\n<div dir=\"auto\">Hediye Dudu\u2019yu, Dudu Hediye\u2019yi k\u0131skanm\u0131\u015ft\u0131.<\/div>\n<div dir=\"auto\">Yine ba\u015fka bir defas\u0131nda Hediye\u2019ye ala yazma, Dudu\u2019ya pullu yazma getirmi\u015fti.<\/div>\n<div dir=\"auto\">Her ikisine de yazma getirmesine ra\u011fmen e\u015fler birbirlerini yine k\u0131skanm\u0131\u015flard\u0131.<\/div>\n<div dir=\"auto\">Gerali ge\u00e7im s\u0131k\u0131nt\u0131s\u0131na, kad\u0131n d\u0131rd\u0131r\u0131na, e\u015flerin birbiriyle olan kavgalar\u0131na dayanamaz olmu\u015ftu.<\/div>\n<div dir=\"auto\">E\u015fleri k\u0131skan\u00e7l\u0131k y\u00fcz\u00fcnden evde yemek bile yapmaz olmu\u015flard\u0131.<\/div>\n<div dir=\"auto\">\u00c7ar\u015f\u0131\u2019dan, \u015fehirden getirdi\u011fi ke\u00e7i derisi i\u00e7indeki \u00e7\u00f6kelek ile bayatlam\u0131\u015f kat\u0131 dar\u0131 ekme\u011finden ba\u015fka bir \u015fey de yenmez olmu\u015ftu.<\/div>\n<div dir=\"auto\">Bir defas\u0131nda aya\u011f\u0131 k\u0131r\u0131lan bir ke\u00e7iyi kesen kom\u015fular\u0131 Duran\u2019\u0131n g\u00f6nderdi\u011fi Mehle\u2019yi tel dolaba koyan Ali, aradan \u00fc\u00e7 g\u00fcn ge\u00e7mesine ra\u011fmen e\u015flerinin birbiriyle olan kavgalar\u0131 sonucu etin pi\u015firilmeyip kokutuldu\u011funu g\u00f6rm\u00fc\u015f, \u015fair ruhunda f\u0131rt\u0131nalar esmeye ba\u015flam\u0131\u015ft\u0131.<\/div>\n<div dir=\"auto\">Sevin\u00e7lerini, kederlerini d\u00f6rtl\u00fcklerle manilere d\u00f6ken Gerali bu defa \u015fiir t\u00fcr\u00fcnde s\u00f6yleme ba\u015flam\u0131\u015ft\u0131.<\/div>\n<div dir=\"auto\">Bu \u015fiirlerden biri de ham \u00e7\u00f6kelekti.<\/div>\n<div dir=\"auto\">Gerali\u2019nin s\u00f6yledi\u011fi Ham \u00e7\u00f6kelek \u015fiiri \u00f6nce kom\u015fular\u0131 taraf\u0131ndan, sonra Anamur-Bozyaz\u0131 y\u00f6resinde ya\u015fayan insanlar taraf\u0131ndan adeta ezberlenmi\u015f, dilden dile s\u00f6ylenir olmu\u015ftu.<\/div>\n<div dir=\"auto\">Ali\u2019nin hayat hikayesini bilenler bu \u015fiirlere daha \u00e7ok ilgi duymaya ba\u015flam\u0131\u015flard\u0131.<\/div>\n<div dir=\"auto\">\u00d6yle ki: \u015eiir, \u015fark\u0131ya d\u00f6n\u00fc\u015fm\u00fc\u015f d\u00fc\u011f\u00fcnlerde, toplant\u0131larda s\u00f6ylenir olmu\u015ftu.<\/div>\n<div dir=\"auto\">Anamur\u2019da ya\u015fayan gen\u00e7ler kendi aralar\u0131nda toplan\u0131p Gerali\u2019nin \u015fiirinden h\u0131zl\u0131-k\u0131vrak oynanan bir oyun sergilemeye ba\u015flam\u0131\u015flard\u0131.<\/div>\n<div dir=\"auto\">Aralar\u0131na bir davulcu ve g\u0131rnatac\u0131 alan gen\u00e7ler her toplant\u0131ya davet edilir olmu\u015ftu.<\/div>\n<div dir=\"auto\">Aradan ge\u00e7en y\u0131llar zarf\u0131nda oyun \u015fekillenmi\u015f, geli\u015ftirilmi\u015f, halka m\u00e2l olmu\u015f, halk oyunlar\u0131 olarak her toplulukta de\u011fi\u015fik t\u00fcrde k\u0131yafetler ve ka\u015f\u0131klarla oynanmaya di\u011fer y\u00f6resel oyunlar\u0131n aras\u0131na girmeye ba\u015flam\u0131\u015ft\u0131.<\/div>\n<div dir=\"auto\">O d\u00f6nemlerde Anamur\u2019da lise olmad\u0131\u011f\u0131 i\u00e7in civar il ve il\u00e7elere okumaya giden gen\u00e7ler bu oyunu oralarda da sergilemeye ba\u015flam\u0131\u015f,<\/div>\n<div dir=\"auto\">Ham \u00e7\u00f6kelek ad\u0131 verilen Anamur\u2019un y\u00f6resel halk oyunu buralarda da benimsenmi\u015f, hatta kendilerine mal edilmi\u015fti.<\/div>\n<div dir=\"auto\">\u00d6yle ki baz\u0131 il\u00e7elerimiz ham \u00e7\u00f6kelek\u2019in kendi y\u00f6relerinin halk oyunlar\u0131 oldu\u011funu s\u00f6ylemi\u015fler, kendilerinden izinsiz seslendirdi diye baz\u0131 ses sanat\u00e7\u0131lar\u0131n\u0131 mahkemeye bile vermi\u015flerdi.<\/div>\n<div dir=\"auto\">Oysa ham \u00e7\u00f6kelek Anamur y\u00f6resinde \u00e7\u0131kan bir halk oyunuydu ve herkesin mal\u0131yd\u0131.<\/div>\n<div dir=\"auto\">Gerali, ham \u00e7\u00f6kele\u011fin baz\u0131 il\u00e7elerce kendi y\u00f6relerinden \u00e7\u0131kan Halk Oyunu oldu\u011fu iddias\u0131 onun bu \u00fcn\u00fcn\u00fc daha da art\u0131rm\u0131\u015f ve tamamen T\u00fcrk halk\u0131na mal olmu\u015ftur.<\/div>\n<div dir=\"auto\">O hi\u00e7bir y\u00f6renin de\u011fil art\u0131k T\u00fcrk halk\u0131n\u0131n, T\u00fcrk insan\u0131n mal\u0131d\u0131r.<\/div>\n<div dir=\"auto\">T\u00fcrk halk\u0131 sevilen insanlar\u0131n kendi y\u00f6relerinden \u00e7\u0131kt\u0131\u011f\u0131n\u0131 s\u00f6yleye gelmi\u015ftir.<\/div>\n<div dir=\"auto\">Nitekim \u00fcnl\u00fc \u015fairimiz Yunus Emre i\u00e7inde b\u00f6yle olmu\u015ftur.<\/div>\n<div dir=\"auto\">Bu g\u00fcn Yunus Emre\u2019nin mezar\u0131n\u0131n kendi y\u00f6relerinde oldu\u011funu s\u00f6yleyen ve Yunus Emre i\u00e7in an\u0131t mezar\u0131 yapt\u0131ran onlarca ilimiz, il\u00e7emiz vard\u0131r.<\/div>\n<div dir=\"auto\">Bu; Yunus Emre\u2019nin T\u00fcrk halk\u0131n\u0131n g\u00f6nl\u00fcnde h\u00e2la ya\u015famakta oldu\u011funun i\u015fareti\u2019dir.<\/div>\n<div dir=\"auto\">Gerali i\u00e7in de durum ayn\u0131d\u0131r.<\/div>\n<div dir=\"auto\">Baz\u0131 il\u00e7elerimizin Gerali\u2019nin kendi y\u00f6relerinde ya\u015fad\u0131\u011f\u0131n\u0131 iddia etmesi onun T\u00fcrk Halk\u0131na mal oldu\u011funun ve halk\u0131m\u0131z\u0131n g\u00f6nl\u00fcnde ya\u015fad\u0131\u011f\u0131n\u0131n en belirgin \u00f6rne\u011fidir.<\/div>\n<div dir=\"auto\">*****<\/div>\n<div dir=\"auto\">GERAL\u0130 HAM\u00c7\u00d6KELEK \u0130N S\u00d6ZLER\u0130 \u015e\u00d6YLED\u0130R:<\/div>\n<div dir=\"auto\">Birine ald\u0131k bir edik.<\/div>\n<div dir=\"auto\">\u00d6tekine de alal\u0131m dedik<\/div>\n<div dir=\"auto\">\u0130ki avrat ald\u0131k ta Bir halt m\u0131 yedik,Geralim Hey,hey\u2026<\/div>\n<div dir=\"auto\">Geli geliver k\u0131z sekerek<\/div>\n<div dir=\"auto\">Bo\u011faz\u0131na dursun Ham \u00e7\u00f6kelek<\/div>\n<div dir=\"auto\">Avrad\u0131n k\u00f6t\u00fcs\u00fc K\u00f6t\u00fcden k\u00f6t\u00fc.<\/div>\n<div dir=\"auto\">Dolapta kokutmu\u015f y\u00fcz dirhem eti<\/div>\n<div dir=\"auto\">Ba\u015f\u0131na d\u00fc\u015f\u00fcrm\u00fc\u015f sirke ile biti<\/div>\n<div dir=\"auto\">Yand\u0131m k\u00f6t\u00fc avrad\u0131n elinden Hey hey\u2026<\/div>\n<div dir=\"auto\">Geli geliver k\u0131z sekerek<\/div>\n<div dir=\"auto\">Bo\u011faz\u0131na dursun Ham\u00e7\u00f6kelek<\/div>\n<div dir=\"auto\">G\u0131r e\u015fe\u011fe biner de Ka\u015foluktan a\u015far\u0131m<\/div>\n<div dir=\"auto\">Can\u0131m\u0131 s\u0131kmay\u0131n Avratlar da \u0130kinizi de birden bo\u015far\u0131m<\/div>\n<div dir=\"auto\">Geralim hey hey\u2026<\/div>\n<div dir=\"auto\">Geli geliver k\u0131z sekerek<\/div>\n<div dir=\"auto\">Bo\u011faz\u0131na dursun Ham\u00e7\u00f6kelek<\/div>\n<div dir=\"auto\">Gerali dedikleri de bir ala Dana<\/div>\n<div dir=\"auto\">\u00c7ekmi\u015f b\u0131\u00e7a\u011f\u0131 \u00e7\u0131km\u0131\u015f Meydana<\/div>\n<div dir=\"auto\">Birinin ad\u0131 Hediye birinin Ad\u0131 Dudu ya<\/div>\n<div dir=\"auto\">Yand\u0131m iki avrat elinden Hey hey\u2026<\/div>\n<div dir=\"auto\">Son<\/div>\n<\/div>\n<div class=\"yj6qo\"><\/div>\n<div class=\"adL\"><\/div>\n<\/div>\n<\/div>\n<\/div>\n<div id=\"avWBGd-24\" class=\"WhmR8e\" data-hash=\"0\"><\/div>\n<\/div>\n<\/div>\n","protected":false},"excerpt":{"rendered":"<p>Gerali sade bir t\u00f6renle Dudu ile de evlenmi\u015f, ikinci evlili\u011fini yapm\u0131\u015ft\u0131. Bu ikinci evlilik neden ve nas\u0131l olmu\u015ftu? Olay \u00fc\u00e7 ki\u015finin aras\u0131nda ge\u00e7ti\u011fi i\u00e7in neler konu\u015fuldu\u011funu anlamak m\u00fcmk\u00fcn de\u011fildi. Gerali iki e\u015fli olarak hayat\u0131n\u0131 s\u00fcrd\u00fcr\u00fcrken ge\u00e7im s\u0131k\u0131nt\u0131s\u0131 ba\u015flam\u0131\u015f, ilerleyen y\u0131llarda evin ihtiya\u00e7lar\u0131n\u0131 kar\u015f\u0131layamaz duruma gelmi\u015fti. \u015eehir merkezine gider evin ihtiya\u00e7lar\u0131n\u0131 gidermeye \u00e7al\u0131\u015f\u0131rd\u0131. Bir defas\u0131nda e\u015fi [&hellip;]<\/p>\n","protected":false},"author":11,"featured_media":117662,"comment_status":"open","ping_status":"open","sticky":false,"template":"","format":"standard","meta":{"footnotes":""},"categories":[21],"tags":[],"class_list":["post-119673","post","type-post","status-publish","format-standard","has-post-thumbnail","hentry","category-gazi-mert"],"views":91,"_links":{"self":[{"href":"https:\/\/mersingazetesi.com\/index.php\/wp-json\/wp\/v2\/posts\/119673","targetHints":{"allow":["GET"]}}],"collection":[{"href":"https:\/\/mersingazetesi.com\/index.php\/wp-json\/wp\/v2\/posts"}],"about":[{"href":"https:\/\/mersingazetesi.com\/index.php\/wp-json\/wp\/v2\/types\/post"}],"author":[{"embeddable":true,"href":"https:\/\/mersingazetesi.com\/index.php\/wp-json\/wp\/v2\/users\/11"}],"replies":[{"embeddable":true,"href":"https:\/\/mersingazetesi.com\/index.php\/wp-json\/wp\/v2\/comments?post=119673"}],"version-history":[{"count":1,"href":"https:\/\/mersingazetesi.com\/index.php\/wp-json\/wp\/v2\/posts\/119673\/revisions"}],"predecessor-version":[{"id":119674,"href":"https:\/\/mersingazetesi.com\/index.php\/wp-json\/wp\/v2\/posts\/119673\/revisions\/119674"}],"wp:featuredmedia":[{"embeddable":true,"href":"https:\/\/mersingazetesi.com\/index.php\/wp-json\/wp\/v2\/media\/117662"}],"wp:attachment":[{"href":"https:\/\/mersingazetesi.com\/index.php\/wp-json\/wp\/v2\/media?parent=119673"}],"wp:term":[{"taxonomy":"category","embeddable":true,"href":"https:\/\/mersingazetesi.com\/index.php\/wp-json\/wp\/v2\/categories?post=119673"},{"taxonomy":"post_tag","embeddable":true,"href":"https:\/\/mersingazetesi.com\/index.php\/wp-json\/wp\/v2\/tags?post=119673"}],"curies":[{"name":"wp","href":"https:\/\/api.w.org\/{rel}","templated":true}]}}