{"id":119405,"date":"2025-12-16T09:39:51","date_gmt":"2025-12-16T06:39:51","guid":{"rendered":"https:\/\/mersingazetesi.com\/?p=119405"},"modified":"2025-12-16T09:39:51","modified_gmt":"2025-12-16T06:39:51","slug":"folklor-halk-oyunari-hikayesi-gerali-3","status":"publish","type":"post","link":"https:\/\/mersingazetesi.com\/index.php\/2025\/12\/16\/folklor-halk-oyunari-hikayesi-gerali-3\/","title":{"rendered":"FOLKL\u00d6R: HALK OYUNARI H\u0130KAYES\u0130: GERAL\u0130 ( 3 )"},"content":{"rendered":"<div class=\"gs\">\n<div class=\"\">\n<div id=\":n7\" class=\"ii gt\">\n<div id=\":n6\" class=\"a3s aiL\">\n<div id=\"avWBGd-100\">\n<div dir=\"ltr\">\n<div dir=\"auto\">Maden oca\u011f\u0131 Ali i\u00e7in adeta bir okul olmu\u015f, orada \u00e7ok \u015fey \u00f6\u011frenmi\u015f, \u015fahsiyetini kazanm\u0131\u015f, kabiliyetleri-becerileri ortaya \u00e7\u0131km\u0131\u015ft\u0131.<\/div>\n<div dir=\"auto\">Uzun k\u0131\u015f gecelerinde tertiplenen e\u011flencelerde g\u00fcn\u00fc birlik uydurdu\u011fu manilerle, \u015fiirlerle, \u015fark\u0131larla, t\u00fcrk\u00fclerle e\u011flencelere renk kat\u0131yordu.<\/div>\n<div dir=\"auto\">Ali \u015fair ruhlu biri olup \u00e7\u0131km\u0131\u015ft\u0131.<\/div>\n<div dir=\"auto\">Her olay\u0131 d\u00f6rtl\u00fcklere,\u00a0\u015fiire d\u00f6k\u00fcyordu.<\/div>\n<div dir=\"auto\">Bir sabah kahvalt\u0131s\u0131nda kat\u0131m\u0131\u015f dar\u0131 ekme\u011finin i\u00e7ine koydu\u011fu \u00e7\u00f6kelek bo\u011faz\u0131na durmu\u015f, arkada\u015f\u0131 Hasan\u2019dan acele su istemi\u015f, onun biraz gecikmesi \u00fczerine de ona serzeni\u015fte bulunarak:<\/div>\n<div dir=\"auto\">\u201cHasan suyu getirdi getirecek<\/div>\n<div dir=\"auto\">Bo\u011faz\u0131na durdu ham\u00e7\u00f6kelek<\/div>\n<div dir=\"auto\">Geliver- geliver aslan karde\u015f geliver<\/div>\n<div dir=\"auto\">Ali karde\u015fini \u00e7\u00f6kelekten kurtar\u0131ver\u201d<\/div>\n<div dir=\"auto\">diye bir d\u00f6rtl\u00fck uyduruvermi\u015fti.<\/div>\n<div dir=\"auto\">Kim bilir bu d\u00f6rtl\u00fck belki de ham\u00e7\u00f6kelek ad\u0131 verilecek olan halk oyunumuzun ilk ba\u015flang\u0131\u00e7 dizeleri olacakt\u0131.<\/div>\n<div dir=\"auto\">Art\u0131k Ali kime k\u0131z\u0131yorsa, kimi lanetlemek istiyorsa:<\/div>\n<div dir=\"auto\">\u201cBo\u011faz\u0131na dursun ham\u00e7\u00f6kelek\u201d diye ileniyordu.<\/div>\n<div dir=\"auto\">Y\u0131llar y\u0131llar\u0131 kovalam\u0131\u015f t\u00fcm \u00fclkede k\u0131tl\u0131k ba\u015f g\u00f6stermi\u015fti.<\/div>\n<div dir=\"auto\">Vin\u00e7\u2019teki madende, fabrikada ve Yo\u011funduvar\u2019da gemi y\u00fcklemede \u00e7al\u0131\u015fan i\u015f\u00e7ilere yemek konusunda k\u0131s\u0131tlama gelmi\u015fti.<\/div>\n<div dir=\"auto\">\u00c7\u00f6kelek i\u015f\u00e7ilerin ba\u015fl\u0131ca yiyece\u011fi olmu\u015ftu\u2026<\/div>\n<div dir=\"auto\">\u2026ve Ali ile \u00f6zde\u015fle\u015fmi\u015fti.<\/div>\n<div dir=\"auto\">Eskiden y\u00f6resel Anamur yemekleri ile beslenen i\u015f\u00e7ilerin yiyecekleri aras\u0131na de\u011firmende \u00f6\u011f\u00fct\u00fclerek un haline getirilmi\u015f dar\u0131 ko\u00e7an\u0131 unundan yap\u0131lan ekmekle \u00e7\u00f6kelek de girmi\u015fti.<\/div>\n<div dir=\"auto\">K\u0131tl\u0131k nedeniyle o devrin h\u00fckumeti \u00fclke genelinde bir defaya mahsus olmak \u00fczere t\u00fcm i\u015f yerlerinden vergi al\u0131nmas\u0131n\u0131 kararla\u015ft\u0131rm\u0131\u015ft\u0131.<\/div>\n<div dir=\"auto\">Vergileri tespit etme g\u00f6revi Valilere verilmi\u015fti.<\/div>\n<div dir=\"auto\">O d\u00f6nemde Mersin \u0130linin en g\u00f6zde i\u015f yeri Vehbi Ko\u00e7 ve bir yabanc\u0131 \u015firketin birlikte i\u015flettikleri Anamur\u2019daki kur\u015fun madeni fabrikas\u0131yd\u0131.<\/div>\n<div dir=\"auto\">Y\u0131llar sonra say\u0131n Vehbi Ko\u00e7\u2019un hat\u0131ralar\u0131nda yazd\u0131\u011f\u0131 \u015fekliyle kur\u015fun madenine \u00f6yle bir vergi konulmu\u015ftu ki bu vergiyi \u00f6deyebilmek i\u00e7in fabrikan\u0131n sat\u0131lmas\u0131 gerekiyordu.<\/div>\n<div dir=\"auto\">Say\u0131n Vehbi Ko\u00e7 \u2018Hayat Hik\u00e2yem\u2019 ad\u0131n\u0131 verdi\u011fi hayat\u0131n\u0131 anlatan kitab\u0131n\u0131n 69\u2019uncu sayfas\u0131nda VARLIK VERG\u0130S\u0130 ba\u015fl\u0131\u011f\u0131 alt\u0131nda aynen \u015funlar\u0131 yaz\u0131yordu:<\/div>\n<div dir=\"auto\">\u201cMerhum \u015e\u00fckr\u00fc Sara\u00e7o\u011flu bey Ba\u015fbakan, Fuat A\u011fral\u0131 bey Maliye Bakan\u0131 idi.<\/div>\n<div dir=\"auto\">Varl\u0131k Vergisi ad\u0131 alt\u0131nda bir vergi kanunu \u00e7\u0131kard\u0131lar.<\/div>\n<div dir=\"auto\">Bu verginin matrah\u0131 takdire ba\u011fl\u0131yd\u0131.<\/div>\n<div dir=\"auto\">Her ilde komisyonlar kuruldu. Bu komisyonlar\u0131n koyduklar\u0131 vergilerin itiraz\u0131, temyizi yoktu ve T\u00fcrk tarihinde e\u015fi benzeri olmayan bir vergiydi.<\/div>\n<div dir=\"auto\">\u0130lk hamlede bana da 350.000 lira vergi takdir edilmi\u015fti.<\/div>\n<div dir=\"auto\">O vakit Ankara ve \u0130stanbul\u2019da ma\u011fazalar\u0131m, Karalyan\u2019la ortakla\u015fa Orhangazi\u2019de 8.000 liraya al\u0131nm\u0131\u015f bir k\u00f6y zeytinya\u011f\u0131 de\u011firmeni ile Gemlik\u2019de 40.000 liraya al\u0131nm\u0131\u015f bir fabrikam\u0131z, bir de Anamur\u2019da Mehmet Karamanc\u0131 ve Canik Vertel\u2019le ortak bir kur\u015fun madenimiz vard\u0131.<\/div>\n<div dir=\"auto\">Bulunduklar\u0131 b\u00f6lgelerde en b\u00fcy\u00fck vergiyi alabilmek i\u00e7in,m\u00fclkiye \u00e2mirleri yar\u0131\u015fa girmi\u015fler.<\/div>\n<div dir=\"auto\">Gemlik\u2019te iki fabrikan\u0131n maliyeti 48.000 lira iken 40.000 liral\u0131k varl\u0131k vergisi,100.000 liral\u0131k Anamur kur\u015fun madenine de 200.000 lira varl\u0131k vergisi geldi.<\/div>\n<div dir=\"auto\">\u015euradan buradan yaz\u0131lan vergilerle bana d\u00fc\u015fen vergi milyona yakla\u015ft\u0131.<\/div>\n<div dir=\"auto\">Uzun u\u011fra\u015fmalardan sonra, m\u00fckerrer vergiler yaz\u0131ld\u0131\u011f\u0131n\u0131 isbat ederek bana takdir edilen Varl\u0131k Vergisini 600.000 liraya indirdik, hepsini \u00f6dedik\u2026\u201d<\/div>\n<div dir=\"auto\">Ayn\u0131 sayfada bir zeytinya\u011f\u0131 fabrikas\u0131n\u0131 Varl\u0131k Vergisi y\u00fcz\u00fcnden satt\u0131\u011f\u0131n\u0131 belirlen Vehbi Ko\u00e7, T\u00fcrkiye genelinde kurdu\u011fu onlarca fabrikan\u0131n tamam\u0131n\u0131n \u00f6deyece\u011fi vergiden daha fazlas\u0131n\u0131n Anamur\u2019daki kur\u015fun madenine kondu\u011funu ve itiraz etme \u015fans\u0131n\u0131n da olmad\u0131\u011f\u0131n\u0131 g\u00f6r\u00fcnce T\u00fcrk ve yabanc\u0131 \u015firket yetkilileriyle toplant\u0131lar yapm\u0131\u015f, vergi \u00f6denmi\u015f fakat kur\u015fun madeni fabrikas\u0131 kapanm\u0131\u015ft\u0131.<\/div>\n<div dir=\"auto\">Var olan madene \u201cyok\u201d raporu verilmi\u015fti.<\/div>\n<div dir=\"auto\">( devam edecek )<\/div>\n<\/div>\n<div class=\"yj6qo\"><\/div>\n<div class=\"adL\"><\/div>\n<\/div>\n<\/div>\n<\/div>\n<div id=\"avWBGd-101\" class=\"WhmR8e\" data-hash=\"0\"><\/div>\n<\/div>\n<\/div>\n","protected":false},"excerpt":{"rendered":"<p>Maden oca\u011f\u0131 Ali i\u00e7in adeta bir okul olmu\u015f, orada \u00e7ok \u015fey \u00f6\u011frenmi\u015f, \u015fahsiyetini kazanm\u0131\u015f, kabiliyetleri-becerileri ortaya \u00e7\u0131km\u0131\u015ft\u0131. Uzun k\u0131\u015f gecelerinde tertiplenen e\u011flencelerde g\u00fcn\u00fc birlik uydurdu\u011fu manilerle, \u015fiirlerle, \u015fark\u0131larla, t\u00fcrk\u00fclerle e\u011flencelere renk kat\u0131yordu. Ali \u015fair ruhlu biri olup \u00e7\u0131km\u0131\u015ft\u0131. Her olay\u0131 d\u00f6rtl\u00fcklere,\u00a0\u015fiire d\u00f6k\u00fcyordu. Bir sabah kahvalt\u0131s\u0131nda kat\u0131m\u0131\u015f dar\u0131 ekme\u011finin i\u00e7ine koydu\u011fu \u00e7\u00f6kelek bo\u011faz\u0131na durmu\u015f, arkada\u015f\u0131 Hasan\u2019dan [&hellip;]<\/p>\n","protected":false},"author":11,"featured_media":117662,"comment_status":"open","ping_status":"open","sticky":false,"template":"","format":"standard","meta":{"footnotes":""},"categories":[21],"tags":[],"class_list":["post-119405","post","type-post","status-publish","format-standard","has-post-thumbnail","hentry","category-gazi-mert"],"views":84,"_links":{"self":[{"href":"https:\/\/mersingazetesi.com\/index.php\/wp-json\/wp\/v2\/posts\/119405","targetHints":{"allow":["GET"]}}],"collection":[{"href":"https:\/\/mersingazetesi.com\/index.php\/wp-json\/wp\/v2\/posts"}],"about":[{"href":"https:\/\/mersingazetesi.com\/index.php\/wp-json\/wp\/v2\/types\/post"}],"author":[{"embeddable":true,"href":"https:\/\/mersingazetesi.com\/index.php\/wp-json\/wp\/v2\/users\/11"}],"replies":[{"embeddable":true,"href":"https:\/\/mersingazetesi.com\/index.php\/wp-json\/wp\/v2\/comments?post=119405"}],"version-history":[{"count":1,"href":"https:\/\/mersingazetesi.com\/index.php\/wp-json\/wp\/v2\/posts\/119405\/revisions"}],"predecessor-version":[{"id":119406,"href":"https:\/\/mersingazetesi.com\/index.php\/wp-json\/wp\/v2\/posts\/119405\/revisions\/119406"}],"wp:featuredmedia":[{"embeddable":true,"href":"https:\/\/mersingazetesi.com\/index.php\/wp-json\/wp\/v2\/media\/117662"}],"wp:attachment":[{"href":"https:\/\/mersingazetesi.com\/index.php\/wp-json\/wp\/v2\/media?parent=119405"}],"wp:term":[{"taxonomy":"category","embeddable":true,"href":"https:\/\/mersingazetesi.com\/index.php\/wp-json\/wp\/v2\/categories?post=119405"},{"taxonomy":"post_tag","embeddable":true,"href":"https:\/\/mersingazetesi.com\/index.php\/wp-json\/wp\/v2\/tags?post=119405"}],"curies":[{"name":"wp","href":"https:\/\/api.w.org\/{rel}","templated":true}]}}