{"id":119361,"date":"2025-12-15T16:24:03","date_gmt":"2025-12-15T13:24:03","guid":{"rendered":"https:\/\/mersingazetesi.com\/?p=119361"},"modified":"2025-12-15T16:24:03","modified_gmt":"2025-12-15T13:24:03","slug":"ulkemizin-dort-ana-sorunu-ekonomi-adalet-egitim-issizlik","status":"publish","type":"post","link":"https:\/\/mersingazetesi.com\/index.php\/2025\/12\/15\/ulkemizin-dort-ana-sorunu-ekonomi-adalet-egitim-issizlik\/","title":{"rendered":"\u00dcLKEM\u0130Z\u0130N D\u00d6RT ANA SORUNU! EKONOM\u0130, ADALET, E\u011e\u0130T\u0130M, \u0130\u015eS\u0130ZL\u0130K"},"content":{"rendered":"<div>\u00dclkemizin o kadar \u00e7ok sorunu var ki! Bu sorunlar\u0131 g\u00fcnlerce saysak bitmez.\u00a0Fakat bu sorunlar aras\u0131nda \u015fu d\u00f6rd\u00fc \u00e7ok \u00f6ne \u00e7\u0131k\u0131yor.<\/div>\n<div>Bunu nereden mi biliyoruz? G\u00fcnl\u00fck hayatta ya\u015fad\u0131klar\u0131m\u0131zdan ve anket \u015firketlerince zaman zaman yap\u0131lan kamuoyu yoklamalar\u0131ndan.<\/div>\n<div>Peki, nedir bu sorunlar?<\/div>\n<div>Bu sorunlardan ilki ekonomidir. Genelinde ekonomi, \u00f6zelinde ise enflasyon ve hayat pahal\u0131l\u0131\u011f\u0131. \u0130kincisi adalettir. Genelinde adalet, \u00f6zelinde ise hukuksal adalet ve sosyal adalet. \u00dc\u00e7\u00fcnc\u00fcs\u00fc e\u011fitimdir. D\u00f6rd\u00fcnc\u00fcs\u00fc i\u015fsizlik. \u00d6zellikle de \u00e7o\u011funlu\u011funu \u00fcniversite mezunlar\u0131n\u0131n olu\u015fturdu\u011fu gen\u00e7 i\u015fsizlik. Hepimizin bildi\u011fi \u00fczre \u00dclkemiz ekonomisi pek iyi durumda de\u011fil.<\/div>\n<div>Bu da enflasyon ve hayat pahal\u0131l\u0131\u011f\u0131 olarak kar\u015f\u0131m\u0131za \u00e7\u0131k\u0131yor ve Toplumun ezici \u00e7o\u011funlu\u011funun can\u0131n\u0131 yak\u0131yor. Sadece can\u0131n\u0131 yaksa iyi, toplumda ahlaki bozulmaya ve yozla\u015fmaya da yol a\u00e7\u0131yor. Ekonomiyi d\u00fczeltmenin yolu, kaynaklar\u0131 planl\u0131, do\u011fru ve verimli kullanmaktan ve israf\u0131 \u00f6nlemekten ge\u00e7er.<\/div>\n<div>Ger\u00e7e\u011fi s\u00f6ylemek gerekirse, \u00dclke olarak her iki konuda da ba\u015far\u0131l\u0131 say\u0131lmay\u0131z. O y\u00fczdendir ki enflasyonu bir t\u00fcrl\u00fc a\u015fa\u011f\u0131 \u00e7ekemiyoruz. Enflasyonu a\u015fa\u011f\u0131 \u00e7ekebilmemiz i\u00e7in ekonominin gereklerini yerine getirmemiz \u015fart.<\/div>\n<div>Aksi halde, enflasyon ve hayat pahal\u0131l\u0131\u011f\u0131yla daha uzun y\u0131llar bo\u011fu\u015fmak zorunda kal\u0131r\u0131z.<\/div>\n<div>Adalet ve sosyal adalet konusunda da benzer bir durumday\u0131z. \u00c7\u00fcnk\u00fc hukuk sistemimiz yeterince adalet \u00fcretmiyor. \u00dcretse bile i\u015f i\u015ften ge\u00e7tikten sonra \u00fcretiyor. Bunun sonucu olarak da bir\u00e7ok meselede mafyatik yap\u0131lar i\u015fin i\u00e7ine giriyor. Bu da kriminal olaylar\u0131n artmas\u0131na yol a\u00e7arak toplumun rahat\u0131n\u0131 ve huzurunu bozuyor. Sadece rahat\u0131n\u0131 ve huzurunu bozmuyor, devlete duyulan g\u00fcveni de azalt\u0131yor.<\/div>\n<div>Sosyal adaletsizli\u011fin toplumda yol a\u00e7t\u0131\u011f\u0131 tahribat ise \u00e7ok daha a\u011f\u0131r.<\/div>\n<div>Toplumdaki ahlaki \u00e7\u00f6k\u00fc\u015f\u00fcn ve yozla\u015fman\u0131n as\u0131l nedeni gelir da\u011f\u0131l\u0131m\u0131 adaletsizli\u011fidir. \u00dclkemizde son on y\u0131lda orta direk nam\u0131na bir \u015fey kalmad\u0131. On y\u0131l \u00f6ncesinin orta dire\u011fi, g\u00fcn\u00fcm\u00fcz T\u00fcrkiye&#8217;sinde a\u00e7l\u0131k ve sefaletle bo\u011fu\u015fur bir hale geldi.<\/div>\n<div>E\u011fitim konusu, y\u0131llard\u0131r \u00e7\u00f6zemedi\u011fimiz bir ba\u015fka sorunumuz. Oysa yapmam\u0131z gereken \u015fey basit. E\u011fitimi \u00e7a\u011f\u0131n gereklerine ve toplumun ihtiya\u00e7lar\u0131na uygun hale getirmek. Bunu yaparken de laik ve bilimsel yap\u0131s\u0131n\u0131 korumak. Bizim e\u011fitim sistemimiz \u00e7a\u011f\u0131n gereklerine ve toplumun ihtiya\u00e7lar\u0131na uygun de\u011fil. Uygun olmad\u0131\u011f\u0131 i\u00e7in de \u00fcniversiteyi bitiren gen\u00e7lerimizin \u00e7o\u011fu bo\u015fta geziyor. Bo\u015fta gezmeyenler de alanlar\u0131 d\u0131\u015f\u0131ndaki i\u015flerde \u00e7al\u0131\u015fmak zorunda kal\u0131yor. \u00c7\u00fcnk\u00fc \u00dclkemizin ihtiyac\u0131 olan vas\u0131fl\u0131 insanlar\u0131 yeti\u015ftiremiyoruz.<\/div>\n<div>Liyakati g\u00f6zetmedi\u011fimiz i\u00e7in de iyi yeti\u015ftirdiklerimizin bir\u00e7o\u011funu yurt d\u0131\u015f\u0131na ka\u00e7\u0131r\u0131yoruz.<\/div>\n<div>\u0130\u015fsizlik konusuna gelince, gen\u00e7 i\u015fsizli\u011fi \u00f6nlemek i\u00e7in \u00fcniversite say\u0131s\u0131n\u0131 azaltmam\u0131z ve bu okullar\u0131n yerine teknik y\u00fcksekokullar a\u00e7mam\u0131z laz\u0131m. \u00c7\u00fcnk\u00fc \u00dclkemizin vas\u0131fs\u0131z \u00fcniversite mezunlar\u0131na de\u011fil, i\u015f ve meslek ahlak\u0131na sahip vas\u0131fl\u0131 teknik elemanlara ihtiyac\u0131 var.<\/div>\n<div dir=\"ltr\"><\/div>\n<div dir=\"ltr\">\u00a0 \u00a0 \u00a0 \u00a0 \u00a0 \u00a0 \u00a0 \u00d6ZL\u00dc S\u00d6ZLER\u0130M<\/div>\n<div dir=\"ltr\"><\/div>\n<div dir=\"ltr\">\u00a0 \u00a0 \u00a0 \u00a0 \u00a0 \u00a0 \u00a0SOSYAL ADALET<\/div>\n<div dir=\"ltr\"><\/div>\n<div dir=\"ltr\">&#8220;Hakk\u0131 sahibine teslim etmek adalettir! Nimeti ve k\u00fclfeti hak\u00e7a payla\u015fmak ise sosyal adalettir.&#8221;<\/div>\n<div id=\"m_-3246799511387315176ms-outlook-mobile-body-separator-line\" dir=\"ltr\"><\/div>\n<div dir=\"ltr\">\n<div dir=\"ltr\">\u00a0 \u00a0 \u00a0 \u00a0 \u00a0 \u00a0 \u00a0G\u00dc\u00c7L\u00dc \u00dcLKE<\/div>\n<div dir=\"ltr\"><\/div>\n<div dir=\"ltr\">&#8220;Bir \u00fclkeyi g\u00fc\u00e7l\u00fc ve g\u00fcvenli k\u0131lan \u015fey, d\u00fc\u015fman ve d\u00fc\u015fmanl\u0131k yaratmayan e\u011fitim, \u00fcretim, y\u00f6netim, payla\u015f\u0131m ve adalet sistemidir.&#8221;<\/div>\n<\/div>\n","protected":false},"excerpt":{"rendered":"<p>\u00dclkemizin o kadar \u00e7ok sorunu var ki! Bu sorunlar\u0131 g\u00fcnlerce saysak bitmez.\u00a0Fakat bu sorunlar aras\u0131nda \u015fu d\u00f6rd\u00fc \u00e7ok \u00f6ne \u00e7\u0131k\u0131yor. Bunu nereden mi biliyoruz? G\u00fcnl\u00fck hayatta ya\u015fad\u0131klar\u0131m\u0131zdan ve anket \u015firketlerince zaman zaman yap\u0131lan kamuoyu yoklamalar\u0131ndan. Peki, nedir bu sorunlar? Bu sorunlardan ilki ekonomidir. Genelinde ekonomi, \u00f6zelinde ise enflasyon ve hayat pahal\u0131l\u0131\u011f\u0131. \u0130kincisi adalettir. Genelinde adalet, [&hellip;]<\/p>\n","protected":false},"author":14,"featured_media":117633,"comment_status":"open","ping_status":"open","sticky":false,"template":"","format":"standard","meta":{"footnotes":""},"categories":[47],"tags":[],"class_list":["post-119361","post","type-post","status-publish","format-standard","has-post-thumbnail","hentry","category-erdogan-serin"],"views":725,"_links":{"self":[{"href":"https:\/\/mersingazetesi.com\/index.php\/wp-json\/wp\/v2\/posts\/119361","targetHints":{"allow":["GET"]}}],"collection":[{"href":"https:\/\/mersingazetesi.com\/index.php\/wp-json\/wp\/v2\/posts"}],"about":[{"href":"https:\/\/mersingazetesi.com\/index.php\/wp-json\/wp\/v2\/types\/post"}],"author":[{"embeddable":true,"href":"https:\/\/mersingazetesi.com\/index.php\/wp-json\/wp\/v2\/users\/14"}],"replies":[{"embeddable":true,"href":"https:\/\/mersingazetesi.com\/index.php\/wp-json\/wp\/v2\/comments?post=119361"}],"version-history":[{"count":2,"href":"https:\/\/mersingazetesi.com\/index.php\/wp-json\/wp\/v2\/posts\/119361\/revisions"}],"predecessor-version":[{"id":119363,"href":"https:\/\/mersingazetesi.com\/index.php\/wp-json\/wp\/v2\/posts\/119361\/revisions\/119363"}],"wp:featuredmedia":[{"embeddable":true,"href":"https:\/\/mersingazetesi.com\/index.php\/wp-json\/wp\/v2\/media\/117633"}],"wp:attachment":[{"href":"https:\/\/mersingazetesi.com\/index.php\/wp-json\/wp\/v2\/media?parent=119361"}],"wp:term":[{"taxonomy":"category","embeddable":true,"href":"https:\/\/mersingazetesi.com\/index.php\/wp-json\/wp\/v2\/categories?post=119361"},{"taxonomy":"post_tag","embeddable":true,"href":"https:\/\/mersingazetesi.com\/index.php\/wp-json\/wp\/v2\/tags?post=119361"}],"curies":[{"name":"wp","href":"https:\/\/api.w.org\/{rel}","templated":true}]}}