{"id":118180,"date":"2025-12-07T18:00:17","date_gmt":"2025-12-07T15:00:17","guid":{"rendered":"https:\/\/mersingazetesi.com\/?p=118180"},"modified":"2025-12-07T18:12:19","modified_gmt":"2025-12-07T15:12:19","slug":"mersinliler-vahsi-maden-talanina-karsi-ayaga-kalkin-cevre-mucadelesine-destek-verin","status":"publish","type":"post","link":"https:\/\/mersingazetesi.com\/index.php\/2025\/12\/07\/mersinliler-vahsi-maden-talanina-karsi-ayaga-kalkin-cevre-mucadelesine-destek-verin\/","title":{"rendered":"MERS\u0130NL\u0130LER VAH\u015e\u0130 MADEN TALANINA KAR\u015eI AYA\u011eA KALKIN..! \u00c7EVRE M\u00dcCADELES\u0130NE DESTEK VER\u0130N..!"},"content":{"rendered":"<p>Mustafa Kemal Atat\u00fcrk 17 Mart 1923\u2019te Mersin ziyaretinde, &#8220;Mersin\u2019e sahip \u00e7\u0131k\u0131n\u0131z&#8221; demi\u015ftir.<br \/>\nAncak g\u00fcn\u00fcm\u00fczde, 3 Ocak 1922 de kap\u0131dan silahla kovdu\u011fumuz i\u015fgalciler, bug\u00fcn para dolu \u00e7antalarla, i\u015f vaatleriyle, \u00e7\u0131karc\u0131 yerli i\u015fbirlik\u00e7ilerle \u00f6rt\u00fcl\u00fc olarak yeni bir i\u015fgali ger\u00e7ekle\u015ftiriyorlar.<br \/>\nMaden arama ve madencilik faaliyeti yapan \u015firketlerin bir \u00e7o\u011fu T\u00fcrk firmas\u0131 g\u00f6r\u00fcn\u00fcml\u00fc, yabanc\u0131lara hizmet eden veya yabanc\u0131 ortakl\u0131 \u015firketlerdir.<\/p>\n<p>\u00c7o\u011funlukla kurulu\u015f a\u015famas\u0131nda sahipleri ve ortaklar\u0131 T\u00fcrk olan maden \u015firketleri, daha sonra hisselerinin tamam\u0131n\u0131 veya \u00f6nemli bir k\u0131sm\u0131n\u0131 b\u00fcy\u00fck paralar kar\u015f\u0131l\u0131\u011f\u0131 yabanc\u0131lara satmaktad\u0131r. Dolay\u0131s\u0131yla \u00fclkemizin madenleri daha \u00e7ok yabanc\u0131lar\u0131n eline ge\u00e7mektedir. Bunun yaratt\u0131\u011f\u0131 vah\u015fi madencili\u011fin sonu\u00e7lar\u0131n\u0131 son \u00f6rne\u011fini \u0130li\u00e7\/Elaz\u0131\u011f\u2019da b\u00fcy\u00fck bir \u00f6l\u00fcml\u00fc kaza ile ya\u015fad\u0131k.<\/p>\n<p>ANADOLU\u2019DA M\u0130LYONLARCA YILDA OLU\u015eMU\u015e SIRADA\u011eLARI \u00dcZER\u0130NDE \u00c7OK ZENG\u0130N MADEN YATAKLARINA SAH\u0130PT\u0130R<\/p>\n<p>Jeolojik olarak, Asya k\u0131tas\u0131n\u0131n uzant\u0131s\u0131 olan Anadolu Yar\u0131madas\u0131 , Afrika k\u0131tas\u0131n\u0131n g\u00fcneyden g\u00fcn\u00fcm\u00fczde her y\u0131l 1-3 milim Kuzey&#8217;e do\u011fru, Asya k\u0131tas\u0131n\u0131 (Anadolu ve ege Adalar\u0131 alt\u0131ndan ge\u00e7en jeolojik katmanlardan) s\u0131k\u0131\u015ft\u0131rd\u0131\u011f\u0131n\u0131 bir Bilim Teknik dergisinde okumu\u015ftum.<\/p>\n<p>Bu hareketlilik nedeniyle, Anadolu\u2019da yerin kilometrelerce alt\u0131nda fay hatlar\u0131 ve k\u0131r\u0131lmalar nedeniyle y\u00fczy\u0131llar boyu depremler olu\u015fmaktad\u0131r.<br \/>\nEn son 2023 y\u0131l\u0131 ba\u015flar\u0131nda G\u00fcney Do\u011fu Anadolu Fay Hatt\u0131\u2018n\u0131n \u00fczerinde bulunan on ilimizde b\u00fcy\u00fck bir fay hatlar\u0131n harekete ge\u00e7mesi ve Antalya\u2019ya kadar uzanan domino etkisi faylar\u0131n k\u0131r\u0131lmas\u0131yla b\u00fcy\u00fck bir deprem felaket ya\u015fad\u0131k. 50.000\u2019den fazla insan\u0131m\u0131z \u00f6ld\u00fc.<\/p>\n<p>Asl\u0131nda, Akdeniz \u00e7ana\u011f\u0131n da ilk \u00e7a\u011flardan bu yana b\u00fcy\u00fck depremler olmaktad\u0131r. Bunun en b\u00fcy\u00fck kan\u0131t\u0131 Mersin\u2019deki Soli antik kenti harabeleridir. K\u0131br\u0131s ve Mersin aras\u0131nda ya\u015fanan b\u00fcy\u00fck bir deprem sonras\u0131nda olu\u015fan tsunami ile y\u0131k\u0131lm\u0131\u015f \u00c7amurlu topraklar alt\u0131nda kalm\u0131\u015ft\u0131r.<\/p>\n<p>TOROS SIRADA\u011eLARI NAD\u0130R ELEMENTLERE SAH\u0130PT\u0130R<\/p>\n<p>Anadolu co\u011frafyam\u0131zda milyonlarca y\u0131l \u00f6nce ya\u015fanan bu \u00e7ok b\u00fcy\u00fck depremlerde , ilk \u00e7a\u011flardan beri denizin i\u00e7inden veya karada ma\u011fmaya yak\u0131n katmanlar\u0131n yer \u00fcst\u00fcnde da\u011f veya ova olarak yer almaktad\u0131r. Toros (Bolkarlar) s\u0131rada\u011flar\u0131 da b\u00f6yle jeolojik olaylar sonucu y\u00fckselmesinden neden olmu\u015ftur .<\/p>\n<p>Lise ve \u00fcniversite \u00f6\u011frencili\u011fimizde kimya derslerinde -kimyasal elementler tablosunda- okudu\u011fumuz, ancak nerede ve nas\u0131l \u00e7\u0131kar\u0131ld\u0131\u011f\u0131n\u0131 bilmedi\u011fimiz bir \u00e7ok kimyasal elementler vard\u0131.<\/p>\n<p>Bug\u00fcn teknoloji ilerledik\u00e7e baz\u0131 nadir bulunan elementlerin \u00f6nemi artmaktad\u0131r \u00d6rne\u011fin, son y\u0131llarda Lityum(Li) elementinin, elektrikli ara\u00e7lar\u0131n ak\u00fcs\u00fcnde uzun s\u00fcre depolamay\u0131 sa\u011flayan bir element oldu\u011funu ve gelecekte \u00e7ok ihtiya\u00e7 duyulacak bir element oldu\u011funu \u00f6\u011frendik .<br \/>\n\u00d6te yandan ABD ba\u015fkan\u0131 Trump\u2018\u0131n Zelenski ve Erdo\u011fan ile resmi g\u00f6r\u00fc\u015fmelerinde magazin haberi olarak g\u00fcndeme gelen -nadir elementler- konusunu d\u00fcnya g\u00fcndemine ta\u015f\u0131d\u0131.<\/p>\n<p>Bug\u00fcnde g\u00fcndemimizde olmayan ama gelecekte bunun gibi bir \u00e7ok bor madeni gibi bir \u00e7ok kimyasal minerallerin \u00fclkemizde \u00e7ok oldu\u011fu anla\u015f\u0131l\u0131yor. Bug\u00fcn madenlerimiz en b\u00fcy\u00fck . Maden ve minerallerimiz asl\u0131nda bug\u00fcn ve gelecekte i\u015fleyebilecek y\u00fcksek teknolojiye sahip olunca \u00e7ok \u00f6nemli bir gelir kayna\u011f\u0131m\u0131z olabilecektir.<\/p>\n<p>21. YY SU VE GIDANIN Y\u00dcZYILI OLACAK<\/p>\n<p>20. YY petrol ve enerjinin y\u00fczy\u0131l\u0131 idi. 21. YY Suyun ve G\u0131dan\u0131n y\u00fczy\u0131l\u0131 olaca\u011f\u0131 konusunda t\u00fcm bilim insanlar\u0131 ve uzmanlar hemfikirdir.<br \/>\nAncak, \u00dclkemizde bu y\u0131l ya\u015fad\u0131\u011f\u0131m\u0131z b\u00fcy\u00fck kurakl\u0131k nedeniyle ya\u011f\u0131\u015flar\u0131n y\u00fczde 30 azald\u0131\u011f\u0131n\u0131 resmi olarak ifade edilmektedir.<\/p>\n<p>\u00d6te yandan iklim krizi nedeniyle ge\u00e7en y\u0131l ya\u015fad\u0131\u011f\u0131m\u0131z don felaketinden dolay\u0131 b\u00f6lgemizde meyve \/sebze \u00fcretimi \u00f6nemli \u00f6l\u00e7\u00fcde azalm\u0131\u015ft\u0131r. Art\u0131k bundan sonra benzer geli\u015fmelerle giderek daha \u00e7ok kar\u015f\u0131la\u015faca\u011f\u0131m\u0131z haberleri ulusal medyam\u0131zda yer almaktad\u0131r.<br \/>\n\u00dclkemiz, \u00e7oktan tar\u0131mda kendi kendine yeterli \u00fclkeler i\u00e7inden \u00e7\u0131km\u0131\u015ft\u0131r. Tar\u0131msal da ithalat\u0131 her ge\u00e7en y\u0131l artmakta, \u00fclkemizin ekonomisi giderek a\u00e7\u0131k vermekte a\u00e7l\u0131k tehlikesi artmaktad\u0131r.<br \/>\nBu ko\u015fullarda, \u00f6nemli bir ihracat kalemimiz olan madencilik faaliyetlerinin yap\u0131lmas\u0131 esnas\u0131nda Mersinliler olarak do\u011fam\u0131za ve suyumuza kar\u015f\u0131 \u00e7ok daha dikkatli ve \u00f6zenli olmam\u0131z gerekiyor.<br \/>\n\u00d6te yandan, Mersin B\u00fcy\u00fck\u015fehir Belediyesi yetkilileri, bu konuda barajlar\u0131n doluluk oran\u0131n\u0131n azald\u0131\u011f\u0131n\u0131 ifade ederek i\u00e7me suyunun daha dikkatli kullanmas\u0131 gerekti\u011fini ilan panolar\u0131nda s\u0131k s\u0131k duyuruyor.<\/p>\n<p>TOROS DA\u011eLARI GE\u00c7\u0130RGEN B\u0130R YAPIYA SAH\u0130PT\u0130R<br \/>\nJeolojik olarak Toros da\u011flar\u0131n\u0131n (Bolkarlar) ge\u00e7irgen toprak ve kaya katmanlardan olu\u015ftu\u011fu bilinmektedir. Bu nedenle Toros da\u011flar\u0131nda karlar\u0131n erimesi ile olu\u015fan \u00e7ok say\u0131da yeralt\u0131 ve yer\u00fcst\u00fc dereleri ve nehirleri vard\u0131r. \u00d6zellikle g\u00f6r\u00fcnmeyen yeralt\u0131 sular\u0131 ve dereleri \u00e7oktur.<br \/>\nBunlar\u0131n en pop\u00fcler olanlar\u0131 Mersinlerin \u00e7ok iyi bildi\u011fi Narl\u0131kuyu&#8217;daki plajlarda, deniz suyunda i\u00e7inde yer yer \u00e7ok so\u011fuk su katmanlar\u0131 olmas\u0131 ve -cennet -cehennem turistik mevkiinde &#8211; ma\u011fara dibinde u\u011fultusunu duydu\u011fumuz yeralt\u0131 Nehri\u2019nin varl\u0131\u011f\u0131d\u0131r .<\/p>\n<p>M\u00dcFT\u00dc DERES\u0130N\u0130N \u00c7IKI\u015e NOKTASI ARSLANK\u00d6Y\u2019DEK\u0130 PINARLARDIR<\/p>\n<p>Rahmetli babam Halil Erkan\u2019dan \u00e7ocuklu\u011fumdan beri duydu\u011fum bu ifade, \u00e7ocuklu\u011fumdan beri ben de i\u00e7imde ta\u015f\u0131d\u0131\u011f\u0131m bir gurur kayna\u011f\u0131 olmu\u015ftur. Bu nedenle Aslank\u00f6y\u2019den \u00e7\u0131kan bu p\u0131nar sular\u0131 g\u00fczergah\u0131 \u00fczerindeki p\u0131narlardan ve derelerden beslenerek Mersin\u2019de M\u00fcft\u00fc Deresi olarak Akdeniz&#8217;e kavu\u015fmaktad\u0131r. Bu nedenle Arslank\u00f6y\u2018deki p\u0131narlarda ve g\u00f6zde olabilecek eksilme ve zararlar kar\u0131\u015fabilecek kimyasallar, Mersin\u2019e kadar uzanan g\u00fczergahta t\u00fcm yerle\u015fim alanlar\u0131n\u0131n su ihtiyac\u0131n\u0131 ve sa\u011fl\u0131\u011f\u0131n\u0131 olumsuz etkileyebilecektir.<\/p>\n<p>BOKS\u0130T MADEN\u0130 \u0130\u00c7ER\u0130\u011e\u0130NDE SA\u011eLI\u011eA ZARARLI M\u0130NERALLER VARDIR<\/p>\n<p>Bu madenlerden -\u00f6rne\u011fin boksit madeni- hakk\u0131nda arama motoru Google&#8217;da yapt\u0131\u011f\u0131m aramada aynen \u015fu bilgiler kar\u015f\u0131ma \u00e7\u0131kt\u0131.<br \/>\n\u201cBoksit, al\u00fcminyumun \u00fcretiminde kullan\u0131lan birincil ham madde olup genellikle al\u00fcminyum oksit mineralleri olan -gibsit, b\u00f6hmit ve diasporan\u2019dan olu\u015fur. Boksit, yo\u011fun k\u0131rm\u0131z\u0131 ya da kahverengi renklere sahiptir ve y\u00fcksek al\u00fcminyum i\u00e7eri\u011fi ile dikkat \u00e7eker.<br \/>\n\u0130laveten:<br \/>\n\u201cHavac\u0131l\u0131k end\u00fcstrisinde al\u00fcminyum oksit tozunun varl\u0131\u011f\u0131, \u00f6zellikle bu partik\u00fcller solundu\u011funda, solunum yollar\u0131nda tahri\u015f, \u00f6ks\u00fcr\u00fck, nefes alma zorluklar\u0131 ve akci\u011fer rahats\u0131zl\u0131klar\u0131 gibi solunum sorunlar\u0131na neden olabilecek sa\u011fl\u0131k riskleri olu\u015fturabilir\u201d ifadeleri yer almaktad\u0131r.<\/p>\n<p>VAH\u015e\u0130 MADENC\u0130L\u0130\u011eE KAR\u015eI \u00c7IKMAK ANAYASAL SORUMLULU\u011eUMUZDUR<\/p>\n<p>Anayasam\u0131z\u0131n 56. maddesi t\u00fcm yurtta\u015flar\u0131m\u0131za do\u011fan\u0131n ve \u00e7evrenin korunmas\u0131 konusunda a\u00e7\u0131k bir -anayasal sorumluluk ve \u00f6dev &#8211; vermektedir.<br \/>\nBu nedenle Maden i\u015fletmecili\u011fi \u00e7ok dikkat ve \u00f6zenle(y\u00fcksek maliyetle) yap\u0131lmad\u0131\u011f\u0131 taktirde veya vah\u015fi (ucuz) madencilik yap\u0131ld\u0131\u011f\u0131 zaman, dinamit de patlatma sonucu ve ta\u015f\u0131ma esnas\u0131nda havan\u0131n ve suyun kirlenmesine tar\u0131m \u00fcretiminin sular\u0131m\u0131z\u0131n azalmas\u0131na ve insan ve hayvan sa\u011fl\u0131\u011f\u0131m\u0131z\u0131n bozulmas\u0131na neden olmaktad\u0131r.<br \/>\nGe\u00e7ti\u011fimiz y\u0131llarda \u00fclkemizde ikibinin \u00fczerinde maden arama ruhsat\u0131 izni verildi\u011fi ba\u015f\u0131nda yer alm\u0131\u015ft\u0131r. Yerel bas\u0131nda, Toroslar il\u00e7esine ba\u011fl\u0131 alanlarda -38 adet maden arama izni -verildi\u011fi haberleri \u00e7\u0131km\u0131\u015ft\u0131r.<\/p>\n<p>Bu nedenle ba\u015fta \u00e7evre il m\u00fcd\u00fcrl\u00fc\u011f\u00fc olmak \u00fczere, belediye ba\u015fkanlar\u0131m\u0131z ve yerel y\u00f6netimlerimizle birlikte t\u00fcm Mersinler olarak gelece\u011fimiz ad\u0131na \u00e7ok hassas olmal\u0131y\u0131z.<\/p>\n<p>SONU\u00c7 OLARAK;<br \/>\nMERS\u0130N\u2019DE TOROSLARIN Z\u0130RVELER\u0130NDE \u00c7OK SAYIDA A\u00c7ILACAK, DENETLENMES\u0130 \u00c7OK ZOR MADEN OCAKLARI HAVAMIZA, SULARIMIZA VE SA\u011eLI\u011eIMIZA BUG\u00dcN VE GELECEKTE \u00c7OK B\u00dcY\u00dcK B\u0130R TEHD\u0130TT\u0130R.<\/p>\n<p>MERS\u0130NL\u0130LER KEND\u0130N\u0130Z VE \u00c7OCUKLARINIZ \u0130\u00c7\u0130N AYA\u011eA KALKMA VE D\u0130LEK\u00c7E \u0130LE \u00c7EVRE \u0130L M\u00dcD\u00dcRL\u00dc\u011e\u00dcNE \u0130T\u0130RAZ ETME ZAMANIDIR.<br \/>\nYA \u015e\u0130MD\u0130, YA H\u0130\u00c7B\u0130R ZAMAN..!<\/p>\n<h4><a href=\"https:\/\/docs.google.com\/document\/d\/1SnDBcc8b6nMup91jDYQiY5Tc_ll18mG5\/edit?usp=sharing&amp;ouid=100812618769169000105&amp;rtpof=true&amp;sd=true\" target=\"_blank\" rel=\"noopener\">(D\u0130LEK\u00c7E \u0130\u00c7\u0130N TIKLAYINIZ)<\/a><\/h4>\n","protected":false},"excerpt":{"rendered":"<p>(MERS\u0130N \u00d6RT\u00dcL\u00dc \u0130\u015eGAL ED\u0130L\u0130YOR, SA\u011eLI\u011eIMIZ TEHD\u0130T ALTINDA)<\/p>\n","protected":false},"author":13,"featured_media":118181,"comment_status":"open","ping_status":"open","sticky":false,"template":"","format":"standard","meta":{"footnotes":""},"categories":[28],"tags":[],"class_list":["post-118180","post","type-post","status-publish","format-standard","has-post-thumbnail","hentry","category-serdar-erkan"],"views":796,"_links":{"self":[{"href":"https:\/\/mersingazetesi.com\/index.php\/wp-json\/wp\/v2\/posts\/118180","targetHints":{"allow":["GET"]}}],"collection":[{"href":"https:\/\/mersingazetesi.com\/index.php\/wp-json\/wp\/v2\/posts"}],"about":[{"href":"https:\/\/mersingazetesi.com\/index.php\/wp-json\/wp\/v2\/types\/post"}],"author":[{"embeddable":true,"href":"https:\/\/mersingazetesi.com\/index.php\/wp-json\/wp\/v2\/users\/13"}],"replies":[{"embeddable":true,"href":"https:\/\/mersingazetesi.com\/index.php\/wp-json\/wp\/v2\/comments?post=118180"}],"version-history":[{"count":4,"href":"https:\/\/mersingazetesi.com\/index.php\/wp-json\/wp\/v2\/posts\/118180\/revisions"}],"predecessor-version":[{"id":118185,"href":"https:\/\/mersingazetesi.com\/index.php\/wp-json\/wp\/v2\/posts\/118180\/revisions\/118185"}],"wp:featuredmedia":[{"embeddable":true,"href":"https:\/\/mersingazetesi.com\/index.php\/wp-json\/wp\/v2\/media\/118181"}],"wp:attachment":[{"href":"https:\/\/mersingazetesi.com\/index.php\/wp-json\/wp\/v2\/media?parent=118180"}],"wp:term":[{"taxonomy":"category","embeddable":true,"href":"https:\/\/mersingazetesi.com\/index.php\/wp-json\/wp\/v2\/categories?post=118180"},{"taxonomy":"post_tag","embeddable":true,"href":"https:\/\/mersingazetesi.com\/index.php\/wp-json\/wp\/v2\/tags?post=118180"}],"curies":[{"name":"wp","href":"https:\/\/api.w.org\/{rel}","templated":true}]}}