{"id":118130,"date":"2025-12-07T10:47:56","date_gmt":"2025-12-07T07:47:56","guid":{"rendered":"https:\/\/mersingazetesi.com\/?p=118130"},"modified":"2025-12-07T10:47:56","modified_gmt":"2025-12-07T07:47:56","slug":"siyasette-zihniyet-degisimi-sart","status":"publish","type":"post","link":"https:\/\/mersingazetesi.com\/index.php\/2025\/12\/07\/siyasette-zihniyet-degisimi-sart\/","title":{"rendered":"S\u0130YASETTE Z\u0130HN\u0130YET DE\u011e\u0130\u015e\u0130M\u0130 \u015eART!"},"content":{"rendered":"<div>Nas\u0131l ki, Almanya&#8217;da ya\u015fayana Alman,<\/div>\n<div>Fransa&#8217;da ya\u015fayana Frans\u0131z,<\/div>\n<div>\u0130talya&#8217;da ya\u015fayana \u0130talyan,<\/div>\n<div>\u0130spanya&#8217;da ya\u015fayana \u0130spanyol,<\/div>\n<div>\u0130ngiltere&#8217;de ya\u015fayana \u0130ngiliz deniyorsa, T\u00fcrkiye&#8217;de ya\u015fayana da T\u00fcrk denir.<\/div>\n<div>Bu demek de\u011fildir ki, Almanya&#8217;da ya\u015fayanlar\u0131n tamam\u0131 Alman&#8217;d\u0131r. Haliyle<\/div>\n<div>Fransa&#8217;da ya\u015fayanlar\u0131n tamam\u0131 Frans\u0131z,<\/div>\n<div>\u0130talya&#8217;da ya\u015fayanlar\u0131n tamam\u0131 \u0130talyan,<\/div>\n<div>\u0130spanya&#8217;da ya\u015fayanlar\u0131n tamam\u0131 \u0130spanyol,<\/div>\n<div>\u0130ngiltere&#8217;de ya\u015fayanlar\u0131n tamam\u0131 da \u0130ngiliz de\u011fildir.<\/div>\n<div>T\u0131pk\u0131 Biz&#8217;de oldu\u011fu gibi, Onlar&#8217;da da farkl\u0131 etnik k\u00f6kenden, farkl\u0131 inan\u00e7tan ve farkl\u0131 mezhepten olan insanlar vard\u0131r. Ancak, bu durum Onlar&#8217;da pek sorun yaratm\u0131yor. \u00c7\u00fcnk\u00fc \u00fclkelerinde ya\u015fayanlar\u0131 h\u00fcr ve e\u015fit yurtta\u015fl\u0131k temelinde sisteme entegre etmi\u015fler ve adalet anlay\u0131\u015f\u0131 \u00e7er\u00e7evesinde sa\u011flam bir aidiyet duygusu yaratm\u0131\u015flar. Bunu da, demokrasilerini ve hukuk sistemlerini evrensel norm ve standartlara kavu\u015fturarak ve hayat\u0131n her alan\u0131nda egemen k\u0131larak yapm\u0131\u015flar. Cumhuriyetimizin kurulu\u015f felsefesini, ruhunu ve niteliklerini esas ald\u0131\u011f\u0131m\u0131zda, Bizim Onlar&#8217;dan hi\u00e7bir eksi\u011fimiz yok. Dolay\u0131s\u0131yla ayn\u0131 \u015feyi pek al\u00e2 Biz de yapabiliriz. Fakat bunun i\u00e7in siyasette k\u00f6kl\u00fc bir zihniyet de\u011fi\u015fikli\u011fine gidip, baz\u0131 ad\u0131mlar atmam\u0131z \u015fart! Bu ad\u0131mlar\u0131n ba\u015f\u0131nda da, insanlara etnik k\u00f6kenleri, inan\u00e7lar\u0131 ve mezhepleri \u00fczerinden bakmaktan vazge\u00e7mek ve bu konular\u0131 siyasetin malzemesi olmaktan \u00e7\u0131karmak gelir. Siyasetin malzemesi insanlar\u0131n a\u015f\u0131, i\u015fi, e\u011fitimi, sa\u011fl\u0131\u011f\u0131 ve g\u00fcvenli\u011fi gibi konular olmal\u0131d\u0131r. \u0130nsanlar\u0131n etnik k\u00f6kenleri, inan\u00e7lar\u0131 ve mezhepleri siyasete alet edilmemelidir.<\/div>\n<div>\u00c7evremize \u015f\u00f6yle bir bakt\u0131\u011f\u0131m\u0131zda, etnik, dinsel ve mezhepsel temel \u00fczerinde siyaset yap\u0131lan \u00fclkelerde sefaletin, kan\u0131n ve g\u00f6zya\u015f\u0131n\u0131n eksik olmad\u0131\u011f\u0131n\u0131 g\u00f6r\u00fcr\u00fcz. Sadece bu durum bile, ders almam\u0131z ve kendimize \u00e7eki d\u00fczen vermemiz i\u00e7in yeterlidir.<\/div>\n<div>Umar\u0131m, ak\u0131l ve bili \u00f6ne d\u00fc\u015fer de bu sorunlu siyaset anlay\u0131\u015f\u0131ndan bir an \u00f6nce kurtuluruz. \u00c7\u00fcnk\u00fc bu anlay\u0131\u015f, hem \u00dclkemizin aya\u011f\u0131na vurulmu\u015f bir prangad\u0131r hem de ba\u015f\u0131m\u0131zdaki en b\u00fcy\u00fck belad\u0131r.<\/div>\n<div id=\"m_-4755369658745900805ms-outlook-mobile-body-separator-line\" dir=\"ltr\"><\/div>\n","protected":false},"excerpt":{"rendered":"<p>Nas\u0131l ki, Almanya&#8217;da ya\u015fayana Alman, Fransa&#8217;da ya\u015fayana Frans\u0131z, \u0130talya&#8217;da ya\u015fayana \u0130talyan, \u0130spanya&#8217;da ya\u015fayana \u0130spanyol, \u0130ngiltere&#8217;de ya\u015fayana \u0130ngiliz deniyorsa, T\u00fcrkiye&#8217;de ya\u015fayana da T\u00fcrk denir. Bu demek de\u011fildir ki, Almanya&#8217;da ya\u015fayanlar\u0131n tamam\u0131 Alman&#8217;d\u0131r. Haliyle Fransa&#8217;da ya\u015fayanlar\u0131n tamam\u0131 Frans\u0131z, \u0130talya&#8217;da ya\u015fayanlar\u0131n tamam\u0131 \u0130talyan, \u0130spanya&#8217;da ya\u015fayanlar\u0131n tamam\u0131 \u0130spanyol, \u0130ngiltere&#8217;de ya\u015fayanlar\u0131n tamam\u0131 da \u0130ngiliz de\u011fildir. T\u0131pk\u0131 Biz&#8217;de oldu\u011fu gibi, Onlar&#8217;da [&hellip;]<\/p>\n","protected":false},"author":14,"featured_media":117633,"comment_status":"open","ping_status":"open","sticky":false,"template":"","format":"standard","meta":{"footnotes":""},"categories":[47],"tags":[],"class_list":["post-118130","post","type-post","status-publish","format-standard","has-post-thumbnail","hentry","category-erdogan-serin"],"views":625,"_links":{"self":[{"href":"https:\/\/mersingazetesi.com\/index.php\/wp-json\/wp\/v2\/posts\/118130","targetHints":{"allow":["GET"]}}],"collection":[{"href":"https:\/\/mersingazetesi.com\/index.php\/wp-json\/wp\/v2\/posts"}],"about":[{"href":"https:\/\/mersingazetesi.com\/index.php\/wp-json\/wp\/v2\/types\/post"}],"author":[{"embeddable":true,"href":"https:\/\/mersingazetesi.com\/index.php\/wp-json\/wp\/v2\/users\/14"}],"replies":[{"embeddable":true,"href":"https:\/\/mersingazetesi.com\/index.php\/wp-json\/wp\/v2\/comments?post=118130"}],"version-history":[{"count":1,"href":"https:\/\/mersingazetesi.com\/index.php\/wp-json\/wp\/v2\/posts\/118130\/revisions"}],"predecessor-version":[{"id":118131,"href":"https:\/\/mersingazetesi.com\/index.php\/wp-json\/wp\/v2\/posts\/118130\/revisions\/118131"}],"wp:featuredmedia":[{"embeddable":true,"href":"https:\/\/mersingazetesi.com\/index.php\/wp-json\/wp\/v2\/media\/117633"}],"wp:attachment":[{"href":"https:\/\/mersingazetesi.com\/index.php\/wp-json\/wp\/v2\/media?parent=118130"}],"wp:term":[{"taxonomy":"category","embeddable":true,"href":"https:\/\/mersingazetesi.com\/index.php\/wp-json\/wp\/v2\/categories?post=118130"},{"taxonomy":"post_tag","embeddable":true,"href":"https:\/\/mersingazetesi.com\/index.php\/wp-json\/wp\/v2\/tags?post=118130"}],"curies":[{"name":"wp","href":"https:\/\/api.w.org\/{rel}","templated":true}]}}