{"id":117901,"date":"2025-12-04T21:49:26","date_gmt":"2025-12-04T18:49:26","guid":{"rendered":"https:\/\/mersingazetesi.com\/?p=117901"},"modified":"2025-12-04T21:49:35","modified_gmt":"2025-12-04T18:49:35","slug":"mersin-gazetesi-33-yasinda-mersinin-hafizasi-2","status":"publish","type":"post","link":"https:\/\/mersingazetesi.com\/index.php\/2025\/12\/04\/mersin-gazetesi-33-yasinda-mersinin-hafizasi-2\/","title":{"rendered":"MERS\u0130N GAZETES\u0130 33 YA\u015eINDA: MERS\u0130N\u2019\u0130N HAFIZASI"},"content":{"rendered":"<div class=\"entry-content est-content-1 pid-117545\" data-postid=\"117545\">\n<p>Mersin Gazetesi\u2019nin ya\u015f\u0131, asl\u0131nda bu kentin haf\u0131zas\u0131n\u0131n da kar\u015f\u0131l\u0131\u011f\u0131d\u0131r. 33\u2019\u00fcnc\u00fc y\u0131l\u0131na ad\u0131m atan Mersin Gazetesi, yaln\u0131zca sayfalar basmad\u0131; Mersin\u2019in nabz\u0131n\u0131 tuttu, ele\u015ftirilerini, sevin\u00e7lerini ve ac\u0131lar\u0131n\u0131 kayda ge\u00e7irdi, gelece\u011fine \u0131\u015f\u0131k tuttu.<\/p>\n<p>Mersin gibi s\u00fcrekli b\u00fcy\u00fcyen, de\u011fi\u015fen, g\u00f6\u00e7 alan ve h\u0131zla d\u00f6n\u00fc\u015fen bir \u015fehirde gazetecilik yapmak kolay de\u011fildi.<\/p>\n<p>Her d\u00f6nem yeni bir s\u0131nav, her kriz yeni bir dayan\u0131kl\u0131l\u0131k \u00f6l\u00e7\u00fcs\u00fcyd\u00fc.<\/p>\n<p>Ekonomik bask\u0131lardan do\u011fal afetlere, yerel siyasetin gelgitlerinden toplumsal sorunlara kadar pek \u00e7ok f\u0131rt\u0131nan\u0131n i\u00e7inden ge\u00e7ildi.<\/p>\n<p>Ama Mersin Gazetesi t\u00fcm bu s\u00fcre\u00e7lerde \u201cMersin\u2019in s\u00f6z\u00fc\u201d olmay\u0131 s\u00fcrd\u00fcrd\u00fc.<\/p>\n<p>33 y\u0131l boyunca bir gazete ayakta kalabiliyorsa, bunun iki g\u00fc\u00e7l\u00fc temeli vard\u0131r:<\/p>\n<p>Okur g\u00fcveni ve gazetecilik ilkeleri.<\/p>\n<p>Bu gazete hi\u00e7bir zaman r\u00fczg\u00e2ra g\u00f6re y\u00f6n de\u011fi\u015ftirmedi. Kentin \u00e7\u0131karlar\u0131n\u0131 \u00f6nceledi, hakikatin yan\u0131nda durdu ve kamu yarar\u0131n\u0131 esas ald\u0131.<\/p>\n<p>Bazen ele\u015ftirildi, bazen alk\u0131\u015fland\u0131 ama hep sahadayd\u0131, hep sahici kald\u0131.<\/p>\n<p>Bug\u00fcn gelinen noktada Mersin; kalk\u0131nma, turizm, \u00e7evre, k\u00fclt\u00fcr ve sosyal ya\u015fam a\u00e7\u0131s\u0131ndan yeni bir e\u015fi\u011fin arifesinde. B\u00f6yle bir d\u00f6nemde g\u00fc\u00e7l\u00fc yerel medyan\u0131n \u00f6nemi daha da art\u0131yor. \u00c7\u00fcnk\u00fc \u015fehirlerin geli\u015fimi, do\u011fru bilgiyle, \u015feffaf y\u00f6netimle ve ele\u015ftirel bak\u0131\u015f\u0131 diri tutan bir medya ile m\u00fcmk\u00fcnd\u00fcr.<\/p>\n<p>Mersin Gazetesi 33 y\u0131ld\u0131r tam da bunu yap\u0131yor.<\/p>\n<p>Kentin aynas\u0131 oluyor\u2026<\/p>\n<p>Vicdan\u0131 oluyor\u2026<\/p>\n<p>Ar\u015fivi oluyor\u2026<\/p>\n<p>Bu nedenle yaln\u0131zca gazetemizin ya\u015f\u0131n\u0131 de\u011fil, bir eme\u011fin ve bir gelene\u011fin s\u00fcreklili\u011fini kutluyoruz.<\/p>\n<p>Nice y\u0131llara Mersin Gazetesi\u2026<\/p>\n<p>Hep birlikte nice do\u011fru habere, nice ba\u011f\u0131ms\u0131z sat\u0131rlara, nice g\u00fc\u00e7l\u00fc yar\u0131nlara\u2026<\/p>\n<\/div>\n<footer class=\"entry-footer est-footer-1\">\n<div class=\"related-posts\">\n<h3 class=\"widget-title\"><\/h3>\n<\/div>\n<\/footer>\n","protected":false},"excerpt":{"rendered":"<p>Mersin Gazetesi\u2019nin ya\u015f\u0131, asl\u0131nda bu kentin haf\u0131zas\u0131n\u0131n da kar\u015f\u0131l\u0131\u011f\u0131d\u0131r. 33\u2019\u00fcnc\u00fc y\u0131l\u0131na ad\u0131m atan Mersin Gazetesi, yaln\u0131zca sayfalar basmad\u0131; Mersin\u2019in nabz\u0131n\u0131 tuttu, ele\u015ftirilerini, sevin\u00e7lerini ve ac\u0131lar\u0131n\u0131 kayda ge\u00e7irdi, gelece\u011fine \u0131\u015f\u0131k tuttu. Mersin gibi s\u00fcrekli b\u00fcy\u00fcyen, de\u011fi\u015fen, g\u00f6\u00e7 alan ve h\u0131zla d\u00f6n\u00fc\u015fen bir \u015fehirde gazetecilik yapmak kolay de\u011fildi. Her d\u00f6nem yeni bir s\u0131nav, her kriz yeni bir [&hellip;]<\/p>\n","protected":false},"author":26,"featured_media":117900,"comment_status":"open","ping_status":"open","sticky":false,"template":"","format":"standard","meta":{"footnotes":""},"categories":[23],"tags":[],"class_list":["post-117901","post","type-post","status-publish","format-standard","has-post-thumbnail","hentry","category-selahiddin-akkussesiniz"],"views":17853,"_links":{"self":[{"href":"https:\/\/mersingazetesi.com\/index.php\/wp-json\/wp\/v2\/posts\/117901","targetHints":{"allow":["GET"]}}],"collection":[{"href":"https:\/\/mersingazetesi.com\/index.php\/wp-json\/wp\/v2\/posts"}],"about":[{"href":"https:\/\/mersingazetesi.com\/index.php\/wp-json\/wp\/v2\/types\/post"}],"author":[{"embeddable":true,"href":"https:\/\/mersingazetesi.com\/index.php\/wp-json\/wp\/v2\/users\/26"}],"replies":[{"embeddable":true,"href":"https:\/\/mersingazetesi.com\/index.php\/wp-json\/wp\/v2\/comments?post=117901"}],"version-history":[{"count":1,"href":"https:\/\/mersingazetesi.com\/index.php\/wp-json\/wp\/v2\/posts\/117901\/revisions"}],"predecessor-version":[{"id":117902,"href":"https:\/\/mersingazetesi.com\/index.php\/wp-json\/wp\/v2\/posts\/117901\/revisions\/117902"}],"wp:featuredmedia":[{"embeddable":true,"href":"https:\/\/mersingazetesi.com\/index.php\/wp-json\/wp\/v2\/media\/117900"}],"wp:attachment":[{"href":"https:\/\/mersingazetesi.com\/index.php\/wp-json\/wp\/v2\/media?parent=117901"}],"wp:term":[{"taxonomy":"category","embeddable":true,"href":"https:\/\/mersingazetesi.com\/index.php\/wp-json\/wp\/v2\/categories?post=117901"},{"taxonomy":"post_tag","embeddable":true,"href":"https:\/\/mersingazetesi.com\/index.php\/wp-json\/wp\/v2\/tags?post=117901"}],"curies":[{"name":"wp","href":"https:\/\/api.w.org\/{rel}","templated":true}]}}