{"id":117684,"date":"2025-12-03T10:45:13","date_gmt":"2025-12-03T07:45:13","guid":{"rendered":"https:\/\/mersingazetesi.com\/?p=117684"},"modified":"2025-12-03T10:45:13","modified_gmt":"2025-12-03T07:45:13","slug":"mersinli-sporculardan-dunya-sampiyonasinda-tarihi-basari","status":"publish","type":"post","link":"https:\/\/mersingazetesi.com\/index.php\/2025\/12\/03\/mersinli-sporculardan-dunya-sampiyonasinda-tarihi-basari\/","title":{"rendered":"Mersinli Sporculardan D\u00fcnya \u015eampiyonas\u0131&#8217;nda Tarihi Ba\u015far\u0131"},"content":{"rendered":"<div class=\"x14z9mp xat24cr x1lziwak x1vvkbs xtlvy1s x126k92a\">\n<p dir=\"auto\">27 Kas\u0131m \u2013 1 Aral\u0131k 2025 tarihleri aras\u0131nda Suudi Arabistan\u2019da d\u00fczenlenen IFBB V\u00fccut Geli\u015ftirme D\u00fcnya \u015eampiyonas\u0131&#8217;nda Mersinli sporcular\u0131 b\u00fcy\u00fck bir gurur ya\u015fatt\u0131!<\/p>\n<\/div>\n<div class=\"x14z9mp xat24cr x1lziwak x1vvkbs xtlvy1s x126k92a\">\n<div dir=\"auto\">\n<p>Mersinli sporcu\u00a0\u00d6zer \u00c7omo\u011flu, g\u00fc\u00e7l\u00fc rakipleri geride b\u0131rakarak\u00a0D\u00fcnya \u015eampiyonu\u00a0unvan\u0131n\u0131 elde etti. Bir di\u011fer Mersinli sporcu\u00a0Kenan \u0130nan\u00a0ise \u00fcst\u00fcn performans\u0131yla\u00a0D\u00fcnya \u0130kincili\u011fine ula\u015farak k\u00fcrs\u00fcde yer ald\u0131.<\/p>\n<p>Gen\u00e7lik ve Spor \u0130l M\u00fcd\u00fcrl\u00fc\u011f\u00fc, sporcular\u0131n ba\u015far\u0131s\u0131nda b\u00fcy\u00fck eme\u011fi bulunan\u00a0Antren\u00f6r Mustafa Uslu\u2019yu da tebrik ederek katk\u0131lar\u0131ndan dolay\u0131 te\u015fekk\u00fcr etti.<\/p>\n<\/div>\n<p><img loading=\"lazy\" decoding=\"async\" class=\"alignnone  wp-image-117685\" src=\"http:\/\/mersingazetesi.com\/wp-content\/uploads\/2025\/12\/592320724_1289739373188845_2194993458507046308_n.jpg\" alt=\"\" width=\"431\" height=\"391\" srcset=\"https:\/\/mersingazetesi.com\/wp-content\/uploads\/2025\/12\/592320724_1289739373188845_2194993458507046308_n.jpg 2048w, https:\/\/mersingazetesi.com\/wp-content\/uploads\/2025\/12\/592320724_1289739373188845_2194993458507046308_n-529x480.jpg 529w\" sizes=\"auto, (max-width: 431px) 100vw, 431px\" \/><\/p>\n<p>&nbsp;<\/p>\n<\/div>\n","protected":false},"excerpt":{"rendered":"<p>27 Kas\u0131m \u2013 1 Aral\u0131k 2025 tarihleri aras\u0131nda Suudi Arabistan\u2019da d\u00fczenlenen IFBB V\u00fccut Geli\u015ftirme D\u00fcnya \u015eampiyonas\u0131&#8217;nda Mersinli sporcular\u0131 b\u00fcy\u00fck bir gurur ya\u015fatt\u0131! Mersinli sporcu\u00a0\u00d6zer \u00c7omo\u011flu, g\u00fc\u00e7l\u00fc rakipleri geride b\u0131rakarak\u00a0D\u00fcnya \u015eampiyonu\u00a0unvan\u0131n\u0131 elde etti. Bir di\u011fer Mersinli sporcu\u00a0Kenan \u0130nan\u00a0ise \u00fcst\u00fcn performans\u0131yla\u00a0D\u00fcnya \u0130kincili\u011fine ula\u015farak k\u00fcrs\u00fcde yer ald\u0131. Gen\u00e7lik ve Spor \u0130l M\u00fcd\u00fcrl\u00fc\u011f\u00fc, sporcular\u0131n ba\u015far\u0131s\u0131nda b\u00fcy\u00fck eme\u011fi bulunan\u00a0Antren\u00f6r Mustafa [&hellip;]<\/p>\n","protected":false},"author":2,"featured_media":117686,"comment_status":"open","ping_status":"open","sticky":false,"template":"","format":"standard","meta":{"footnotes":""},"categories":[6],"tags":[],"class_list":["post-117684","post","type-post","status-publish","format-standard","has-post-thumbnail","hentry","category-spor"],"views":28,"_links":{"self":[{"href":"https:\/\/mersingazetesi.com\/index.php\/wp-json\/wp\/v2\/posts\/117684","targetHints":{"allow":["GET"]}}],"collection":[{"href":"https:\/\/mersingazetesi.com\/index.php\/wp-json\/wp\/v2\/posts"}],"about":[{"href":"https:\/\/mersingazetesi.com\/index.php\/wp-json\/wp\/v2\/types\/post"}],"author":[{"embeddable":true,"href":"https:\/\/mersingazetesi.com\/index.php\/wp-json\/wp\/v2\/users\/2"}],"replies":[{"embeddable":true,"href":"https:\/\/mersingazetesi.com\/index.php\/wp-json\/wp\/v2\/comments?post=117684"}],"version-history":[{"count":3,"href":"https:\/\/mersingazetesi.com\/index.php\/wp-json\/wp\/v2\/posts\/117684\/revisions"}],"predecessor-version":[{"id":117689,"href":"https:\/\/mersingazetesi.com\/index.php\/wp-json\/wp\/v2\/posts\/117684\/revisions\/117689"}],"wp:featuredmedia":[{"embeddable":true,"href":"https:\/\/mersingazetesi.com\/index.php\/wp-json\/wp\/v2\/media\/117686"}],"wp:attachment":[{"href":"https:\/\/mersingazetesi.com\/index.php\/wp-json\/wp\/v2\/media?parent=117684"}],"wp:term":[{"taxonomy":"category","embeddable":true,"href":"https:\/\/mersingazetesi.com\/index.php\/wp-json\/wp\/v2\/categories?post=117684"},{"taxonomy":"post_tag","embeddable":true,"href":"https:\/\/mersingazetesi.com\/index.php\/wp-json\/wp\/v2\/tags?post=117684"}],"curies":[{"name":"wp","href":"https:\/\/api.w.org\/{rel}","templated":true}]}}