{"id":117632,"date":"2025-12-03T09:46:43","date_gmt":"2025-12-03T06:46:43","guid":{"rendered":"https:\/\/mersingazetesi.com\/?p=117632"},"modified":"2025-12-03T12:51:13","modified_gmt":"2025-12-03T09:51:13","slug":"tarimimiz-ve-hayvanciligimiz-kan-kaybediyor","status":"publish","type":"post","link":"https:\/\/mersingazetesi.com\/index.php\/2025\/12\/03\/tarimimiz-ve-hayvanciligimiz-kan-kaybediyor\/","title":{"rendered":"TARIMIMIZ VE HAYVANCILI\u011eIMIZ KAN KAYBED\u0130YOR!"},"content":{"rendered":"<div dir=\"ltr\">T\u00dc\u0130K verilerine g\u00f6re son bir y\u0131lda tar\u0131msal \u00fcretimimiz y\u00fczde 13 civar\u0131nda d\u00fc\u015fm\u00fc\u015f. T\u00dc\u0130K&#8217;in enflasyon hesaplamas\u0131n\u0131 dikkate ald\u0131\u011f\u0131m\u0131zda, bu oran\u0131n \u00e7ok daha y\u00fckseklerde oldu\u011funu \u00f6ng\u00f6rebiliriz.<\/div>\n<div dir=\"ltr\">\u00dclkemizde son bir y\u0131lda sadece tar\u0131msal \u00fcretim d\u00fc\u015fmedi, tar\u0131msal \u00fcretime paralel olarak hayvansal \u00fcretim de d\u00fc\u015ft\u00fc. Tar\u0131msal \u00fcretimin d\u00fc\u015fmesi, salt kurakl\u0131k ve zirai donla izah edilebilecek bir \u015fey de\u011fildir.<\/div>\n<div dir=\"ltr\">Ku\u015fkusuz ki tar\u0131msal \u00fcretimin d\u00fc\u015fmesinde bu iki konunun etkisi olmu\u015ftur. Ancak, d\u00fc\u015fmenin as\u0131l nedeni girdi maliyetlerinin y\u00fcksekli\u011fi ve buna ba\u011fl\u0131 olarak da ge\u00e7imi sa\u011flamaya yetecek gelirin elde edilememesidir.<\/div>\n<div dir=\"ltr\">\u0130kinci en \u00f6nemli neden de k\u00f6ylerdeki ve k\u0131rsal mahallelerdeki n\u00fcfusun ya\u015fl\u0131 olmas\u0131d\u0131r.<\/div>\n<div dir=\"ltr\">K\u00f6ylerdeki ve k\u0131rsal mahallelerdeki okullar\u0131n kapat\u0131lmas\u0131yla birlikte gen\u00e7 n\u00fcfus buralarda ya\u015famaz oldu.<\/div>\n<div dir=\"ltr\">\u00c7\u00fcnk\u00fc buralar\u0131n havas\u0131n\u0131 solumayan gen\u00e7ler, ya\u015fad\u0131klar\u0131 \u015fehirleri b\u0131rak\u0131p da do\u011fduklar\u0131 k\u00f6ylere ve k\u0131rsal mahallelere d\u00f6nmek istemiyorlar.<\/div>\n<div dir=\"ltr\">K\u00f6ylerin ve k\u0131rsal mahallelerin birtak\u0131m sosyal imkanlardan yoksun olmalar\u0131 da bu meselede etkili oluyor. \u00c7ocuklar\u0131m\u0131z\u0131n k\u00f6ylerde ve k\u0131rsal mahallelerde ya\u015famalar\u0131n\u0131 sa\u011flamak i\u00e7in k\u00f6ylerdeki ve k\u0131rsal mahallelerdeki okullar\u0131n yeniden a\u00e7\u0131lmas\u0131 laz\u0131m.<\/div>\n<div dir=\"ltr\">Her k\u00f6ydeki ve her mahalledeki okul a\u00e7\u0131lmasa bile, merkezi yerlerdeki okullar\u0131n a\u00e7\u0131lmas\u0131 \u015fart!<\/div>\n<div dir=\"ltr\">Hatta, merkezi yerlerde, y\u00fcr\u00fcrl\u00fckten kald\u0131r\u0131lan nahiyelere (bucaklara) benzer k\u00f6ykentlerin kurulmas\u0131 laz\u0131m. Okulu, hekimi, veterineri, ziraat m\u00fchendisi olan k\u00f6ykentleri hayata ge\u00e7irebilirsek, gen\u00e7lerimizi yeniden tar\u0131msal ve hayvansal \u00fcretim \u00e7ark\u0131n\u0131n i\u00e7ine sokabiliriz.<\/div>\n<div dir=\"ltr\">Fakat as\u0131l yap\u0131lmas\u0131 gereken \u015fey, girdi maliyetlerinin d\u00fc\u015f\u00fcr\u00fclmesi ve daha ziyade masa ba\u015f\u0131 hizmet veren il, il\u00e7e tar\u0131m m\u00fcd\u00fcrl\u00fcklerinin reforme edilerek, \u00fcretime ve \u00fcreticiye katk\u0131 sunar hale getirilmesidir. Bir de hayvansal \u00fcretimin \u00f6n\u00fcndeki en b\u00fcy\u00fck engellerden biri olan, k\u0131rsal mahalle uygulamas\u0131na son verilmesidir.<\/div>\n<div dir=\"ltr\">Daha do\u011frusu, k\u0131rsal mahallelerde stat\u00fc de\u011fi\u015fikli\u011fine gidilmesidir. Bunlar\u0131 ger\u00e7ekle\u015ftirmedi\u011fimiz s\u00fcrece, ne tar\u0131msal ve hayvansal \u00fcretimi art\u0131rabiliriz ne de g\u0131da enflasyonunu d\u00fc\u015f\u00fcrebiliriz.<\/div>\n<div dir=\"ltr\">Daha da k\u00f6t\u00fcs\u00fc, bir m\u00fcddet sonra k\u0131tl\u0131kla kar\u015f\u0131 kar\u015f\u0131ya kalabiliriz.<\/div>\n<div id=\"m_-4238732613712790778ms-outlook-mobile-body-separator-line\" dir=\"ltr\"><\/div>\n<div dir=\"ltr\">\n<div dir=\"ltr\">FELSEFEM<\/div>\n<div dir=\"ltr\"><\/div>\n<div dir=\"ltr\">Benim ya\u015fam felsefem \u015fudur!<\/div>\n<div>En k\u00f6t\u00fcs\u00fcne haz\u0131rl\u0131kl\u0131 ol! En iyisini bekle! Ba\u015f\u0131na geleni de kabul et!<\/div>\n<div>Hannah Arendt (1906 &#8211; 1975)<\/div>\n<div>Alman as\u0131ll\u0131 ABDli tarih\u00e7i ve filozof<\/div>\n<div id=\"m_6021615210046359970ms-outlook-mobile-body-separator-line\" dir=\"ltr\"><\/div>\n<\/div>\n","protected":false},"excerpt":{"rendered":"<p>T\u00dc\u0130K verilerine g\u00f6re son bir y\u0131lda tar\u0131msal \u00fcretimimiz y\u00fczde 13 civar\u0131nda d\u00fc\u015fm\u00fc\u015f. T\u00dc\u0130K&#8217;in enflasyon hesaplamas\u0131n\u0131 dikkate ald\u0131\u011f\u0131m\u0131zda, bu oran\u0131n \u00e7ok daha y\u00fckseklerde oldu\u011funu \u00f6ng\u00f6rebiliriz. \u00dclkemizde son bir y\u0131lda sadece tar\u0131msal \u00fcretim d\u00fc\u015fmedi, tar\u0131msal \u00fcretime paralel olarak hayvansal \u00fcretim de d\u00fc\u015ft\u00fc. Tar\u0131msal \u00fcretimin d\u00fc\u015fmesi, salt kurakl\u0131k ve zirai donla izah edilebilecek bir \u015fey de\u011fildir. Ku\u015fkusuz ki [&hellip;]<\/p>\n","protected":false},"author":14,"featured_media":117633,"comment_status":"open","ping_status":"open","sticky":false,"template":"","format":"standard","meta":{"footnotes":""},"categories":[47],"tags":[],"class_list":["post-117632","post","type-post","status-publish","format-standard","has-post-thumbnail","hentry","category-erdogan-serin"],"views":599,"_links":{"self":[{"href":"https:\/\/mersingazetesi.com\/index.php\/wp-json\/wp\/v2\/posts\/117632","targetHints":{"allow":["GET"]}}],"collection":[{"href":"https:\/\/mersingazetesi.com\/index.php\/wp-json\/wp\/v2\/posts"}],"about":[{"href":"https:\/\/mersingazetesi.com\/index.php\/wp-json\/wp\/v2\/types\/post"}],"author":[{"embeddable":true,"href":"https:\/\/mersingazetesi.com\/index.php\/wp-json\/wp\/v2\/users\/14"}],"replies":[{"embeddable":true,"href":"https:\/\/mersingazetesi.com\/index.php\/wp-json\/wp\/v2\/comments?post=117632"}],"version-history":[{"count":2,"href":"https:\/\/mersingazetesi.com\/index.php\/wp-json\/wp\/v2\/posts\/117632\/revisions"}],"predecessor-version":[{"id":117717,"href":"https:\/\/mersingazetesi.com\/index.php\/wp-json\/wp\/v2\/posts\/117632\/revisions\/117717"}],"wp:featuredmedia":[{"embeddable":true,"href":"https:\/\/mersingazetesi.com\/index.php\/wp-json\/wp\/v2\/media\/117633"}],"wp:attachment":[{"href":"https:\/\/mersingazetesi.com\/index.php\/wp-json\/wp\/v2\/media?parent=117632"}],"wp:term":[{"taxonomy":"category","embeddable":true,"href":"https:\/\/mersingazetesi.com\/index.php\/wp-json\/wp\/v2\/categories?post=117632"},{"taxonomy":"post_tag","embeddable":true,"href":"https:\/\/mersingazetesi.com\/index.php\/wp-json\/wp\/v2\/tags?post=117632"}],"curies":[{"name":"wp","href":"https:\/\/api.w.org\/{rel}","templated":true}]}}