{"id":117601,"date":"2025-12-02T17:57:22","date_gmt":"2025-12-02T14:57:22","guid":{"rendered":"https:\/\/mersingazetesi.com\/?p=117601"},"modified":"2025-12-02T17:57:22","modified_gmt":"2025-12-02T14:57:22","slug":"maden-talani-bolkarlarin-zirvesine-dayandi","status":"publish","type":"post","link":"https:\/\/mersingazetesi.com\/index.php\/2025\/12\/02\/maden-talani-bolkarlarin-zirvesine-dayandi\/","title":{"rendered":"MADEN TALANI BOLKARLARIN Z\u0130RVES\u0130NE DAYANDI..!"},"content":{"rendered":"<p>\u00dclkemiz g\u00fcn ge\u00e7miyor , maden talan\u0131n\u0131n yeni boyutlar\u0131 ile kar\u015f\u0131la\u015fmayal\u0131m . Uzak ge\u00e7mi\u015fte, \u0130zmir yak\u0131nlar\u0131nda tonlarca topraktan arsenikle gramla alt\u0131n \u00e7\u0131karma faaliyeti ve k\u00f6yl\u00fclerin direni\u015fi. Yak\u0131n ge\u00e7mi\u015fte Erzincan \u0130li\u00e7\u2019te te ya\u015fanan maden kazas\u0131 ve ya\u015fanan maden cinayetleri d\u00fcn Zeytinlik alanlar\u0131n Maden sahas\u0131na a\u00e7\u0131lmas\u0131 yap\u0131lmas\u0131, bug\u00fcn \u00fclkemizin de\u011fi\u015fik yerlerinde ve Toroslarda Merkezi h\u00fck\u00fcmet(Ankara) taraf\u0131ndan verilen binlerce maden arama ruhsat\u0131 ve \u00fclkemizin alt\u0131n\u0131 \u00fcst\u00fcne getiren yerli g\u00f6r\u00fcn\u00fcml\u00fc (ortakl\u0131) arka planda saklanan yabanc\u0131 \u015firketler ve yerli i\u015fbirlik\u00e7ileri ile Afrika gibi yar\u0131 s\u00f6m\u00fcrgele\u015fen T\u00fcrkiye\u2026<\/p>\n<p>B\u0130R\u0130NC\u0130 ADIM: MADEN YASASI DE\u011e\u0130\u015eT\u0130R\u0130LD\u0130<\/p>\n<p>2004 Y\u0131l\u0131na kadar , \u00fclkemizde madencilik arama tekeli, tek yetkili kurumu\u00a0 olan Maden Tetkik Arama (MTA) kurumunun yetkileri\u00a0 \u00e7\u0131kar\u0131lan maden yasas\u0131 ile kald\u0131r\u0131ld\u0131. Dolay\u0131s\u0131yla yerli ve yabanc\u0131 \u015firketlerin ve ortakl\u0131klar\u0131n\u0131n ilgili bakanl\u0131\u011f\u0131n yetkisine b\u0131rak\u0131ld\u0131, 2017 Cumhurba\u015fkanl\u0131\u011f\u0131 referandum ile bu yetki Cumhurba\u015fkanl\u0131\u011f\u0131\u2019na verildi. Ondan sonra \u00e7\u0131kar\u0131lan gece yar\u0131s\u0131 CB kararnameleri ile \u00fclkemizin her k\u00f6\u015fesinde binlerce maden sahas\u0131, yerli g\u00f6r\u00fcn\u00fcml\u00fc yabanc\u0131 \u015firketlerin insaf\u0131na terk edildi. Ancak ruhsatlar\u0131n al\u0131m\u0131nda her \u015fey yolunda gitmiyordu. \u00c7\u00fcnk\u00fc Mustafa Kemal Atat\u00fcrk\u2019\u00fcn bizzat \u00f6nc\u00fcl\u00fck ederek 1924 y\u0131l\u0131nda k\u00f6y\u00fc k\u00f6yl\u00fcye teslim eden k\u00f6y kanunu yabanc\u0131 \u015firketlerin istedi\u011fi yere istedi\u011fi zaman da maden arama i\u015fletmelerini kurmalar\u0131na\u00a0 engel oluyordu. \u00c7\u00fcnk\u00fc Mustafa Kemal Atat\u00fcrk bizzat haz\u0131rlad\u0131\u011f\u0131 -k\u00f6y ve zeytincilik kanununda muhtar ve ihtiyar heyetinin onay\u0131 olmadan k\u00f6ylerde \u00f6zellikle zeytinlik alanlarda \u00e7ivi \u00e7ak\u0131lmas\u0131n\u0131 engelleyecek bir yasa haz\u0131rlam\u0131\u015ft\u0131.<\/p>\n<p>Bu engel yabanc\u0131 tekellerin istedikleri gibi maden sahalar\u0131n\u0131 talan etmelerini engelliyordu.<\/p>\n<p>\u0130K\u0130NC\u0130 ADIM: MADEN ALANLARINDA BULUNAN K\u00d6YLER\u00a0 MAHALLE YAPILDI!<\/p>\n<p dir=\"auto\">Yabanc\u0131 maden tekellerin bask\u0131s\u0131yla, 12 Kas\u0131m 2012 tarihinde 63 60 say\u0131l\u0131 B\u00fcy\u00fck\u015fehir Yasas\u0131 \u00e7\u0131kart\u0131ld\u0131. Bu Yasayla s\u00f6zde k\u00f6ylere kentteki hizmetler gelecek propagandas\u0131 yap\u0131ld\u0131. Muhalefet partilerinin tepkilerine ra\u011fmen bu yasa \u00e7\u0131kart\u0131ld\u0131. Bug\u00fcn anl\u0131yoruz ki bu yasan\u0131n \u00e7\u0131kart\u0131lmas\u0131n\u0131n as\u0131l amac\u0131 \u00f6zellikle zengin maden yataklar\u0131na sahip olan ve do\u011fan\u0131 oldu ki Toros da\u011flar\u0131 \u00fczerindeki \u015fehirlerin B\u00fcy\u00fck\u015fehir yap\u0131larak maden sahas\u0131ndaki k\u00f6ylerin mahalle yap\u0131lmas\u0131yla , k\u00f6y kanunun engel olmazsan \u00e7\u0131kart\u0131lmas\u0131d\u0131r.<\/p>\n<p>MERS\u0130N\u2019E 70 KM UZAKLIKTAK\u0130 ARSLANK\u00d6Y NEDEN MAHALLE YAPILDI?<\/p>\n<p>Toros da\u011flar\u0131 Gaziantep\u2019ten Mu\u011fla\u2019ya kadar jeolojik yap\u0131s\u0131yla zengin maden kaynaklar\u0131na sahiptir. Mersin\u2019e 70 km uzakl\u0131ktaki 1,5 saatte gidilen 1453 rak\u0131mdaki Arslank\u00f6y (Kuzeyi Karaman iline s\u0131n\u0131rd\u0131r) zengin maden yataklar\u0131n\u0131n oldu\u011fu Toros da\u011flar\u0131na s\u0131rt\u0131n\u0131 dayam\u0131\u015ft\u0131r. Bu nedenle Arslank\u00f6y kente \u00e7ok uzak olmas\u0131na ve k\u00f6y karakterli k\u00fc\u00e7\u00fck bir belediye olmas\u0131na ra\u011fmen, kentteki her hizmet k\u00f6ye gelecek propagandas\u0131yla mahalle yap\u0131lm\u0131\u015ft\u0131r. O g\u00fcnlerde AKP&#8217;li belediye ba\u015fkan\u0131 ve CHP\u2019li belde ba\u015fkanlar\u0131 bu karara k\u00f6y halk\u0131 ile birlikte sand\u0131k koyarak oylama yapt\u0131rm\u0131\u015flard\u0131r. Oylama sonunda k\u00f6yde ya\u015fayan halk\u0131n b\u00fcy\u00fck bir \u00e7o\u011funun kar\u015f\u0131 \u00e7\u0131kmas\u0131na ra\u011fmen 1953\u2019ten bu yana belediye alan Arslank\u00f6y mahalle yap\u0131lm\u0131\u015ft\u0131r. D\u00fcn oldu\u011fu gibi burada ya\u015fayan yurtta\u015flar\u0131m\u0131z \u00e7ift\u00e7ilik, hayvanc\u0131l\u0131k ve ar\u0131c\u0131l\u0131kla ge\u00e7inmektedir. \u00c7ok zengin yeralt\u0131 ve yer\u00fcst\u00fc sular\u0131na sahiptir. Bu nedenle \u00f6zellikle COVID-19 Pandemisinden sonra \u00e7ok b\u00fcy\u00fck bir cazibe merkezi olmu\u015ftur. Aslank\u00f6y\u2018de 2021 y\u0131l\u0131nda 2000 tane tapunun el de\u011fi\u015ftirdi\u011fi ifade edilmi\u015ftir.<\/p>\n<p>ARSLANK\u00d6Y VE G\u00d6ZNE\u2019N\u0130N GELECE\u011e\u0130 TEHD\u0130T ALTINDADIR!<\/p>\n<p dir=\"auto\">4 Aral\u0131k 2025\u00a0saat 13:00\u00a0da Arslank\u00f6y\u2018de ve 16\u00a0Aral\u0131k 2025 saat 14.00&#8217;de G\u00f6zne Mahallesi\u2019nde \u00c7evre Etki De\u011ferlendirme (\u00c7ED) toplant\u0131s\u0131 yap\u0131laca\u011f\u0131 duyurulmu\u015ftur. Yaz aylar\u0131nda \u00e7ok yo\u011fun bir n\u00fcfusa sahip olan bu iki yayla k\u00f6y\u00fcnde maden \u00e7\u0131karma ruhsat sahas\u0131 i\u00e7in \u00c7ED toplant\u0131s\u0131n\u0131n Aral\u0131k ay\u0131na denk getirilmesi manidard\u0131r.<\/p>\n<p>TARIM HAYVANCILIK VE ARICILIK \u00dcRETIMI TEHDIT ALTINDADIR!<\/p>\n<p>Bir\u00e7ok uzman\u0131n ifade etti\u011fi gibi 21. y\u00fczy\u0131l G\u0131da\u2019n\u0131n ve suyun y\u00fczy\u0131l\u0131 olacakt\u0131r. Bu nedenle g\u0131da \u00fcretimi ve sular\u0131n korunmas\u0131 \u00e7ok \u00f6nemli ve de\u011ferlidir. \u00dclkemiz ge\u00e7mi\u015fte oldu\u011fu gibi g\u0131dada kendi kendine yeten \u00fclke olma s\u0131fat\u0131n\u0131 kaybetmi\u015ftir. Tar\u0131m \u00fcr\u00fcnleri ithalat\u0131 her ge\u00e7en y\u0131l y\u00fckselmekte g\u0131dada d\u0131\u015fa ba\u011f\u0131ml\u0131l\u0131k artmaktad\u0131r. Bu nedenle g\u0131da a\u00e7\u0131s\u0131ndan \u00fclkemiz ekonomisini ve halk\u0131m\u0131z\u0131 \u00e7ok zor g\u00fcnler beklemektedir.<\/p>\n<p>\u00d6te yandan sulama ve i\u00e7me sular\u0131 a\u00e7\u0131s\u0131ndan T\u00fcrkiye artan n\u00fcfusla ve iklim krizi ile beraber su krizi kap\u0131dad\u0131r. Resmi verilere g\u00f6re \u00fclkemizde ge\u00e7ti\u011fimiz y\u0131l ya\u011f\u0131\u015flar y\u00fczde 30 azalm\u0131\u015ft\u0131r. D\u00fcnyay\u0131 yak\u0131n bir gelecekte art\u0131k su ve g\u0131da sava\u015flar\u0131 beklemektedir. O nedenle \u00fclkemizin say\u0131l\u0131 su kaynaklar\u0131na sahip olmas\u0131 verimli kullanmas\u0131 \u00f6nemlidir.<\/p>\n<p dir=\"auto\">MADEN ARAMA FAAL\u0130YETLER\u0130N\u0130N EN \u00d6NEML\u0130 SONU\u00c7LARI<\/p>\n<p>Maden \u00e7\u0131karmada, \u00e7ok b\u00fcy\u00fck miktarda patlay\u0131c\u0131 kullan\u0131lmaktad\u0131r.<\/p>\n<p>Bu nedenle:<\/p>\n<p>&#8211; \u00d6ncelikle yeralt\u0131 ve yer\u00fcst\u00fc sular\u0131n\u0131n ak\u0131\u015f g\u00fczergah\u0131 de\u011fi\u015fmekte, sular Kaybola bilmektedir.<\/p>\n<ul>\n<li>\n<p role=\"presentation\">ANFO ve Dinamitle patlatmalarla b\u00fcy\u00fck toz bulutlar\u0131 \u00e7evreye yay\u0131lmakta \u00f6zellikle \u00e7i\u00e7eklerin d\u00f6llenme zaman\u0131 meyve ve sebze \u00fcretimini olumsuz etkilemektedir.<\/p>\n<\/li>\n<\/ul>\n<ul>\n<li>\n<p role=\"presentation\">Patlamalar sonucu madenlerdeki zararl\u0131 elementler toz halinde \u00e7evreye yay\u0131lmakta insan sa\u011fl\u0131\u011f\u0131 ve tar\u0131m\u0131 olumsuz etkilemektedir.<\/p>\n<\/li>\n<\/ul>\n<ul>\n<li>\n<p role=\"presentation\">Son olarak maden sahas\u0131ndan limanlara sevk edilen binlerce ton ta\u015f ve toprak ve madenin ta\u015f\u0131mas\u0131 b\u00fcy\u00fck bir trafik ve hava kirlili\u011fi yaratmaktad\u0131r.<\/p>\n<\/li>\n<\/ul>\n<p>Bunlar\u0131n etkilerinin 1-2 g\u00fcn i\u00e7inde de\u011fil, aylar hatta y\u0131llara yay\u0131lan zaman i\u00e7erisinde ortaya \u00e7\u0131kmakta \u00e7e\u015fitli kazalar ve hastal\u0131klar ile tar\u0131mda verim kayb\u0131 ya\u015fanmaktad\u0131r.<\/p>\n<p>YA \u015e\u0130MD\u0130 YA DA H\u0130\u00c7B\u0130R ZAMAN..!<\/p>\n<p>Bu nedenlerle\u00a04 Aral\u0131k 2025 saat\u00a013.00&#8217;de Arslank\u00f6y\u2019de ve 16 Aral\u0131k 2025 tarihlerinde saat 14.00&#8217;de G\u00f6zne\u2019de belirtilen yerlerde yap\u0131lacak olan \u00c7ED toplant\u0131lar\u0131na (buralarda yaz veya k\u0131\u015f ya\u015fayan) t\u00fcm hem\u015ferilerimizin kat\u0131larak itirazlar\u0131n\u0131 \u00c7ED toplant\u0131 tutana\u011f\u0131na ge\u00e7irmeleri bu beldelerimizde ya\u015fayan halk\u0131m\u0131z\u0131n ve \u00e7ocuklar\u0131m\u0131z\u0131n gelece\u011fi a\u00e7\u0131s\u0131ndan \u00e7ok \u00f6nemlidir.<\/p>\n<p>Bu nedenle bu beldelerimizde ve a\u015fa\u011f\u0131lar\u0131nda k\u00f6ylerde ve mahallelerde g\u00f6rev yapan t\u00fcm muhtarlar\u0131m\u0131z\u0131n duyarl\u0131l\u0131\u011f\u0131 ve birlikte hareket etmesi \u00e7ok \u00f6nemlidir.<\/p>\n<p>Ya \u015fimdi, ya da hi\u00e7bir zaman..!<\/p>\n<p>\u0130tiraz etmek i\u00e7in g\u00fcn bug\u00fcnd\u00fcr, tekrar da bir daha olmayacak, arkas\u0131ndan ba\u015fka maden ruhsatlar\u0131 da gelecektir.<\/p>\n<p>Haydi birlikte hareket etme zaman\u0131\u2026<\/p>\n","protected":false},"excerpt":{"rendered":"<p>\u00dclkemiz g\u00fcn ge\u00e7miyor , maden talan\u0131n\u0131n yeni boyutlar\u0131 ile kar\u015f\u0131la\u015fmayal\u0131m . Uzak ge\u00e7mi\u015fte, \u0130zmir yak\u0131nlar\u0131nda tonlarca topraktan arsenikle gramla alt\u0131n \u00e7\u0131karma faaliyeti ve k\u00f6yl\u00fclerin direni\u015fi. Yak\u0131n ge\u00e7mi\u015fte Erzincan \u0130li\u00e7\u2019te te ya\u015fanan maden kazas\u0131 ve ya\u015fanan maden cinayetleri d\u00fcn Zeytinlik alanlar\u0131n Maden sahas\u0131na a\u00e7\u0131lmas\u0131 yap\u0131lmas\u0131, bug\u00fcn \u00fclkemizin de\u011fi\u015fik yerlerinde ve Toroslarda Merkezi h\u00fck\u00fcmet(Ankara) taraf\u0131ndan verilen binlerce [&hellip;]<\/p>\n","protected":false},"author":13,"featured_media":115769,"comment_status":"open","ping_status":"open","sticky":false,"template":"","format":"standard","meta":{"footnotes":""},"categories":[28],"tags":[],"class_list":["post-117601","post","type-post","status-publish","format-standard","has-post-thumbnail","hentry","category-serdar-erkan"],"views":700,"_links":{"self":[{"href":"https:\/\/mersingazetesi.com\/index.php\/wp-json\/wp\/v2\/posts\/117601","targetHints":{"allow":["GET"]}}],"collection":[{"href":"https:\/\/mersingazetesi.com\/index.php\/wp-json\/wp\/v2\/posts"}],"about":[{"href":"https:\/\/mersingazetesi.com\/index.php\/wp-json\/wp\/v2\/types\/post"}],"author":[{"embeddable":true,"href":"https:\/\/mersingazetesi.com\/index.php\/wp-json\/wp\/v2\/users\/13"}],"replies":[{"embeddable":true,"href":"https:\/\/mersingazetesi.com\/index.php\/wp-json\/wp\/v2\/comments?post=117601"}],"version-history":[{"count":1,"href":"https:\/\/mersingazetesi.com\/index.php\/wp-json\/wp\/v2\/posts\/117601\/revisions"}],"predecessor-version":[{"id":117602,"href":"https:\/\/mersingazetesi.com\/index.php\/wp-json\/wp\/v2\/posts\/117601\/revisions\/117602"}],"wp:featuredmedia":[{"embeddable":true,"href":"https:\/\/mersingazetesi.com\/index.php\/wp-json\/wp\/v2\/media\/115769"}],"wp:attachment":[{"href":"https:\/\/mersingazetesi.com\/index.php\/wp-json\/wp\/v2\/media?parent=117601"}],"wp:term":[{"taxonomy":"category","embeddable":true,"href":"https:\/\/mersingazetesi.com\/index.php\/wp-json\/wp\/v2\/categories?post=117601"},{"taxonomy":"post_tag","embeddable":true,"href":"https:\/\/mersingazetesi.com\/index.php\/wp-json\/wp\/v2\/tags?post=117601"}],"curies":[{"name":"wp","href":"https:\/\/api.w.org\/{rel}","templated":true}]}}