{"id":117053,"date":"2025-11-27T13:08:36","date_gmt":"2025-11-27T10:08:36","guid":{"rendered":"https:\/\/mersingazetesi.com\/?p=117053"},"modified":"2025-11-27T13:08:36","modified_gmt":"2025-11-27T10:08:36","slug":"iki-temel-sorunumuz-egitimsizlik-ve-israf","status":"publish","type":"post","link":"https:\/\/mersingazetesi.com\/index.php\/2025\/11\/27\/iki-temel-sorunumuz-egitimsizlik-ve-israf\/","title":{"rendered":"\u0130K\u0130 TEMEL SORUNUMUZ: E\u011e\u0130T\u0130MS\u0130ZL\u0130K VE \u0130SRAF"},"content":{"rendered":"<p>Bir \u00fclkenin ba\u015f\u0131ndaki en b\u00fcy\u00fck bela, e\u011fitemedi\u011fi gen\u00e7 insan g\u00fcc\u00fcd\u00fcr. Bir \u00fclke i\u00e7in en b\u00fcy\u00fck israf da iyi yeti\u015fmi\u015f insan g\u00fcc\u00fcn\u00fc at\u0131l durumda tutmakt\u0131r. \u00dcz\u00fclerek belirtmek durumunday\u0131m ki, \u00dclkemizin, bir\u00e7ok konuda oldu\u011fu gibi, bu iki konuda da sicili bozuk. Hem de \u00e7ok bozuk. \u00c7\u00fcnk\u00fc hem \u00e7ocuklar\u0131m\u0131z\u0131 yeterince e\u011fitip, hayata haz\u0131rlayam\u0131yoruz, hem de iyi yeti\u015fmi\u015f insanlar\u0131m\u0131z\u0131 gerekti\u011fi yerlerde ve gerekti\u011fi gibi kullanam\u0131yoruz. E\u011fitemedi\u011fimiz gen\u00e7lerimiz, uyu\u015fturucu ve \u00e7etecilik de dahil, \u00e7e\u015fitli su\u00e7lara bula\u015farak ve toplumsal ya\u015fama uyum sa\u011flamada yetersiz kalarak ba\u015f\u0131m\u0131za bela oluyor. \u0130yi yeti\u015fmi\u015f gen\u00e7lerimizin \u00f6nemli bir b\u00f6l\u00fcm\u00fc de \u00dclkemizde kendilerine dair bir gelecek g\u00f6remedikleri i\u00e7in maalesef (!) yurt d\u0131\u015f\u0131na ka\u00e7\u0131yor. \u00c7ocuklar\u0131m\u0131z\u0131 iyi e\u011fitmenin yolu, e\u011fitim sistemimizi toplumun ihtiya\u00e7lar\u0131na ve \u00e7a\u011f\u0131n gereklerine uygun hale getirmekten ge\u00e7er. Bilgiden ve beceriden ziyade yar\u0131\u015ft\u0131rmaya ve toku\u015fturmaya dayal\u0131 bug\u00fcnk\u00fc sistem, \u00e7ocuklar\u0131m\u0131za e\u011fitim anlam\u0131nda pek bir \u015fey vermiyor. Vermedi\u011fi i\u00e7in de trafikten \u00e7evreye kadar, hayat\u0131n her alan\u0131nda tel tel d\u00f6k\u00fcl\u00fcyoruz. Bu sarmaldan \u00e7\u0131kmak i\u00e7in yarat\u0131c\u0131 bir akla ve h\u00fcnerli bir ele sahip bireyler yeti\u015ftirmemiz laz\u0131m. Daha a\u00e7\u0131k bir ifadeyle, insan\u0131m\u0131z\u0131 donan\u0131ml\u0131 k\u0131l\u0131p, her y\u00f6n\u00fcyle hayata haz\u0131rlamam\u0131z laz\u0131m. Unutmayal\u0131m! Soru sorma ve hayal kurma becerisi kazand\u0131rmayan ve merak uyand\u0131r\u0131p, \u00fcmit ve heyecan yaratmayan bug\u00fcnk\u00fc e\u011fitim sistemiyle bunu ba\u015faramay\u0131z. Kamuda liyakati esas almayan y\u00f6netim anlay\u0131\u015f\u0131yla zaten ba\u015faramay\u0131z. Ba\u015farabilmemiz i\u00e7in, \u00e7ocuklar\u0131m\u0131za ana okulundan ba\u015flayarak iyi al\u0131\u015fkanl\u0131klar kazand\u0131rmam\u0131z ve kamudaki kay\u0131rmac\u0131l\u0131\u011fa, kollamac\u0131l\u0131\u011fa son verip, liyakati esas almam\u0131z laz\u0131m. Bunu ba\u015fard\u0131\u011f\u0131m\u0131zda, d\u00fcnyan\u0131n en medeni \u00fclkeleri aras\u0131nda yer alaca\u011f\u0131m\u0131zdan hi\u00e7 kimsenin \u015f\u00fcphesi olmas\u0131n.<\/p>\n<p>\u00d6ZL\u00dc S\u00d6ZLER\u0130M<\/p>\n<p>DALKAVUKLUK<\/p>\n<p>&#8220;Dalkavuklu\u011fu dan\u0131\u015fmanl\u0131k sananlar\u0131n ve bu gibilerden medet umanlar\u0131n en iyi yapt\u0131klar\u0131 \u015fey, do\u011frular\u0131 ve ger\u00e7ekleri s\u00f6yleyenleri d\u00fc\u015fman ilan etmektir.&#8221;<\/p>\n<p>SADAKAT<\/p>\n<p>&#8220;Sadakat g\u00f6sterildi\u011finde ana kadar m\u00fc\u015ffik ve c\u00f6mert olan do\u011fa, ihanet edildi\u011finde Nemrut kadar zalim olur!&#8221;<\/p>\n<p>(Nemrut: Nuh&#8217;un Torunu da olan S\u00fcmer Kral\u0131&#8217;d\u0131r.)<\/p>\n","protected":false},"excerpt":{"rendered":"<p>Bir \u00fclkenin ba\u015f\u0131ndaki en b\u00fcy\u00fck bela, e\u011fitemedi\u011fi gen\u00e7 insan g\u00fcc\u00fcd\u00fcr. Bir \u00fclke i\u00e7in en b\u00fcy\u00fck israf da iyi yeti\u015fmi\u015f insan g\u00fcc\u00fcn\u00fc at\u0131l durumda tutmakt\u0131r. \u00dcz\u00fclerek belirtmek durumunday\u0131m ki, \u00dclkemizin, bir\u00e7ok konuda oldu\u011fu gibi, bu iki konuda da sicili bozuk. Hem de \u00e7ok bozuk. \u00c7\u00fcnk\u00fc hem \u00e7ocuklar\u0131m\u0131z\u0131 yeterince e\u011fitip, hayata haz\u0131rlayam\u0131yoruz, hem de iyi yeti\u015fmi\u015f insanlar\u0131m\u0131z\u0131 [&hellip;]<\/p>\n","protected":false},"author":14,"featured_media":116075,"comment_status":"open","ping_status":"open","sticky":false,"template":"","format":"standard","meta":{"footnotes":""},"categories":[47],"tags":[],"class_list":["post-117053","post","type-post","status-publish","format-standard","has-post-thumbnail","hentry","category-erdogan-serin"],"views":539,"_links":{"self":[{"href":"https:\/\/mersingazetesi.com\/index.php\/wp-json\/wp\/v2\/posts\/117053","targetHints":{"allow":["GET"]}}],"collection":[{"href":"https:\/\/mersingazetesi.com\/index.php\/wp-json\/wp\/v2\/posts"}],"about":[{"href":"https:\/\/mersingazetesi.com\/index.php\/wp-json\/wp\/v2\/types\/post"}],"author":[{"embeddable":true,"href":"https:\/\/mersingazetesi.com\/index.php\/wp-json\/wp\/v2\/users\/14"}],"replies":[{"embeddable":true,"href":"https:\/\/mersingazetesi.com\/index.php\/wp-json\/wp\/v2\/comments?post=117053"}],"version-history":[{"count":1,"href":"https:\/\/mersingazetesi.com\/index.php\/wp-json\/wp\/v2\/posts\/117053\/revisions"}],"predecessor-version":[{"id":117054,"href":"https:\/\/mersingazetesi.com\/index.php\/wp-json\/wp\/v2\/posts\/117053\/revisions\/117054"}],"wp:featuredmedia":[{"embeddable":true,"href":"https:\/\/mersingazetesi.com\/index.php\/wp-json\/wp\/v2\/media\/116075"}],"wp:attachment":[{"href":"https:\/\/mersingazetesi.com\/index.php\/wp-json\/wp\/v2\/media?parent=117053"}],"wp:term":[{"taxonomy":"category","embeddable":true,"href":"https:\/\/mersingazetesi.com\/index.php\/wp-json\/wp\/v2\/categories?post=117053"},{"taxonomy":"post_tag","embeddable":true,"href":"https:\/\/mersingazetesi.com\/index.php\/wp-json\/wp\/v2\/tags?post=117053"}],"curies":[{"name":"wp","href":"https:\/\/api.w.org\/{rel}","templated":true}]}}