{"id":116983,"date":"2025-11-27T08:21:30","date_gmt":"2025-11-27T05:21:30","guid":{"rendered":"https:\/\/mersingazetesi.com\/?p=116983"},"modified":"2025-11-27T13:54:46","modified_gmt":"2025-11-27T10:54:46","slug":"mersin-idman-yurdundan-mtso-yonetimine-sert-tepki-verilen-sozler-tutulmadi","status":"publish","type":"post","link":"https:\/\/mersingazetesi.com\/index.php\/2025\/11\/27\/mersin-idman-yurdundan-mtso-yonetimine-sert-tepki-verilen-sozler-tutulmadi\/","title":{"rendered":"MERS\u0130N \u0130DMAN YURDU\u2019NDAN SERT TEPK\u0130: \u201cVER\u0130LEN S\u00d6ZLER TUTULMADI!\u201d"},"content":{"rendered":"<div dir=\"auto\">\n<p>Yeni Mersin \u0130dman Yurdu Y\u00f6netimi, Mersin i\u015f d\u00fcnyas\u0131n\u0131n en g\u00fc\u00e7l\u00fc kurumlar\u0131ndan biri olan Mersin Ticaret ve Sanayi Odas\u0131\u2019na (MTSO) kar\u015f\u0131 sert bir a\u00e7\u0131klama yay\u0131mlayarak kamuoyunda b\u00fcy\u00fck yank\u0131 uyand\u0131rd\u0131. Kul\u00fcp y\u00f6netimi, MTSO Ba\u015fkan\u0131 Hakan Sefa \u00c7ak\u0131r ve y\u00f6netiminin verdi\u011fi s\u00f6zleri yerine getirmedi\u011fini belirterek, \u201cBu tutum kabul edilemez\u201d ifadelerini kulland\u0131.<\/p>\n<p>\u201cTaahh\u00fct yerine getirilmedi\u201d<\/p>\n<p>Kul\u00fcp taraf\u0131ndan payla\u015f\u0131lan a\u00e7\u0131klamada, Yeni Mersin \u0130dman Yurdu Y\u00f6netim Kurulu olarak, kamuoyunu do\u011fru bilgilendirme sorumlulu\u011fumuz gere\u011fi a\u015fa\u011f\u0131daki a\u00e7\u0131klamay\u0131 yap\u0131yoruz. \u015eehrimizin en g\u00fc\u00e7l\u00fc marka de\u011ferlerinden biri olan kul\u00fcb\u00fcm\u00fcze; Odalar, STK&#8217;lar ve i\u015f d\u00fcnyas\u0131 taraf\u0131ndan verilecek destek, yaln\u0131zca spora de\u011fil, Mersin&#8217;in tan\u0131t\u0131m\u0131na, ekonomisine ve gen\u00e7li\u011fine do\u011frudan katk\u0131 sa\u011flayacakt\u0131r. Bu anlay\u0131\u015fla, Mersin Ticaret ve Sanayi Odas\u0131 Ba\u015fkan\u0131 Say\u0131n Hakan Sefa \u00c7ak\u0131r ve Y\u00f6netim Kurulu \u00fcyeleriyle yapt\u0131\u011f\u0131m\u0131z g\u00f6r\u00fc\u015fmede, deplasman konaklama ve ula\u015f\u0131m giderlerimizin MTSO taraf\u0131ndan kar\u015f\u0131lanaca\u011f\u0131 y\u00f6n\u00fcnde a\u00e7\u0131k bir taahh\u00fctte bulunulmu\u015ftur. Ancak aradan ge\u00e7en zamana ra\u011fmen bu taahh\u00fct yerine getirilmemi\u015f, kul\u00fcb\u00fcm\u00fcze verilen s\u00f6zler kar\u015f\u0131l\u0131ks\u0131z b\u0131rak\u0131lm\u0131\u015ft\u0131r.\u201d denildi.<\/p>\n<p>\u201cYeni Mersin \u0130dman Yurdu camias\u0131 hafife al\u0131namaz!\u201d<\/p>\n<p>A\u00e7\u0131klama \u015f\u00f6yle s\u00fcrd\u00fc;<br \/>\n\u201cAyr\u0131ca, MTSO Y\u00f6netim Kurulu&#8217;nda yer alan bir \u00fcyenin kul\u00fcb\u00fcm\u00fcze yap\u0131lacak her t\u00fcrl\u00fc deste\u011fe aleyhte \u015ferh d\u00fc\u015ft\u00fc\u011f\u00fc bilgisi taraf\u0131m\u0131za ula\u015fm\u0131\u015ft\u0131r. Bu tutum, \u015fehrin en k\u00f6kl\u00fc spor camias\u0131na kar\u015f\u0131 kabul edilemezdir. \u00d6n\u00fcm\u00fczdeki g\u00fcnlerde bu ki\u015finin ve ba\u011fl\u0131 bulundu\u011fu firman\u0131n ismini kamuoyu ile payla\u015faca\u011f\u0131m\u0131z\u0131 belirtmek isteriz. Yeni Mersin \u0130dman Yurdu&#8217;na verilen s\u00f6zlerin tutulmamas\u0131 yaln\u0131zca kul\u00fcb\u00fcm\u00fcze de\u011fil, t\u00fcm camiam\u0131za ve Mersin sporuna yap\u0131lm\u0131\u015f bir sayg\u0131s\u0131zl\u0131kt\u0131r. \u015eehir ad\u0131na sorumluluk \u00fcstlenen kurumlar\u0131n, beyanlar\u0131n\u0131n arkas\u0131nda durmas\u0131; ciddiyet, g\u00fcvenilirlik ve kurumsal itibar a\u00e7\u0131s\u0131ndan zorunluluktur. Yeni Mersin \u0130dman Yurdu camias\u0131 hafife al\u0131namaz! Verilen s\u00f6zlerin takip\u00e7isi olaca\u011f\u0131m\u0131z\u0131 ve camiam\u0131z\u0131n hak etti\u011fi sayg\u0131 ve deste\u011fi g\u00f6rmek i\u00e7in kararl\u0131l\u0131\u011f\u0131m\u0131z\u0131 s\u00fcrd\u00fcrece\u011fimizi kamuoyunun bilgisine sayg\u0131yla sunar\u0131z.\u201d<br \/>\n(Haber Merkezi)<\/p>\n<\/div>\n","protected":false},"excerpt":{"rendered":"<p>Yeni Mersin \u0130dman Yurdu Y\u00f6netimi, Mersin i\u015f d\u00fcnyas\u0131n\u0131n en g\u00fc\u00e7l\u00fc kurumlar\u0131ndan biri olan Mersin Ticaret ve Sanayi Odas\u0131\u2019na (MTSO) kar\u015f\u0131 sert bir a\u00e7\u0131klama yay\u0131mlayarak kamuoyunda b\u00fcy\u00fck yank\u0131 uyand\u0131rd\u0131. Kul\u00fcp y\u00f6netimi, MTSO Ba\u015fkan\u0131 Hakan Sefa \u00c7ak\u0131r ve y\u00f6netiminin verdi\u011fi s\u00f6zleri yerine getirmedi\u011fini belirterek, \u201cBu tutum kabul edilemez\u201d ifadelerini kulland\u0131. \u201cTaahh\u00fct yerine getirilmedi\u201d Kul\u00fcp taraf\u0131ndan payla\u015f\u0131lan a\u00e7\u0131klamada, [&hellip;]<\/p>\n","protected":false},"author":2,"featured_media":108521,"comment_status":"open","ping_status":"open","sticky":false,"template":"","format":"standard","meta":{"footnotes":""},"categories":[8,6],"tags":[],"class_list":["post-116983","post","type-post","status-publish","format-standard","has-post-thumbnail","hentry","category-mersin","category-spor"],"views":267,"_links":{"self":[{"href":"https:\/\/mersingazetesi.com\/index.php\/wp-json\/wp\/v2\/posts\/116983","targetHints":{"allow":["GET"]}}],"collection":[{"href":"https:\/\/mersingazetesi.com\/index.php\/wp-json\/wp\/v2\/posts"}],"about":[{"href":"https:\/\/mersingazetesi.com\/index.php\/wp-json\/wp\/v2\/types\/post"}],"author":[{"embeddable":true,"href":"https:\/\/mersingazetesi.com\/index.php\/wp-json\/wp\/v2\/users\/2"}],"replies":[{"embeddable":true,"href":"https:\/\/mersingazetesi.com\/index.php\/wp-json\/wp\/v2\/comments?post=116983"}],"version-history":[{"count":3,"href":"https:\/\/mersingazetesi.com\/index.php\/wp-json\/wp\/v2\/posts\/116983\/revisions"}],"predecessor-version":[{"id":117056,"href":"https:\/\/mersingazetesi.com\/index.php\/wp-json\/wp\/v2\/posts\/116983\/revisions\/117056"}],"wp:featuredmedia":[{"embeddable":true,"href":"https:\/\/mersingazetesi.com\/index.php\/wp-json\/wp\/v2\/media\/108521"}],"wp:attachment":[{"href":"https:\/\/mersingazetesi.com\/index.php\/wp-json\/wp\/v2\/media?parent=116983"}],"wp:term":[{"taxonomy":"category","embeddable":true,"href":"https:\/\/mersingazetesi.com\/index.php\/wp-json\/wp\/v2\/categories?post=116983"},{"taxonomy":"post_tag","embeddable":true,"href":"https:\/\/mersingazetesi.com\/index.php\/wp-json\/wp\/v2\/tags?post=116983"}],"curies":[{"name":"wp","href":"https:\/\/api.w.org\/{rel}","templated":true}]}}