{"id":116696,"date":"2025-11-24T17:36:05","date_gmt":"2025-11-24T14:36:05","guid":{"rendered":"https:\/\/mersingazetesi.com\/?p=116696"},"modified":"2025-11-24T17:36:05","modified_gmt":"2025-11-24T14:36:05","slug":"chp-mersin-milletvekili-cakirdan-halk-tvye-tepki-yarin-dava-aciyorum-suc-duyurusunda-bulunuyorum","status":"publish","type":"post","link":"https:\/\/mersingazetesi.com\/index.php\/2025\/11\/24\/chp-mersin-milletvekili-cakirdan-halk-tvye-tepki-yarin-dava-aciyorum-suc-duyurusunda-bulunuyorum\/","title":{"rendered":"CHP Mersin Milletvekili \u00c7ak\u0131r&#8217;dan Halk TV&#8217;ye tepki: &#8220;Yar\u0131n dava a\u00e7\u0131yorum, su\u00e7 duyurusunda bulunuyorum&#8221;"},"content":{"rendered":"<p>Cumhuriyet Halk Partisi (CHP)\u00a0<strong class=\"searchword\">Mersin<\/strong>\u00a0Milletvekili Hasan Ufuk \u00c7ak\u0131r, Halk TV&#8217;de kendisi hakk\u0131nda sarf edilen iddialara ili\u015fkin &#8220;Yar\u0131n dava a\u00e7\u0131yorum. Gerekli su\u00e7 duyurusunda bulunuyorum&#8221; dedi.<br \/>\nTar\u0131m ve Orman Bakanl\u0131\u011f\u0131&#8217;n\u0131n 2026 b\u00fct\u00e7esinin g\u00f6r\u00fc\u015f\u00fcld\u00fc\u011f\u00fc TBMM Plan ve B\u00fct\u00e7e Komisyonu&#8217;nda parti grubuna ve Halk TV&#8217;ye tepki g\u00f6steren CHP\u00a0<strong class=\"searchword\">Mersin<\/strong>\u00a0Milletvekili Hasan Ufuk \u00c7ak\u0131r, Meclis&#8217;te bas\u0131n toplant\u0131s\u0131 d\u00fczenledi. Halk TV&#8217;de yer alan kendisine y\u00f6nelik iddialar\u0131n as\u0131ls\u0131z oldu\u011funu dile getiren \u00c7ak\u0131r, &#8220;Taraf\u0131ma bu tarz iftiralara atan Halk TV isimli yalan yuvas\u0131n\u0131n sahibi oldu\u011fu iddia edilen Cafer Mahiro\u011flu isimli \u015fahs\u0131n neden yurt d\u0131\u015f\u0131nda oldu\u011funu merak ediyorum. Hakk\u0131nda yakalama karar\u0131 bulunan ve ihaleye fesat kar\u0131\u015ft\u0131rma gibi \u00e7e\u015fitli su\u00e7lardan aranan bu \u015fahs\u0131n taraf\u0131ma y\u00f6nelik yapt\u0131\u011f\u0131 veya yapt\u0131rd\u0131\u011f\u0131 itibar suikast\u0131, tam anlam\u0131yla kara \u00e7almad\u0131r, iftirad\u0131r, al\u00e7akl\u0131kt\u0131r. Bana bu iftiray\u0131 atan kanal\u0131n sahibi, \u00f6ncelikle T\u00fcrkiye&#8217;ye gelip adalete hesap vermelidir. Hakk\u0131nda onca iddia bulunan bir \u015fahs\u0131n kurdu\u011fu iftira yuvas\u0131n\u0131n bizleri karalamas\u0131 olduk\u00e7a d\u00fc\u015f\u00fcnd\u00fcr\u00fcc\u00fcd\u00fcr. Bak\u0131n ben buraday\u0131m. Aln\u0131m a\u00e7\u0131k, ba\u015f\u0131m dik&#8221; ifadelerini kulland\u0131.<br \/>\nHalk TV muhabirinin yay\u0131nda kendisine &#8220;sab\u0131kal\u0131&#8221; dedi\u011fini ifade eden \u00c7ak\u0131r, &#8220;YSK&#8217;dan onay alm\u0131\u015f, adayl\u0131\u011fa hak kazanm\u0131\u015f, be\u015finci s\u0131radan parlamentoya gelmi\u015f, Cumhuriyet Halk Partisi&#8217;nin alamad\u0131\u011f\u0131 oylar\u0131 Y\u00f6r\u00fck k\u00f6ylerinde alm\u0131\u015f bir karde\u015finiz olarak ben bu iftiray\u0131 hak etmiyorum. Milletin telefonuna \u00e7\u0131kan, milletin hastane kap\u0131lar\u0131nda ko\u015fan, her yerde ko\u015fan, b\u00fct\u00fcn il\u00e7elere giden, 505 k\u00f6y\u00fcn tamam\u0131n\u0131 28 kere gezen, gece demez, g\u00fcnd\u00fcz demez, partili partisiz, herkesin emrinde olan Hasan Ufuk \u00c7ak\u0131r&#8217;a bu yap\u0131lan al\u00e7akl\u0131kt\u0131r, terbiyesizliktir. Yar\u0131n dava a\u00e7\u0131yorum. Gerekli su\u00e7 duyurusunda bulunuyorum&#8221; diye konu\u015ftu.<\/p>\n","protected":false},"excerpt":{"rendered":"<p>Cumhuriyet Halk Partisi (CHP)\u00a0Mersin\u00a0Milletvekili Hasan Ufuk \u00c7ak\u0131r, Halk TV&#8217;de kendisi hakk\u0131nda sarf edilen iddialara ili\u015fkin &#8220;Yar\u0131n dava a\u00e7\u0131yorum. Gerekli su\u00e7 duyurusunda bulunuyorum&#8221; dedi. Tar\u0131m ve Orman Bakanl\u0131\u011f\u0131&#8217;n\u0131n 2026 b\u00fct\u00e7esinin g\u00f6r\u00fc\u015f\u00fcld\u00fc\u011f\u00fc TBMM Plan ve B\u00fct\u00e7e Komisyonu&#8217;nda parti grubuna ve Halk TV&#8217;ye tepki g\u00f6steren CHP\u00a0Mersin\u00a0Milletvekili Hasan Ufuk \u00c7ak\u0131r, Meclis&#8217;te bas\u0131n toplant\u0131s\u0131 d\u00fczenledi. Halk TV&#8217;de yer alan kendisine [&hellip;]<\/p>\n","protected":false},"author":2,"featured_media":116646,"comment_status":"open","ping_status":"open","sticky":false,"template":"","format":"standard","meta":{"footnotes":""},"categories":[9,8],"tags":[],"class_list":["post-116696","post","type-post","status-publish","format-standard","has-post-thumbnail","hentry","category-siyaset","category-mersin"],"views":406,"_links":{"self":[{"href":"https:\/\/mersingazetesi.com\/index.php\/wp-json\/wp\/v2\/posts\/116696","targetHints":{"allow":["GET"]}}],"collection":[{"href":"https:\/\/mersingazetesi.com\/index.php\/wp-json\/wp\/v2\/posts"}],"about":[{"href":"https:\/\/mersingazetesi.com\/index.php\/wp-json\/wp\/v2\/types\/post"}],"author":[{"embeddable":true,"href":"https:\/\/mersingazetesi.com\/index.php\/wp-json\/wp\/v2\/users\/2"}],"replies":[{"embeddable":true,"href":"https:\/\/mersingazetesi.com\/index.php\/wp-json\/wp\/v2\/comments?post=116696"}],"version-history":[{"count":1,"href":"https:\/\/mersingazetesi.com\/index.php\/wp-json\/wp\/v2\/posts\/116696\/revisions"}],"predecessor-version":[{"id":116697,"href":"https:\/\/mersingazetesi.com\/index.php\/wp-json\/wp\/v2\/posts\/116696\/revisions\/116697"}],"wp:featuredmedia":[{"embeddable":true,"href":"https:\/\/mersingazetesi.com\/index.php\/wp-json\/wp\/v2\/media\/116646"}],"wp:attachment":[{"href":"https:\/\/mersingazetesi.com\/index.php\/wp-json\/wp\/v2\/media?parent=116696"}],"wp:term":[{"taxonomy":"category","embeddable":true,"href":"https:\/\/mersingazetesi.com\/index.php\/wp-json\/wp\/v2\/categories?post=116696"},{"taxonomy":"post_tag","embeddable":true,"href":"https:\/\/mersingazetesi.com\/index.php\/wp-json\/wp\/v2\/tags?post=116696"}],"curies":[{"name":"wp","href":"https:\/\/api.w.org\/{rel}","templated":true}]}}