{"id":116093,"date":"2025-11-19T11:43:40","date_gmt":"2025-11-19T08:43:40","guid":{"rendered":"https:\/\/mersingazetesi.com\/?p=116093"},"modified":"2025-11-19T11:43:40","modified_gmt":"2025-11-19T08:43:40","slug":"cem-bucuge-mersinin-dis-ticaretine-katki-sunma-amaciyla-temaslarini-surduruyor","status":"publish","type":"post","link":"https:\/\/mersingazetesi.com\/index.php\/2025\/11\/19\/cem-bucuge-mersinin-dis-ticaretine-katki-sunma-amaciyla-temaslarini-surduruyor\/","title":{"rendered":"Cem Bucuge, Mersin\u2019in d\u0131\u015f ticaretine katk\u0131 sunma amac\u0131yla temaslar\u0131n\u0131 s\u00fcrd\u00fcr\u00fcyor"},"content":{"rendered":"<div class=\"xdj266r x14z9mp xat24cr x1lziwak x1vvkbs x126k92a\">\n<div dir=\"auto\">Ge\u00e7ti\u011fimiz y\u0131l Mersin B\u00fcy\u00fck\u015fehir Belediyesi\u2019nin karde\u015f \u015fehri Almanya\u2019n\u0131n Oberhausen kentine giderek bir dizi g\u00f6r\u00fc\u015fme ger\u00e7ekle\u015ftiren Mersin Ticaret ve Sanayi Odas\u0131 (MTSO) Y\u00f6netim Kurulu Ba\u015fkan Yard\u0131mc\u0131s\u0131 Cem Bucuge, Mersin\u2019in d\u0131\u015f ticaretine katk\u0131 sunma amac\u0131yla temaslar\u0131n\u0131 s\u00fcrd\u00fcr\u00fcyor.<\/div>\n<\/div>\n<div class=\"x14z9mp xat24cr x1lziwak x1vvkbs xtlvy1s x126k92a\">\n<div dir=\"auto\">Bu kapsamda Oberhausen\u2019daki sivil toplum kurulu\u015flar\u0131yla \u00e7evrim i\u00e7i ortamda d\u00fczenlenen ortak toplant\u0131ya kat\u0131lan Bucuge, Mersin ekonomisinin genel g\u00f6r\u00fcn\u00fcm\u00fcn\u00fc, kentin potansiyelini ve MTSO\u2019nun y\u00fcr\u00fctt\u00fc\u011f\u00fc \u00e7al\u0131\u015fmalar\u0131 detaylar\u0131yla payla\u015ft\u0131. G\u00f6r\u00fc\u015fmede kentin yat\u0131r\u0131m olanaklar\u0131n\u0131 da anlatan Bucuge, Alman i\u015f insanlar\u0131n\u0131 Mersin\u2019e davet etti.<\/div>\n<\/div>\n<div class=\"x14z9mp xat24cr x1lziwak x1vvkbs xtlvy1s x126k92a\">\n<div dir=\"auto\">Toplant\u0131da ayr\u0131ca, Mersin ve Oberhausen\u2019deki sivil toplum kurulu\u015flar\u0131 aras\u0131nda \u201ckarde\u015f STK\u201d ili\u015fkisi kurulmas\u0131na y\u00f6nelik at\u0131labilecek ad\u0131mlar ele al\u0131nd\u0131. Kar\u015f\u0131l\u0131kl\u0131 i\u015f birli\u011fini g\u00fc\u00e7lendirecek ortak projeler ve ileti\u015fim mekanizmalar\u0131 \u00fczerine de\u011ferlendirmelerde bulunuldu.<\/div>\n<\/div>\n","protected":false},"excerpt":{"rendered":"<p>Ge\u00e7ti\u011fimiz y\u0131l Mersin B\u00fcy\u00fck\u015fehir Belediyesi\u2019nin karde\u015f \u015fehri Almanya\u2019n\u0131n Oberhausen kentine giderek bir dizi g\u00f6r\u00fc\u015fme ger\u00e7ekle\u015ftiren Mersin Ticaret ve Sanayi Odas\u0131 (MTSO) Y\u00f6netim Kurulu Ba\u015fkan Yard\u0131mc\u0131s\u0131 Cem Bucuge, Mersin\u2019in d\u0131\u015f ticaretine katk\u0131 sunma amac\u0131yla temaslar\u0131n\u0131 s\u00fcrd\u00fcr\u00fcyor. Bu kapsamda Oberhausen\u2019daki sivil toplum kurulu\u015flar\u0131yla \u00e7evrim i\u00e7i ortamda d\u00fczenlenen ortak toplant\u0131ya kat\u0131lan Bucuge, Mersin ekonomisinin genel g\u00f6r\u00fcn\u00fcm\u00fcn\u00fc, kentin potansiyelini [&hellip;]<\/p>\n","protected":false},"author":2,"featured_media":116094,"comment_status":"open","ping_status":"open","sticky":false,"template":"","format":"standard","meta":{"footnotes":""},"categories":[3,4],"tags":[],"class_list":["post-116093","post","type-post","status-publish","format-standard","has-post-thumbnail","hentry","category-dunya","category-ekonomi"],"views":44,"_links":{"self":[{"href":"https:\/\/mersingazetesi.com\/index.php\/wp-json\/wp\/v2\/posts\/116093","targetHints":{"allow":["GET"]}}],"collection":[{"href":"https:\/\/mersingazetesi.com\/index.php\/wp-json\/wp\/v2\/posts"}],"about":[{"href":"https:\/\/mersingazetesi.com\/index.php\/wp-json\/wp\/v2\/types\/post"}],"author":[{"embeddable":true,"href":"https:\/\/mersingazetesi.com\/index.php\/wp-json\/wp\/v2\/users\/2"}],"replies":[{"embeddable":true,"href":"https:\/\/mersingazetesi.com\/index.php\/wp-json\/wp\/v2\/comments?post=116093"}],"version-history":[{"count":1,"href":"https:\/\/mersingazetesi.com\/index.php\/wp-json\/wp\/v2\/posts\/116093\/revisions"}],"predecessor-version":[{"id":116095,"href":"https:\/\/mersingazetesi.com\/index.php\/wp-json\/wp\/v2\/posts\/116093\/revisions\/116095"}],"wp:featuredmedia":[{"embeddable":true,"href":"https:\/\/mersingazetesi.com\/index.php\/wp-json\/wp\/v2\/media\/116094"}],"wp:attachment":[{"href":"https:\/\/mersingazetesi.com\/index.php\/wp-json\/wp\/v2\/media?parent=116093"}],"wp:term":[{"taxonomy":"category","embeddable":true,"href":"https:\/\/mersingazetesi.com\/index.php\/wp-json\/wp\/v2\/categories?post=116093"},{"taxonomy":"post_tag","embeddable":true,"href":"https:\/\/mersingazetesi.com\/index.php\/wp-json\/wp\/v2\/tags?post=116093"}],"curies":[{"name":"wp","href":"https:\/\/api.w.org\/{rel}","templated":true}]}}