{"id":116074,"date":"2025-11-19T10:26:24","date_gmt":"2025-11-19T07:26:24","guid":{"rendered":"https:\/\/mersingazetesi.com\/?p=116074"},"modified":"2025-11-19T10:26:24","modified_gmt":"2025-11-19T07:26:24","slug":"imraliya-gitmekteki-israr-niye","status":"publish","type":"post","link":"https:\/\/mersingazetesi.com\/index.php\/2025\/11\/19\/imraliya-gitmekteki-israr-niye\/","title":{"rendered":"\u0130MRALI&#8217;YA G\u0130TMEKTEK\u0130 ISRAR N\u0130YE?"},"content":{"rendered":"<div>\u00d6calan&#8217;la y\u00fcz y\u00fcze g\u00f6r\u00fc\u015f\u00fcp, Onu dinlemek ve anlamak m\u0131 istiyorsunuz?<\/div>\n<div>Bunun i\u00e7in \u00d6calan&#8217;\u0131n aya\u011f\u0131na gitmek gerekmez.<\/div>\n<div>Komisyon \u00fcyelerinden bir heyet olu\u015fturup, Mudanya&#8217;ya g\u00f6nderirsiniz, heyet \u00d6calan&#8217;\u0131 burada enine boyuna dinler. Sadece dinlemekle kalmaz, \u00f6nceden belirlenen b\u00fct\u00fcn sorular\u0131 sorar, cevaplar\u0131n\u0131 da al\u0131r. \u00a0Al\u0131nan cevaplar\u0131 da Komisyon Ba\u015fkan\u0131 kamuoyuna duyurur. Kamuoyu da \u00d6calan&#8217;\u0131n ger\u00e7ek niyetini bu \u015fekilde \u00f6\u011frenmi\u015f olur.<\/div>\n<div>Bunu yeterli g\u00f6rm\u00fcyorsan\u0131z, komisyon toplant\u0131lar\u0131ndan birini Mudanya&#8217;da yapars\u0131n\u0131z ve \u00d6calan&#8217;\u0131 huzura getirtir, g\u00fcn boyu dinlersiniz. Komisyon \u00fcyeleri, kendi kafalar\u0131ndaki sorular da dahil, toplumun merak etti\u011fi b\u00fct\u00fcn sorular\u0131 kendisine sorarlar ve cevaplar\u0131n\u0131 da al\u0131rlar. Al\u0131nan cevaplar\u0131 da Komisyon Ba\u015fkan\u0131 marifetiyle kamuoyuna duyurursunuz.<\/div>\n<div>Kamuoyu, k\u0131rk binden fazla insan\u0131m\u0131z\u0131n katlinden ve binlercesinin de engelli kalmas\u0131ndan sorumlu birinin aya\u011f\u0131na gidilmesini do\u011fru bulmuyor. Daha do\u011frusu, se\u00e7ilmi\u015flerin bunu yapmas\u0131n\u0131 do\u011fru bulmuyor. \u00c7\u00fcnk\u00fc b\u00f6yle bir yola ba\u015fvurman\u0131n, \u00d6calan&#8217;\u0131 me\u015frula\u015ft\u0131rmak anlam\u0131na geldi\u011fini d\u00fc\u015f\u00fcn\u00fcyor. Bu durumda Komisyon&#8217;a d\u00fc\u015fen, kamuoyunun hassasiyetini g\u00f6zetmek olmal\u0131d\u0131r. Kald\u0131 ki, kamuoyu ikna olmadan bu sorunu \u00e7\u00f6zmek m\u00fcmk\u00fcn de\u011fildir. \u00d6nce kamuoyunun ikna olmas\u0131 laz\u0131m. Bunun da yolu g\u00fcven duymaktan ge\u00e7er. Bu g\u00fcveni verecek olan da bizzat \u00d6calan&#8217;\u0131n kendisidir. \u00d6calan&#8217;\u0131n, \u00dclkemizin birli\u011fi ve b\u00fct\u00fcnl\u00fc\u011f\u00fcyle Cumhuriyetimizin de nitelikleriyle herhangi bir sorunu olmad\u0131\u011f\u0131n\u0131 a\u00e7\u0131klamas\u0131 ve toplumun bu konudaki endi\u015felerini gidermesi gerekir. G\u00f6stermelik bir t\u00f6ren d\u00fczenleyip, otuz kadar silah yakmakla toplum ikna olmaz. Olmuyor da zaten.<\/div>\n<div id=\"m_-5572975770768535894ms-outlook-mobile-body-separator-line\" dir=\"ltr\"><\/div>\n","protected":false},"excerpt":{"rendered":"<p>\u00d6calan&#8217;la y\u00fcz y\u00fcze g\u00f6r\u00fc\u015f\u00fcp, Onu dinlemek ve anlamak m\u0131 istiyorsunuz? Bunun i\u00e7in \u00d6calan&#8217;\u0131n aya\u011f\u0131na gitmek gerekmez. Komisyon \u00fcyelerinden bir heyet olu\u015fturup, Mudanya&#8217;ya g\u00f6nderirsiniz, heyet \u00d6calan&#8217;\u0131 burada enine boyuna dinler. Sadece dinlemekle kalmaz, \u00f6nceden belirlenen b\u00fct\u00fcn sorular\u0131 sorar, cevaplar\u0131n\u0131 da al\u0131r. \u00a0Al\u0131nan cevaplar\u0131 da Komisyon Ba\u015fkan\u0131 kamuoyuna duyurur. Kamuoyu da \u00d6calan&#8217;\u0131n ger\u00e7ek niyetini bu \u015fekilde \u00f6\u011frenmi\u015f [&hellip;]<\/p>\n","protected":false},"author":14,"featured_media":116075,"comment_status":"open","ping_status":"open","sticky":false,"template":"","format":"standard","meta":{"footnotes":""},"categories":[47],"tags":[],"class_list":["post-116074","post","type-post","status-publish","format-standard","has-post-thumbnail","hentry","category-erdogan-serin"],"views":536,"_links":{"self":[{"href":"https:\/\/mersingazetesi.com\/index.php\/wp-json\/wp\/v2\/posts\/116074","targetHints":{"allow":["GET"]}}],"collection":[{"href":"https:\/\/mersingazetesi.com\/index.php\/wp-json\/wp\/v2\/posts"}],"about":[{"href":"https:\/\/mersingazetesi.com\/index.php\/wp-json\/wp\/v2\/types\/post"}],"author":[{"embeddable":true,"href":"https:\/\/mersingazetesi.com\/index.php\/wp-json\/wp\/v2\/users\/14"}],"replies":[{"embeddable":true,"href":"https:\/\/mersingazetesi.com\/index.php\/wp-json\/wp\/v2\/comments?post=116074"}],"version-history":[{"count":1,"href":"https:\/\/mersingazetesi.com\/index.php\/wp-json\/wp\/v2\/posts\/116074\/revisions"}],"predecessor-version":[{"id":116076,"href":"https:\/\/mersingazetesi.com\/index.php\/wp-json\/wp\/v2\/posts\/116074\/revisions\/116076"}],"wp:featuredmedia":[{"embeddable":true,"href":"https:\/\/mersingazetesi.com\/index.php\/wp-json\/wp\/v2\/media\/116075"}],"wp:attachment":[{"href":"https:\/\/mersingazetesi.com\/index.php\/wp-json\/wp\/v2\/media?parent=116074"}],"wp:term":[{"taxonomy":"category","embeddable":true,"href":"https:\/\/mersingazetesi.com\/index.php\/wp-json\/wp\/v2\/categories?post=116074"},{"taxonomy":"post_tag","embeddable":true,"href":"https:\/\/mersingazetesi.com\/index.php\/wp-json\/wp\/v2\/tags?post=116074"}],"curies":[{"name":"wp","href":"https:\/\/api.w.org\/{rel}","templated":true}]}}