{"id":114998,"date":"2025-11-10T09:51:08","date_gmt":"2025-11-10T06:51:08","guid":{"rendered":"https:\/\/mersingazetesi.com\/?p=114998"},"modified":"2025-11-10T09:51:08","modified_gmt":"2025-11-10T06:51:08","slug":"9-eylul-1922-ye-nereden-ve-nasil-geldik","status":"publish","type":"post","link":"https:\/\/mersingazetesi.com\/index.php\/2025\/11\/10\/9-eylul-1922-ye-nereden-ve-nasil-geldik\/","title":{"rendered":"9 EYL\u00dcL 1922 YE NEREDEN VE NASIL GELD\u0130K?&#8230;"},"content":{"rendered":"<p>(\u00d6l\u00fcm\u00fcn\u00fcn 87. y\u0131l\u0131nda Mustafa Kemal\u2019e ve onun askerlerinin an\u0131s\u0131na sayg\u0131yla)<\/p>\n<div dir=\"ltr\"><\/div>\n<div dir=\"ltr\"><\/div>\n<p>Babaannem \u0130zmir Fatma\u2019n\u0131n abisi, hi\u00e7 tan\u0131ma f\u0131rsat\u0131 bulamad\u0131\u011f\u0131m \u0130zmir Bekir day\u0131m\u0131z\u0131n yeni \u00f6\u011frendi\u011fim m\u00fcthi\u015f \u00f6yk\u00fcs\u00fc&#8230;<\/p>\n<div dir=\"ltr\"><\/div>\n<p>Bu \u00f6yk\u00fc ayn\u0131 zamanda Anadolu\u2019da de\u011fi\u015fik etnik k\u00f6kenden insanlar\u0131n aras\u0131ndaki ger\u00e7ek insani karde\u015fli\u011fi de anlat\u0131yor, Emperyal devletlerin k\u0131\u015fk\u0131rtmas\u0131yla birbirine d\u00fc\u015fman edilen ve kopart\u0131lan Anadolu insanlar\u0131n\u0131n aras\u0131ndaki y\u00fczy\u0131llara dayanan insani dayan\u0131\u015fma duygular\u0131n\u0131 da anlat\u0131yor..<\/p>\n<div dir=\"ltr\"><\/div>\n<p>Bu \u00f6yk\u00fc ayn\u0131 zamanda, Sava\u015f baronlar\u0131n\u0131n mazlum halklar\u0131 birbirine d\u00fc\u015fman etme \u00e7abalar\u0131na ra\u011fmen , sava\u015f meydanlar\u0131ndan gelip , \u201cyurtta ve d\u00fcnyada bar\u0131\u015f isteyen\u201d ve Ortado\u011fu&#8217;daki t\u00fcm halklar\u0131n karde\u015f oldu\u011funu g\u00f6steren bir ku\u015fa\u011f\u0131n ibretlik \u00f6yk\u00fcs\u00fc..<\/p>\n<div dir=\"ltr\"><\/div>\n<p>Hem\u015ferim , baba dostum ve Mersin Kent Edebiyat \u00f6d\u00fcl\u00fc sahibi, K\u00f6y Enstit\u00fcl\u00fc Yazar Osman \u015eAH\u0130N\u2019e gelecek ku\u015faklara b\u0131rakt\u0131\u011f\u0131 \u00e7ok de\u011ferli bu an\u0131 yaz\u0131s\u0131 i\u00e7in \u00e7ok te\u015fekk\u00fcrler&#8230;<\/p>\n<div dir=\"ltr\"><\/div>\n<p>(Payla\u015ft\u0131\u011fi i\u00e7in K\u0131z\u0131 Tomris Sevinsel\u2019e de te\u015fekk\u00fcr ediyorum)<\/p>\n<div dir=\"ltr\"><\/div>\n<p>Serdar ERKAN<\/p>\n<div dir=\"ltr\"><\/div>\n<p>10.11.2025<\/p>\n<div dir=\"ltr\"><\/div>\n<p>\u2014\u2014\u2014\u2014\u2014\u2014\u2014\u2014\u2014\u2014\u2014\u2014\u2014\u2014\u2014\u2014\u2014\u2014\u2014\u2014<\/p>\n<div dir=\"ltr\"><\/div>\n<p>&#8220;\u0130ZM\u0130R BEK\u0130R&#8221; 1979<\/p>\n<div dir=\"ltr\"><\/div>\n<div dir=\"ltr\"><\/div>\n<p>\u00c7ARIK \u00c7\u0130ZMEY\u0130 YENM\u0130\u015eT\u0130<\/p>\n<div dir=\"ltr\"><\/div>\n<div dir=\"ltr\"><\/div>\n<p>\u201cB\u0130R DESTAN KAHRAMANININ ANLATTIKLARI&#8221;<\/p>\n<div dir=\"ltr\"><\/div>\n<p>Tevell\u00fcd\u00fcm bin \u00fc\u00e7 y\u00fcz ikiydi (1886).<\/p>\n<div dir=\"ltr\"><\/div>\n<p>\u00dc\u00e7 ferman g\u00f6rd\u00fcm, \u00fc\u00e7 padi\u015fah eskittim.<\/p>\n<div dir=\"ltr\"><\/div>\n<p>Sultan Hamit&#8217;i, Sultan Re\u015fat&#8217;\u0131 bilirim.<\/p>\n<div dir=\"ltr\"><\/div>\n<p>\u00c7a\u011fala ya\u015f\u0131mda seferberlik ilan olundu. Askere al\u0131nd\u0131m. Aya\u011f\u0131mda \u00e7ar\u0131k, baca\u011f\u0131mda tepme ke\u00e7eden \u015falvar vard\u0131. \u00c7ok talim g\u00f6rd\u00fcm, yer \u00e7i\u011fnedim. A\u011falar beyler horoz sesiyle uyan\u0131rken, bizler borazan sesiyle uyand\u0131k. Adana k\u00f6pr\u00fcs\u00fcnde m\u00fcfreze, Halep&#8217;te \u00f6rfiyeydim. Halep mah\u015ferdi, Halep asker doluydu. Yayan D\u00fcrzi harbine kat\u0131ld\u0131m. Yara almadan kurtuldum. Trenlere doldurdular bizi. K\u00f6m\u00fcr yoktu, trenimiz odun g\u00fcc\u00fcyle giderdi. L\u00fct G\u00f6l\u00fc\u2019nde \u00e7ad\u0131r kurduk. Hz. Ali&#8217;nin ta\u015f\u0131n\u0131 g\u00f6rd\u00fcm, selamlad\u0131m.<\/p>\n<div dir=\"ltr\"><\/div>\n<p>Kanal harekat\u0131nda denizden topa tuttu \u0130ngiliz. \u00c7ok \u015fehit verdik. \u00c7\u00f6l kumlar\u0131 kana batt\u0131. Nice canlar su damlas\u0131 gibi eridi. Arkada\u015f\u0131m Kizirali\u2019yi hurmal\u0131k bir \u00e7ukurda vurdular. \u00c7ok adem, \u00e7ok yi\u011fit bir ki\u015fiydi. \u00c7enesini mendilimle ba\u011flad\u0131m. A\u011fa\u00e7 yoktu, ta\u015f yoktu ba\u015fucuna hece ta\u015f\u0131 olarak koyacak. Kasaturas\u0131n\u0131 ba\u015fucuna soktum da y\u00fcr\u00fcd\u00fcm. G\u00fcn geldi g\u00f6\u011f\u00fc \u00f6rt\u00fcnd\u00fcm, g\u00fcn geldi su kaba\u011f\u0131ndan matara, savandan yatak yapt\u0131m. Cephanem t\u00fckenince bir kur\u015funa bir kilim verdim. Sina \u00f6nlerinde terledim, \u00f6l\u00fcm a\u011fz\u0131 Sar\u0131kam\u0131\u015fta bulundum. Dondum dondum da \u00f6lmedim. Kanal harbinde sol bald\u0131r\u0131mdan vuruldum. \u015earapnel sol bald\u0131r\u0131m\u0131 alm\u0131\u015f g\u00f6t\u00fcrm\u00fc\u015ft\u00fc. \u00c7ok kan kaybettim. Bald\u0131rs\u0131z Gazi oldum. Hastane, yatak yoktu. Sahra \u00e7ad\u0131r\u0131nda kara merhemler s\u00fcrd\u00fcler yarama. Sar\u0131p tahta bacak ettiler. \u00dc\u00e7 ay ma\u011faralarda kald\u0131m. \u00dc\u00e7 ay g\u00fcne\u015f i\u00e7inde g\u00fcne\u015f y\u00fcz\u00fc g\u00f6rmedim. \u0130ngilize esir d\u00fc\u015ft\u00fcm sonunda. M\u0131s\u0131r da Seydi-Be\u015fir kamp\u0131na att\u0131lar bizi. Kamp \u00e7evresi \u00e7ift kat tel \u00f6rg\u00fcyle \u00e7evriliydi. \u0130\u00e7erisi domuz ah\u0131r\u0131ndan beterdi. D\u00fc\u015fman eli k\u00f6le zoru derler. \u00c7ok eziyet i\u015fkence g\u00f6rd\u00fcm. Kalksan d\u00f6\u011ferler, otursan d\u00f6\u011ferlerdi. Sol bald\u0131r\u0131m\u0131n yaralar\u0131 azd\u0131 kurtland\u0131. Can\u0131mda bir tek ay\u0131k yer kalmad\u0131. Her nefeste azrail benimle. Kuvvetliydim ama, belime kucak yeti\u015fmezdi. \u00d6l\u00fcm benden \u00e7ekindi, yaralar\u0131m ila\u00e7s\u0131z, merhemsiz ge\u00e7ti.<\/p>\n<div dir=\"ltr\"><\/div>\n<div dir=\"ltr\"><\/div>\n<p>Bir g\u00fcn tel \u00f6rg\u00fcn\u00fcn d\u0131\u015f\u0131nda bir kad\u0131n g\u00f6r\u00fcnd\u00fc. O beni tan\u0131d\u0131, ben de onu. Haticeyan ad\u0131nda Ermeni bir kad\u0131nd\u0131. Seferberlikten \u00f6nce Toroslarda ayn\u0131 k\u00f6yde ya\u015fard\u0131k. Kocas\u0131 \u015fi\u015fmand\u0131, kalayc\u0131l\u0131k yapard\u0131. Kocas\u0131 \u00f6l\u00fcnce, k\u00f6y imam\u0131 &#8221;dinimizden de\u011fildir, gavurdur!&#8221; diyerek kocas\u0131n\u0131n cenazesini kald\u0131rmak istememi\u015fti. Ben de &#8221;gavur da olsa neticede insand\u0131r, dini, tabiyeti \u00f6nemli de\u011fildir&#8221; diyerek, cenazesini kald\u0131r\u0131vermi\u015ftim. Gel zaman, git zaman Seferberlik belas\u0131 \u00e7\u0131kt\u0131. Ermenilerle aram\u0131z bozulunca Haticeyan k\u00f6y\u00fc terketmi\u015f, \u0130ngiliz&#8217;e s\u0131\u011f\u0131nm\u0131\u015f, M\u0131s\u0131r&#8217;a gitmi\u015fti. Haticeyan, y\u0131llar \u00f6nce kendisine yapt\u0131\u011f\u0131m iyili\u011fi unutmam\u0131\u015f olacak ki, kamp komutan\u0131 \u0130ngiliz&#8217;e beni tan\u0131d\u0131\u011f\u0131n\u0131 s\u00f6yledi. &#8221;Bekire kefilim&#8221; dedi. Esir kamp\u0131ndan \u00e7\u0131kard\u0131lar beni. Haticeyan karn\u0131m\u0131 doyurdu, yaralar\u0131ma merhemler s\u00fcrd\u00fc. Sonra da &#8221;Serbestsin!&#8221; dedi.<\/p>\n<div dir=\"ltr\"><\/div>\n<div dir=\"ltr\"><\/div>\n<p>Ben de, yayan yap\u0131ldak vurdum kendimi \u00e7\u00f6llere. Her yan tehlike doluydu. \u0130ngilizler, Araplar aras\u0131nda \u015f\u00f6yle bir s\u00f6ylenti yaym\u0131\u015flard\u0131, &#8221;G\u00f6rd\u00fc\u011f\u00fcn\u00fcz her T\u00fcrk askerinin karn\u0131 alt\u0131n doludur. T\u00fcrkler anayurtlar\u0131na kar\u0131nlar\u0131nda alt\u0131n ka\u00e7\u0131r\u0131yorlar. Yakalad\u0131\u011f\u0131n\u0131z T\u00fcrk\u00fcn karn\u0131n\u0131 de\u015fin, alt\u0131nlar sizin olsun!&#8221; diye. Bunu duyan a\u00e7 g\u00f6zl\u00fc fellahlar da, din karde\u015fi falan dinlemeden T\u00fcrk av\u0131na \u00e7\u0131km\u0131\u015flar, e\u011fri u\u00e7lu cembiye b\u0131\u00e7aklar\u0131yla yakalad\u0131klar\u0131 T\u00fcrk\u00fcn karn\u0131n\u0131 de\u015ferek midesinde ba\u011f\u0131rsa\u011f\u0131nda alt\u0131n aram\u0131\u015flard\u0131.<\/p>\n<div dir=\"ltr\"><\/div>\n<p>Ben yakalanmamak i\u00e7in bazen bedevi, bazen fellah k\u0131l\u0131\u011f\u0131na girerek sakland\u0131m. Saklana, gizlene Filistin Suriye da\u011flar\u0131n\u0131 yayan ge\u00e7tim. Tatmad\u0131\u011f\u0131m eziyet, katlanmad\u0131\u011f\u0131m ac\u0131 kalmad\u0131. Geceleri a\u011flad\u0131m, bast\u0131m \u00e7\u0131\u011fl\u0131\u011f\u0131n g\u00f6z\u00fcne:<\/p>\n<div dir=\"ltr\"><\/div>\n<div dir=\"ltr\"><\/div>\n<p>\u201cY\u0131llarca u\u011framad\u0131m yurduma,<\/p>\n<div dir=\"ltr\"><\/div>\n<div dir=\"ltr\"><\/div>\n<p>Kula de\u011fil, y\u00fcre\u011fime sor beni\u201d<\/p>\n<div dir=\"ltr\"><\/div>\n<div dir=\"ltr\"><\/div>\n<p>Memleketim Toroslara ula\u015f\u0131nca, derin bir nefes ald\u0131m. Art\u0131k her\u015fey bitti, ba\u015f\u0131mdan k\u00f6r dumanlar kalkt\u0131 sand\u0131m. De\u011filmi\u015f me\u011fer. Sava\u015f bin kollu ejderha gibi oralar\u0131 da alm\u0131\u015ft\u0131 i\u00e7ine. A\u00e7l\u0131k yoksulluk evleri delmi\u015fti. \u00d6ks\u00fczl\u00fck artm\u0131\u015f, da\u011flar e\u015fkiyaya, ka\u00e7a\u011fa kesmi\u015fti. Osmanl\u0131 da din adamlar\u0131 sava\u015fa gitmezdi. Onlar, avrad\u0131n, paran\u0131n, mal\u0131n m\u00fclk\u00fcn iyisine kavu\u015fmu\u015flard\u0131. \u00d6z yurdumda gece mal\u0131, gurbet mal\u0131 olmak beter dokundu bana. Kahroldum. Bunalm\u0131\u015f\u0131n eli tetikte olur derler. G\u00fcn yine meydanlara \u00e7\u0131kma, meydanlarda kalma g\u00fcn\u00fcyd\u00fc.<\/p>\n<div dir=\"ltr\"><\/div>\n<div dir=\"ltr\"><\/div>\n<p>Uluk\u0131\u015fla, Konya, Ak\u015fehir \u00fcst\u00fcnden Garp Cephesine \u2018duhul\u2019 oldum. \u0130stihkam kazd\u0131m dizimde, g\u00fcm\u00fc\u015fl\u00fc t\u00fcfek g\u00f6z\u00fcmde. Afyon&#8217;un ayaz\u0131 ayaz, k\u0131\u015f\u0131 buzdan buz olur, poyrazlar\u0131 ata kuyruk sallatmaz. S\u0131rtta kaput, ba\u015f\u0131mda \u00e7ad\u0131r art\u0131\u011f\u0131, \u015fayak kalpakla n\u00f6betten n\u00f6bete ta\u015f\u0131nd\u0131m. B\u00fcy\u00fck Taarruz\u2019da manga ba\u015f\u0131yd\u0131m. Sol bald\u0131r\u0131m \u00e7orab\u0131 iyi tutsun diye, \u00e7aput basm\u0131\u015ft\u0131m bald\u0131rs\u0131z \u00e7orab\u0131m\u0131n i\u00e7ine. O zamanlar Kemal Pa\u015fa&#8217;n\u0131n h\u00fck\u00fcmeti bir asker kadar yoksuldu. \u00c7ad\u0131r\u0131, kaputu, postal\u0131, karavanas\u0131 yoktu bize verecek. Silahlar\u0131m\u0131z toplamayd\u0131, birimizin mermisi \u00f6b\u00fcr\u00fcne uymazd\u0131. Hatta, benim t\u00fcfe\u011fimin kay\u0131\u015f\u0131 bile yoktu, kay\u0131\u015f yerine k\u0131l \u00f6rme kara bir kestel ip ba\u011flam\u0131\u015ft\u0131m. Aya\u011f\u0131m\u0131z \u00e7ar\u0131kl\u0131yd\u0131 gene. \u00c7ar\u0131k kuruyunca, hem aya\u011f\u0131m\u0131z\u0131 s\u0131kar, hem alt\u0131 kayganla\u015f\u0131r, bir d\u00fc\u015fman kadar tehlikeli olur, d\u00fc\u015f\u00fcr\u00fcrd\u00fc bizi. Biz de nerede su veya kan g\u00f6r\u00fcrsek \u00fcst\u00fcne basarak, \u00e7ar\u0131\u011f\u0131m\u0131z\u0131n taban\u0131n\u0131 \u0131slatmaya \u00e7al\u0131\u015f\u0131rd\u0131k. Islak \u00e7ar\u0131\u011f\u0131n taban\u0131 hem yolu iyi kavrar, hem de aya\u011f\u0131m\u0131z\u0131 s\u0131kmazd\u0131. A\u015f\u0131m\u0131z, sabah ak\u015fam kaynam\u0131\u015f nohutla bu\u011fdaydan ibaretti. \u0130ki\u015fer \u00fc\u00e7er avu\u00e7 kaynam\u0131\u015f nohutla bu\u011fday verirlerdi bize. A\u00e7 kal\u0131nca, d\u00fc\u015fman\u0131n ka\u00e7arken ovada ate\u015fe verip yakt\u0131\u011f\u0131 ekin tarlalar\u0131ndaki ba\u015fak art\u0131klar\u0131n\u0131 toplar, avucumuzda ufalar, yerdik tanelerini.<\/p>\n<div dir=\"ltr\"><\/div>\n<div dir=\"ltr\"><\/div>\n<p>\u0130\u015fte o \u00e7ar\u0131klar\u0131n s\u0131kt\u0131\u011f\u0131 ayaklar\u0131m\u0131zla, ha\u015flanm\u0131\u015f bu\u011fdaylar\u0131n \u0131slatt\u0131\u011f\u0131 midelerimizle a\u015ft\u0131k Ah\u0131r da\u011flar\u0131n\u0131. Dumlu \u00f6nlerinde \u00e7evirdik d\u00fc\u015fman\u0131. K\u0131l\u0131\u00e7 k\u0131l\u0131ca, bo\u011faz bo\u011faza kap\u0131\u015ft\u0131k. Say\u0131s\u0131z d\u00fc\u015fman atlar\u0131n\u0131n \u00f6zengisi, yular\u0131 bo\u015fand\u0131. \u00d6l\u00fcm en \u00e7ok orada tan\u0131d\u0131 insan\u0131. D\u00fc\u015fman bozulmu\u015f, ka\u00e7\u0131yordu. Pe\u015flerine d\u00fc\u015ft\u00fck. Yanm\u0131\u015f, y\u0131k\u0131lm\u0131\u015f k\u00f6ylerden ge\u00e7tik. Evler, konaklar yan\u0131yordu. Yollar, \u00e7ukurlar \u00f6l\u00fclerle doluydu. Bir kalpa\u011fa bir t\u00fcfek, bir kalpa\u011fa bir t\u00fcfek misali girdik \u0130zmir&#8217;e. S\u0131rt \u00e7antalar\u0131m\u0131z\u0131n i\u00e7i yang\u0131n art\u0131\u011f\u0131 bu\u011fday ba\u015faklar\u0131yla doluydu. Manga ba\u015f\u0131yd\u0131m. \u0130lk kez \u0130zmir&#8217;in denizini g\u00f6rd\u00fcm. \u00c7ar\u0131\u011f\u0131m gene aya\u011f\u0131m\u0131 s\u0131kmaya ba\u015flam\u0131\u015ft\u0131. Deniz suyunda \u0131slatmak i\u00e7in \u00e7\u0131kard\u0131m aya\u011f\u0131mdan \u00e7ar\u0131\u011f\u0131m\u0131. Ama taban diye bir\u015fey kalmam\u0131\u015ft\u0131. \u00c7ar\u0131\u011f\u0131m\u0131 g\u00f6z\u00fcm\u00fcn dengine kald\u0131rarak bakt\u0131m ve \u00e7ar\u0131\u011f\u0131m\u0131n taban\u0131n\u0131n deli\u011finden \u00e7izmeli d\u00fc\u015fman\u0131n ka\u00e7\u0131\u015f\u0131n\u0131 g\u00f6rd\u00fcm; \u00e7ar\u0131k \u00e7izmeyi yenmi\u015fti.<\/p>\n<div dir=\"ltr\"><\/div>\n<div dir=\"ltr\"><\/div>\n<p>Bu sava\u015flar\u0131n hi\u00e7birinde \u00e7avu\u015fluk, r\u00fctbe ummad\u0131m. Ba\u011fa bah\u00e7eye haz\u0131r konmad\u0131m. Terki silah etti\u011fimde ya\u015f\u0131m yirmi sekizdi. Onsekizden yirmi sekize on y\u0131l seferberli\u011fin i\u00e7inde d\u00f6nd\u00fcrm\u00fc\u015ft\u00fcm \u00f6mr\u00fcm\u00fc.<\/p>\n<div dir=\"ltr\"><\/div>\n<div dir=\"ltr\"><\/div>\n<p>Belim do\u011frulsun, hanem ye\u015fersin diye evlendim, ge\u00e7 ya\u015f\u0131mda \u015fehzade oldum. Lakin k\u00f6y\u00fcmde her\u015fey y\u0131k\u0131lm\u0131\u015f, yanm\u0131\u015ft\u0131. \u00c7ekirdek misali ba\u015fa d\u00f6nm\u00fc\u015ft\u00fc hayat\u0131m\u0131z. Ta\u015f k\u0131rd\u0131m, a\u011fa\u00e7 kestim, har\u00e7 kard\u0131m. Ba\u015f\u0131m\u0131 sokacak ev kurdum kendime. \u0130zmir&#8217;e giren ilk askerlerden oldu\u011fum i\u00e7in k\u00f6yl\u00fclerim \u0130zmir Bekir lakab\u0131n\u0131 verdiler bana. Hala da \u0130zmir Bekir diye bilinir, tan\u0131n\u0131r\u0131m.<\/p>\n<div dir=\"ltr\"><\/div>\n<div dir=\"ltr\"><\/div>\n<p>\u015eimdilerde ya\u015fland\u0131m o\u011ful. Ya\u015f\u0131m doksan\u0131 ge\u00e7ti. G\u00f6vdem duygular\u0131n\u0131 yitirdi. Belden a\u015fa\u011f\u0131m topra\u011fa girmi\u015f say\u0131l\u0131r. Toprak yak\u0131nda omuzuma do\u011fru \u00e7\u0131karsa hi\u00e7 \u015fa\u015fmam. Ama ya\u015flanmam ke\u015fke bir i\u015fe yarasayd\u0131 o\u011ful. Son y\u0131llarda kimse bize \u00f6nem vermiyor. A\u011f\u0131r aksak kahveye \u00e7\u0131ksam, kimse aya\u011fa kalkm\u0131yor, sandalye g\u00f6sterip yer vermiyor. \u00c7ifte Istiklal madalyalar\u0131mla oynuyor, Kuvvac\u0131 diye dalga ge\u00e7iyorlar. Kula\u011f\u0131ma \u00e7al\u0131yor, ajans haberlerinden duyuyorum, Ankara da, \u0130stanbul da durum \u015fartlar bozukmu\u015f gene diye. Kendi kendime s\u00f6ylenir dururum, eskiden \u00e7ar\u0131k zaman\u0131nda alt\u0131nd\u0131k, \u015fimdi sulh zaman\u0131nda ge\u00e7mez ak\u00e7e, pul mu olduk diye.<\/p>\n<div dir=\"ltr\"><\/div>\n<p>Ne dersin o\u011ful?<\/p>\n<div dir=\"ltr\"><\/div>\n<div dir=\"ltr\"><\/div>\n<p>Not: Bu \u00f6yk\u00fc 1979 y\u0131l\u0131nda yaz\u0131lm\u0131\u015f, Cumhuriyet Gazetesi\u2019nde de yay\u0131nlanm\u0131\u015ft\u0131r. Yazar Osman \u015eahin<\/p>\n","protected":false},"excerpt":{"rendered":"<p>(\u00d6l\u00fcm\u00fcn\u00fcn 87. y\u0131l\u0131nda Mustafa Kemal\u2019e ve onun askerlerinin an\u0131s\u0131na sayg\u0131yla) Babaannem \u0130zmir Fatma\u2019n\u0131n abisi, hi\u00e7 tan\u0131ma f\u0131rsat\u0131 bulamad\u0131\u011f\u0131m \u0130zmir Bekir day\u0131m\u0131z\u0131n yeni \u00f6\u011frendi\u011fim m\u00fcthi\u015f \u00f6yk\u00fcs\u00fc&#8230; Bu \u00f6yk\u00fc ayn\u0131 zamanda Anadolu\u2019da de\u011fi\u015fik etnik k\u00f6kenden insanlar\u0131n aras\u0131ndaki ger\u00e7ek insani karde\u015fli\u011fi de anlat\u0131yor, Emperyal devletlerin k\u0131\u015fk\u0131rtmas\u0131yla birbirine d\u00fc\u015fman edilen ve kopart\u0131lan Anadolu insanlar\u0131n\u0131n aras\u0131ndaki y\u00fczy\u0131llara dayanan insani dayan\u0131\u015fma [&hellip;]<\/p>\n","protected":false},"author":13,"featured_media":113584,"comment_status":"open","ping_status":"open","sticky":false,"template":"","format":"standard","meta":{"footnotes":""},"categories":[28],"tags":[],"class_list":["post-114998","post","type-post","status-publish","format-standard","has-post-thumbnail","hentry","category-serdar-erkan"],"views":474,"_links":{"self":[{"href":"https:\/\/mersingazetesi.com\/index.php\/wp-json\/wp\/v2\/posts\/114998","targetHints":{"allow":["GET"]}}],"collection":[{"href":"https:\/\/mersingazetesi.com\/index.php\/wp-json\/wp\/v2\/posts"}],"about":[{"href":"https:\/\/mersingazetesi.com\/index.php\/wp-json\/wp\/v2\/types\/post"}],"author":[{"embeddable":true,"href":"https:\/\/mersingazetesi.com\/index.php\/wp-json\/wp\/v2\/users\/13"}],"replies":[{"embeddable":true,"href":"https:\/\/mersingazetesi.com\/index.php\/wp-json\/wp\/v2\/comments?post=114998"}],"version-history":[{"count":2,"href":"https:\/\/mersingazetesi.com\/index.php\/wp-json\/wp\/v2\/posts\/114998\/revisions"}],"predecessor-version":[{"id":115000,"href":"https:\/\/mersingazetesi.com\/index.php\/wp-json\/wp\/v2\/posts\/114998\/revisions\/115000"}],"wp:featuredmedia":[{"embeddable":true,"href":"https:\/\/mersingazetesi.com\/index.php\/wp-json\/wp\/v2\/media\/113584"}],"wp:attachment":[{"href":"https:\/\/mersingazetesi.com\/index.php\/wp-json\/wp\/v2\/media?parent=114998"}],"wp:term":[{"taxonomy":"category","embeddable":true,"href":"https:\/\/mersingazetesi.com\/index.php\/wp-json\/wp\/v2\/categories?post=114998"},{"taxonomy":"post_tag","embeddable":true,"href":"https:\/\/mersingazetesi.com\/index.php\/wp-json\/wp\/v2\/tags?post=114998"}],"curies":[{"name":"wp","href":"https:\/\/api.w.org\/{rel}","templated":true}]}}